{"id":227399,"date":"2025-07-05T05:40:31","date_gmt":"2025-07-05T05:40:31","guid":{"rendered":"https:\/\/www.europesays.com\/fr\/227399\/"},"modified":"2025-07-05T05:40:31","modified_gmt":"2025-07-05T05:40:31","slug":"le-consulat-americain-a-rennes-fete-ses-25-ans-et-se-projette-vers-2026-2","status":"publish","type":"post","link":"https:\/\/www.europesays.com\/fr\/227399\/","title":{"rendered":"Le consulat am\u00e9ricain \u00e0 Rennes f\u00eate ses 25\u00a0ans et se projette vers 2026"},"content":{"rendered":"<p>\u00c0 la veille du 4-Juillet, f\u00eate de l\u2019Ind\u00e9pendance aux \u00c9tats-Unis, l\u2019\u00e9quivalent de notre F\u00eate nationale, la consule Emily Cintora a r\u00e9uni jeudi 3\u00a0juillet 2025, \u00e0 Saint-Gr\u00e9goire (Ille-et-Vilaine) des partenaires du consulat am\u00e9ricain pour le grand Ouest. L\u2019occasion de c\u00e9l\u00e9brer aussi les 25\u00a0ans de cette repr\u00e9sentation diplomatique dont le si\u00e8ge est \u00e0 Rennes (sa circonscription comprend la Bretagne mais aussi la Normandie et les Pays de la Loire). <strong>\u00ab\u00a0L\u2019ann\u00e9e prochaine, en 2026 les \u00c9tats-Unis franchiront une grande \u00e9tape avec les 250\u00a0ans de leur fondation\u00a0\u00bb<\/strong>, rappelle Emily Cintora, consule depuis bient\u00f4t une ann\u00e9e.<\/p>\n<p>Le r\u00e9seau diplomatique am\u00e9ricain victime des coupes budg\u00e9taires de Trump\u00a0?<\/p>\n<p>Des projets d\u00e9j\u00e0 \u00e0 l\u2019agenda \u00e0 Rennes et dans l\u2019Ouest\u00a0? <strong>\u00ab\u00a0Il y a des id\u00e9es mais rien n\u2019est encore d\u00e9fini, c\u2019est trop t\u00f4t\u00a0\u00bb<\/strong>, conc\u00e8de la diplomate. Qu\u2019en est-il des \u00e9ventuelles cons\u00e9quences des importantes \u00e9conomies budg\u00e9taires voulues par l\u2019administration Trump\u00a0? Au d\u00e9but du printemps, <a href=\"https:\/\/rennes.maville.com\/actu\/actudet_-a-rennes-le-consulat-americain-du-grand-ouest-est-il-menace-de-fermeture-_7-6701151_actu.Htm\" target=\"_blank\" rel=\"noopener\">des m\u00e9dias am\u00e9ricains craignaient la r\u00e9duction du r\u00e9seau diplomatique am\u00e9ricain \u00e0 travers le monde, pour faire des \u00e9conomies<\/a>. <strong>\u00ab\u00a0Le D\u00e9partement d\u2019\u00c9tat se r\u00e9organise. Le travail se poursuit\u00a0\u00bb<\/strong>, conc\u00e8de la consule sans \u00e9mettre d\u2019autres hypoth\u00e8ses quant \u00e0 la pr\u00e9sence am\u00e9ricaine \u00e0 Rennes.<\/p>\n<p>L\u2019\u00e9quipe du consulat poursuit donc son travail de rayonnement sur le terrain.<\/p>\n<p>\u00a0<\/p>\n","protected":false},"excerpt":{"rendered":"\u00c0 la veille du 4-Juillet, f\u00eate de l\u2019Ind\u00e9pendance aux \u00c9tats-Unis, l\u2019\u00e9quivalent de notre F\u00eate nationale, la consule Emily&hellip;\n","protected":false},"author":2,"featured_media":226816,"comment_status":"","ping_status":"","sticky":false,"template":"","format":"standard","meta":{"footnotes":""},"categories":[2821],"tags":[5734,13204,1111,11,7204,1764,829,16639,1777,674,4768,1011,27,1781,12,22568,584,25],"class_list":{"0":"post-227399","1":"post","2":"type-post","3":"status-publish","4":"format-standard","5":"has-post-thumbnail","7":"category-rennes","8":"tag-5734","9":"tag-13204","10":"tag-actu","11":"tag-actualites","12":"tag-americain","13":"tag-ans","14":"tag-bretagne","15":"tag-consulat","16":"tag-eu","17":"tag-europe","18":"tag-fete","19":"tag-fr","20":"tag-france","21":"tag-lorient","22":"tag-news","23":"tag-projette","24":"tag-rennes","25":"tag-republique-francaise"},"share_on_mastodon":{"url":"https:\/\/pubeurope.com\/@fr\/114799026119034306","error":""},"_links":{"self":[{"href":"https:\/\/www.europesays.com\/fr\/wp-json\/wp\/v2\/posts\/227399","targetHints":{"allow":["GET"]}}],"collection":[{"href":"https:\/\/www.europesays.com\/fr\/wp-json\/wp\/v2\/posts"}],"about":[{"href":"https:\/\/www.europesays.com\/fr\/wp-json\/wp\/v2\/types\/post"}],"author":[{"embeddable":true,"href":"https:\/\/www.europesays.com\/fr\/wp-json\/wp\/v2\/users\/2"}],"replies":[{"embeddable":true,"href":"https:\/\/www.europesays.com\/fr\/wp-json\/wp\/v2\/comments?post=227399"}],"version-history":[{"count":0,"href":"https:\/\/www.europesays.com\/fr\/wp-json\/wp\/v2\/posts\/227399\/revisions"}],"wp:featuredmedia":[{"embeddable":true,"href":"https:\/\/www.europesays.com\/fr\/wp-json\/wp\/v2\/media\/226816"}],"wp:attachment":[{"href":"https:\/\/www.europesays.com\/fr\/wp-json\/wp\/v2\/media?parent=227399"}],"wp:term":[{"taxonomy":"category","embeddable":true,"href":"https:\/\/www.europesays.com\/fr\/wp-json\/wp\/v2\/categories?post=227399"},{"taxonomy":"post_tag","embeddable":true,"href":"https:\/\/www.europesays.com\/fr\/wp-json\/wp\/v2\/tags?post=227399"}],"curies":[{"name":"wp","href":"https:\/\/api.w.org\/{rel}","templated":true}]}}