{"id":227400,"date":"2025-07-05T05:41:08","date_gmt":"2025-07-05T05:41:08","guid":{"rendered":"https:\/\/www.europesays.com\/fr\/227400\/"},"modified":"2025-07-05T05:41:08","modified_gmt":"2025-07-05T05:41:08","slug":"strasbourg-ces-parkings-sont-desormais-gratuits-les-samedis-a-une-condition-voici-laquelle","status":"publish","type":"post","link":"https:\/\/www.europesays.com\/fr\/227400\/","title":{"rendered":"Strasbourg. Ces parkings sont d\u00e9sormais gratuits les samedis \u00e0 une condition : voici laquelle"},"content":{"rendered":"<p>            Par<br \/>\n        <strong><br \/>\n            <a href=\"https:\/\/actu.fr\/auteur\/olivia-kouassi\" title=\"Consulter tous les articles de Olivia Kouassi\" target=\"_blank\" rel=\"noopener\">Olivia Kouassi<\/a><br \/>\n        <\/strong><\/p>\n<p>        Publi\u00e9 le<\/p>\n<p>            5 juil. 2025 \u00e0 7h10        <\/p>\n<p>Exit le billet de tram \u00e0 4,20\u00a0euros. Depuis samedi 28\u00a0juin, les <strong>parkings relais<\/strong> de <strong>Strasbourg<\/strong> (<a href=\"https:\/\/actu.fr\/strasbourg\/\" target=\"_blank\" rel=\"noopener\">Bas-Rhin<\/a>) sont<strong> gratuits tous les samedis<\/strong>. Seule <strong>condition<\/strong> pour b\u00e9n\u00e9ficier de cette mesure\u2009: <strong>d\u00e9penser de l\u2019argent<\/strong> dans les commerces de la ville.<\/p>\n<p>Une gratuit\u00e9 hebdomadaire jusqu\u2019au 15\u00a0novembre<\/p>\n<p class=\" wall-content\">Pour profiter de cette offre de parking +\u00a0tram\/bus gratuits, il vous suffit de pr\u00e9senter une preuve d\u2019achat <strong>d\u2019un montant minimal de 20 euros dans un commerce du centre-ville<\/strong>.\u00a0<\/p>\n<p class=\" wall-content\">Les achats peuvent \u00eatre effectu\u00e9s dans n\u2019importe quel commerce du centre de Strasbourg et peuvent \u00eatre <strong>cumul\u00e9s<\/strong>. Pour en b\u00e9n\u00e9ficier, il suffit de pr\u00e9senter vos preuves d\u2019achat du jour pour r\u00e9cup\u00e9rer une contremarque dans l\u2019un des accueils du centre commercial Place des Halles (accueil au 1er \u00e9tage, de 9\u2009h \u00e0 20\u2009h), aux Galeries Lafayette (accueil du rez-de-chauss\u00e9e, de 10\u2009h \u00e0 20\u2009h\u200930) ou encore \u00e0 l\u2019Office de Tourisme, place de la Cath\u00e9drale, de 9\u2009h \u00e0 19\u2009h. De retour au parking relais, pr\u00e9sentez votre contremarque \u00e0 la caisse automatique et votre stationnement vous sera offert. Les 11 parkings relais de l\u2019Eurom\u00e9tropole sont concern\u00e9s.<\/p>\n<p class=\" wall-content\">Suivez toute l\u2019actualit\u00e9 de vos villes et m\u00e9dias favoris en vous inscrivant \u00e0 <a href=\"https:\/\/moncompte.actu.fr\" title=\"D\u00e9couvez Mon Actu\" rel=\"nofollow noopener\" data-trk=\"{&quot;cta&quot;:{&quot;action&quot;:&quot;https:\\\/\\\/moncompte.actu.fr&quot;,&quot;category&quot;:&quot;mon compte&quot;,&quot;from&quot;:&quot;article footer&quot;,&quot;name&quot;:&quot;Mon actu&quot;,&quot;type&quot;:&quot;cta&quot;}}\" target=\"_blank\">Mon Actu<\/a>.<\/p>\n","protected":false},"excerpt":{"rendered":"Par Olivia Kouassi Publi\u00e9 le 5 juil. 2025 \u00e0 7h10 Exit le billet de tram \u00e0 4,20\u00a0euros. Depuis&hellip;\n","protected":false},"author":2,"featured_media":227401,"comment_status":"","ping_status":"","sticky":false,"template":"","format":"standard","meta":{"footnotes":""},"categories":[2820],"tags":[1111,11,215,7344,1777,674,1011,27,775,12,25,104,640,2803],"class_list":{"0":"post-227400","1":"post","2":"type-post","3":"status-publish","4":"format-standard","5":"has-post-thumbnail","7":"category-strasbourg","8":"tag-actu","9":"tag-actualites","10":"tag-commerce","11":"tag-compagnie-des-transports-strasbourgeois-cts","12":"tag-eu","13":"tag-europe","14":"tag-fr","15":"tag-france","16":"tag-grand-est","17":"tag-news","18":"tag-republique-francaise","19":"tag-societe","20":"tag-strasbourg","21":"tag-transport"},"share_on_mastodon":{"url":"https:\/\/pubeurope.com\/@fr\/114799030075121822","error":""},"_links":{"self":[{"href":"https:\/\/www.europesays.com\/fr\/wp-json\/wp\/v2\/posts\/227400","targetHints":{"allow":["GET"]}}],"collection":[{"href":"https:\/\/www.europesays.com\/fr\/wp-json\/wp\/v2\/posts"}],"about":[{"href":"https:\/\/www.europesays.com\/fr\/wp-json\/wp\/v2\/types\/post"}],"author":[{"embeddable":true,"href":"https:\/\/www.europesays.com\/fr\/wp-json\/wp\/v2\/users\/2"}],"replies":[{"embeddable":true,"href":"https:\/\/www.europesays.com\/fr\/wp-json\/wp\/v2\/comments?post=227400"}],"version-history":[{"count":0,"href":"https:\/\/www.europesays.com\/fr\/wp-json\/wp\/v2\/posts\/227400\/revisions"}],"wp:featuredmedia":[{"embeddable":true,"href":"https:\/\/www.europesays.com\/fr\/wp-json\/wp\/v2\/media\/227401"}],"wp:attachment":[{"href":"https:\/\/www.europesays.com\/fr\/wp-json\/wp\/v2\/media?parent=227400"}],"wp:term":[{"taxonomy":"category","embeddable":true,"href":"https:\/\/www.europesays.com\/fr\/wp-json\/wp\/v2\/categories?post=227400"},{"taxonomy":"post_tag","embeddable":true,"href":"https:\/\/www.europesays.com\/fr\/wp-json\/wp\/v2\/tags?post=227400"}],"curies":[{"name":"wp","href":"https:\/\/api.w.org\/{rel}","templated":true}]}}