{"id":227405,"date":"2025-07-05T05:44:23","date_gmt":"2025-07-05T05:44:23","guid":{"rendered":"https:\/\/www.europesays.com\/fr\/227405\/"},"modified":"2025-07-05T05:44:23","modified_gmt":"2025-07-05T05:44:23","slug":"les-resultats-sont-tombes-tous-les-chiffres","status":"publish","type":"post","link":"https:\/\/www.europesays.com\/fr\/227405\/","title":{"rendered":"les r\u00e9sultats sont tomb\u00e9s, tous les chiffres"},"content":{"rendered":"<p>            Par<br \/>\n        <strong><br \/>\n            <a href=\"https:\/\/actu.fr\/auteur\/fabien-binacchi\" title=\"Consulter tous les articles de Fabien Binacchi\" rel=\"nofollow noopener\" target=\"_blank\">Fabien Binacchi<\/a><br \/>\n        <\/strong><\/p>\n<p>        Publi\u00e9 le<\/p>\n<p>            4 juil. 2025 \u00e0 16h36        <\/p>\n<p>\u00ab\u2009Admis, \u00e7a veut dire qu\u2019on l\u2019a\u2009?\u2009\u00bb Affirmatif. Devant les deux panneaux install\u00e9s sous le pr\u00e9au du <strong>tr\u00e8s r\u00e9put\u00e9 lyc\u00e9e Mass\u00e9na,<\/strong> le meilleur \u00e9tablissement public de <a href=\"https:\/\/actu.fr\/nice\/\" rel=\"nofollow noopener\" target=\"_blank\">Nice<\/a>, Jean-\u00c9tienne bondit comme un cabri. Il a le bac en poche. La pression retombe. Il avait un doute. En m\u00eame qui n\u2019en a pas l\u2019heure de d\u00e9couvrir ce sacro-saint r\u00e9sultat. \u00ab\u2009Enfin\u2009! Je suis content\u2009\u00bb, l\u00e2che-t-il \u00e0 actu Nice. Les ann\u00e9es lyc\u00e9es, c\u2019est fini pour lui. Et maintenant\u2009? Chaque chose en son temps.<strong> \u00ab\u2009On va aller manger \u00e0 Chicken street tranquillement\u2009\u00bb<\/strong>, souffle le jeune homme, bien d\u00e9cid\u00e9 \u00e0 profiter de l\u2019offre propos\u00e9e par le fast-food aux nouveaux bacheliers. Lui et ses amis font partie des 85,6\u2009% des candidats inscrits dans les Alpes-Maritimes \u00e0 avoir \u00e9t\u00e9 re\u00e7us. Voici tous les chiffres dans le d\u00e9partement.<\/p>\n<p>Le grand frisson<\/p>\n<p class=\" wall-content\">13h pile ce vendredi 4\u00a0juillet 2025. La foule est un peu moins impressionnante que d\u2019habitude devant la grande porte de fer du lyc\u00e9e Mass\u00e9na (<a href=\"https:\/\/www.linternaute.com\/ville\/lycee\/nice\/ville-06088\" rel=\"nofollow noopener\" target=\"_blank\">le meilleur \u00e9tablissement public de Nice<\/a>). Il faut dire que pour prendre connaissance des r\u00e9sultats du Bac, il n\u2019est d\u00e9sormais plus oblig\u00e9 de se d\u00e9placer. Ils sont disponibles en ligne, notamment sur <a href=\"https:\/\/examens.actu.fr\/\" rel=\"nofollow noopener\" target=\"_blank\">notre plateforme.<\/a><\/p>\n<p class=\" wall-content\"><strong>Une bonne cinquantaine d\u2019\u00e9l\u00e8ves<\/strong> ont quand m\u00eame fait le d\u00e9placement pour vivre ensemble ce grand frisson qui signe, d\u2019une certaine mani\u00e8re, le passage \u00e0 l\u2019\u00e2ge adulte.<\/p>\n<p class=\" wall-content\">\u00c0 Mass\u00e9na, pas de pleurs. <strong>Beaucoup de sourires et d\u2019embrassades.<\/strong> Le bac est un peu une formalit\u00e9. Une poign\u00e9e de lyc\u00e9ens devront encore faire leurs preuves au rattrapage, mais, \u00ab\u2009cette ann\u00e9e, nous n\u2019avons qu\u2019un seul \u00e9chec\u2009\u00bb, explique-t-on dans l\u2019encadrement. Le taux de r\u00e9ussite, de 98,9\u2009% en 2024, devrait \u00eatre sensiblement le m\u00eame cette ann\u00e9e.<\/p>\n<p>Mieux qu\u2019en 2024, mais moins bien qu\u2019en France<\/p>\n<p class=\" wall-content\">Un r\u00e9sultat bien au-dessus de la moyenne d\u00e9partementale.<\/p>\n<p class=\" wall-content\">Selon les chiffres officiels communiqu\u00e9s ce vendredi 4\u00a0juillet par l\u2019acad\u00e9mie de Nice, le taux d\u2019admis au baccalaur\u00e9at g\u00e9n\u00e9ral, \u00e0 l\u2019issue du premier groupe d\u2019\u00e9preuves (sans compter ceux qui pourront se rajouter avec le rattrapage), est de <strong>90,2\u2009% dans l\u2019Acad\u00e9mie,<\/strong> qui englobe \u00e9galement le d\u00e9partement du Var. Soit 573 candidats de plus qu\u2019en 2024. Mais aussi moins bien que la moyenne fran\u00e7aise, \u00e9tablit \u00e0 91,1\u2009% selon le minist\u00e8re.<\/p>\n<ul class=\" wall-content\">\n<li>Le taux d\u2019admis \u00e0 l\u2019issue du premier groupe d\u2019\u00e9preuves du baccalaur\u00e9at technologique est de 80\u2009% dans l\u2019Acad\u00e9mie (79,3\u2009% pour le national).<\/li>\n<li>Celui du baccalaur\u00e9at professionnel atteint 80,9\u2009% (79,7\u2009% pour le national).<\/li>\n<\/ul>\n<p class=\" wall-content\">Dans l\u2019ensemble des fili\u00e8res,<strong> 9\u2009971 candidats des Alpes-Maritimes ont \u00e9t\u00e9 d\u00e9j\u00e0 re\u00e7us<\/strong> sur 11\u2009833 inscrits, soit un taux de r\u00e9ussite (temporaire) de 85,6\u2009%. Les lyc\u00e9ens qui vont devoir se replonger dans les r\u00e9visions pour le rattrapage seront fix\u00e9s le 10\u00a0juillet.<\/p>\n<p>\u00ab\u2009On a eu mention Bien\u2009\u00bb<\/p>\n<p class=\" wall-content\">\u00c0 Mass\u00e9na, ils ne seront qu\u2019une poign\u00e9e dans ce cas.<\/p>\n<p class=\" wall-content\">Dont Carla, 18\u00a0ans, ne fera pas partie. S\u00fbre d\u2019elle, elle explique sans ciller \u00e0 actu Nice\u2009: \u00ab\u2009On n\u2019avait pas trop de doute. Ici, on a tous le Bac\u2009\u00bb. Ou presque. \u00ab\u2009On a eu mention Bien toutes les deux et <strong>c\u2019est ce qu\u2019on visait<\/strong>\u2009\u00bb, compl\u00e8te sa copine Julia.<\/p>\n<p class=\" wall-content\">\u00c0 l\u2019\u00e9chelle du d\u00e9partement,<strong> 155 autres candidats<\/strong> au baccalaur\u00e9at g\u00e9n\u00e9ral l\u2019ont obtenu avec une mention \u00ab\u2009Tr\u00e8s Bien avec f\u00e9licitations du jury\u2009\u00bb. <strong>854<\/strong> doivent se \u00ab\u2009contenter\u2009\u00bb de la mention \u00ab\u2009Tr\u00e8s Bien\u2009\u00bb, selon les donn\u00e9es du rectorat.<\/p>\n<p>Et maintenant\u2009: vacances\u2009!<\/p>\n<p class=\" wall-content\">Au total, dans l\u2019acad\u00e9mie, il y a 267 mentions \u00ab\u2009Tr\u00e8s Bien avec f\u00e9licitations du jury\u2009\u00bb pour\u2009:<\/p>\n<ul class=\" wall-content\">\n<li>243 candidats au baccalaur\u00e9at g\u00e9n\u00e9ral (155 dans les Alpes-Maritimes, 88 dans le Var)<\/li>\n<li>3 candidats au baccalaur\u00e9at technologique (2 et 1)<\/li>\n<li>21 candidats au baccalaur\u00e9at professionnel (8 et 13)<\/li>\n<\/ul>\n<p class=\" wall-content\">1\u2009749 autres bacheliers ont d\u00e9croch\u00e9 la mention \u00ab\u2009Tr\u00e8s Bien\u2009\u00bb parmi lesquels\u2009:<\/p>\n<ul class=\" wall-content\">\n<li>1\u2009400 pour le baccalaur\u00e9at g\u00e9n\u00e9ral (854 dans les Alpes-Maritimes, 546 dans le Var)<\/li>\n<li>115 pour le baccalaur\u00e9at technologique (61 et 54)<\/li>\n<li>234 pour le baccalaur\u00e9at professionnel (111 et 123)<\/li>\n<\/ul>\n<p class=\" wall-content\">Jean-\u00c9tienne, lui, craignait de devoir passer au rattrapage. Alors \u00eatre juste admis lui va tr\u00e8s bien. \u00ab\u2009Moi, je n\u2019ai pas de mention, mais<strong> le bac, c\u2019est le plus important<\/strong>.\u2009\u00bb Et d\u00e8s \u00e0 pr\u00e9sent\u2009: vacances\u2009! \u00c0 la rentr\u00e9e, qui lui semble loin, ce sera un BTS Management commercial op\u00e9rationnel (MCO) en alternance. Carla et Julia, elles, fileront en Business School.<\/p>\n<p class=\" wall-content\">Suivez toute l\u2019actualit\u00e9 de vos villes et m\u00e9dias favoris en vous inscrivant \u00e0 <a href=\"https:\/\/moncompte.actu.fr\" title=\"D\u00e9couvez Mon Actu\" rel=\"nofollow noopener\" data-trk=\"{&quot;cta&quot;:{&quot;action&quot;:&quot;https:\\\/\\\/moncompte.actu.fr&quot;,&quot;category&quot;:&quot;mon compte&quot;,&quot;from&quot;:&quot;article footer&quot;,&quot;name&quot;:&quot;Mon actu&quot;,&quot;type&quot;:&quot;cta&quot;}}\" target=\"_blank\">Mon Actu<\/a>.<\/p>\n","protected":false},"excerpt":{"rendered":"Par Fabien Binacchi Publi\u00e9 le 4 juil. 2025 \u00e0 16h36 \u00ab\u2009Admis, \u00e7a veut dire qu\u2019on l\u2019a\u2009?\u2009\u00bb Affirmatif. Devant&hellip;\n","protected":false},"author":2,"featured_media":227406,"comment_status":"","ping_status":"","sticky":false,"template":"","format":"standard","meta":{"footnotes":""},"categories":[2819],"tags":[1111,11,3867,1057,1777,674,1011,27,12,2401,882,25,104],"class_list":{"0":"post-227405","1":"post","2":"type-post","3":"status-publish","4":"format-standard","5":"has-post-thumbnail","7":"category-nice","8":"tag-actu","9":"tag-actualites","10":"tag-baccalaureat","11":"tag-education","12":"tag-eu","13":"tag-europe","14":"tag-fr","15":"tag-france","16":"tag-news","17":"tag-nice","18":"tag-provence-alpes-cote-dazur","19":"tag-republique-francaise","20":"tag-societe"},"share_on_mastodon":{"url":"https:\/\/pubeurope.com\/@fr\/114799041751783848","error":""},"_links":{"self":[{"href":"https:\/\/www.europesays.com\/fr\/wp-json\/wp\/v2\/posts\/227405","targetHints":{"allow":["GET"]}}],"collection":[{"href":"https:\/\/www.europesays.com\/fr\/wp-json\/wp\/v2\/posts"}],"about":[{"href":"https:\/\/www.europesays.com\/fr\/wp-json\/wp\/v2\/types\/post"}],"author":[{"embeddable":true,"href":"https:\/\/www.europesays.com\/fr\/wp-json\/wp\/v2\/users\/2"}],"replies":[{"embeddable":true,"href":"https:\/\/www.europesays.com\/fr\/wp-json\/wp\/v2\/comments?post=227405"}],"version-history":[{"count":0,"href":"https:\/\/www.europesays.com\/fr\/wp-json\/wp\/v2\/posts\/227405\/revisions"}],"wp:featuredmedia":[{"embeddable":true,"href":"https:\/\/www.europesays.com\/fr\/wp-json\/wp\/v2\/media\/227406"}],"wp:attachment":[{"href":"https:\/\/www.europesays.com\/fr\/wp-json\/wp\/v2\/media?parent=227405"}],"wp:term":[{"taxonomy":"category","embeddable":true,"href":"https:\/\/www.europesays.com\/fr\/wp-json\/wp\/v2\/categories?post=227405"},{"taxonomy":"post_tag","embeddable":true,"href":"https:\/\/www.europesays.com\/fr\/wp-json\/wp\/v2\/tags?post=227405"}],"curies":[{"name":"wp","href":"https:\/\/api.w.org\/{rel}","templated":true}]}}