{"id":227415,"date":"2025-07-05T05:50:13","date_gmt":"2025-07-05T05:50:13","guid":{"rendered":"https:\/\/www.europesays.com\/fr\/227415\/"},"modified":"2025-07-05T05:50:13","modified_gmt":"2025-07-05T05:50:13","slug":"toulouse-un-bar-a-cordons-bleus-facon-street-food-va-ouvrir-en-centre-ville","status":"publish","type":"post","link":"https:\/\/www.europesays.com\/fr\/227415\/","title":{"rendered":"Toulouse. Un bar \u00e0 cordons-bleus, fa\u00e7on street-food, va ouvrir en centre-ville"},"content":{"rendered":"<p>            Par<br \/>\n        <strong><br \/>\n            <a href=\"https:\/\/actu.fr\/auteur\/lucie-2\" title=\"Consulter tous les articles de Lucie Fraisse\" target=\"_blank\" rel=\"noopener\">Lucie Fraisse<\/a><br \/>\n        <\/strong><\/p>\n<p>        Publi\u00e9 le<\/p>\n<p>            5 juil. 2025 \u00e0 7h42        <\/p>\n<p>Un tout nouveau concept va d\u00e9barquer <strong>\u00e0 Toulouse<\/strong> : d\u2019ici la fin du mois de juillet, le premier <a href=\"https:\/\/actu.fr\/occitanie\/toulouse_31555\/toulouse-une-nouvelle-enseigne-de-cordons-bleus-street-food-debarque-bientot-en-centre-ville_61794695.html\" target=\"_blank\" rel=\"noopener\">bar \u00e0 cordons-bleus de la Ville rose<\/a> doit ouvrir au niveau de la rue du Taur, \u00e0 deux pas de <a href=\"https:\/\/actu.fr\/occitanie\/toulouse_31555\/toulouse-la-place-du-capitole-pourrait-etre-elue-monument-prefere-des-francais-comment-voter_62862713.html\" target=\"_blank\" rel=\"noopener\">la place du Capitole<\/a>.\u00a0<\/p>\n<p>Un concept n\u00e9 \u00e0 Paris, imagin\u00e9 par un Toulousain\u00a0<\/p>\n<p class=\" wall-content\">Amon\u00e9 -c\u2019est le nom de ce futur \u00e9tablissement- compte d\u00e9j\u00e0 deux <a href=\"https:\/\/actu.fr\/ile-de-france\/paris_75056\/un-bar-a-cordon-bleu-a-ouvert-ses-portes-a-paris_57114644.html\" target=\"_blank\" rel=\"noopener\">bars \u00e0 cordons-bleus \u00e0 Paris<\/a>. Le concept a \u00e9t\u00e9 imagin\u00e9 par <strong>Guillaume Verlet<\/strong>, un Toulousain d\u2019origine. C\u2019est dans la cuisine de sa grand-m\u00e8re \u00e0 <a href=\"https:\/\/actu.fr\/occitanie\/castanet-tolosan_31113\" target=\"_blank\" rel=\"noopener\">Castanet-Tolosan<\/a> qu\u2019il a d\u00e9couvert les cordons-bleus.<\/p>\n<p class=\" wall-content\">De cette madeleine de Proust est n\u00e9 le concept d\u2019Amon\u00e9. Soit des restaurants qui revisitent le plat sous forme de gros b\u00e2tonnets, loin des cordons-bleus traditionnels compos\u00e9s d\u2019une escalope roul\u00e9e autour de fromage et jambon, avant d\u2019\u00eatre pan\u00e9e.\u00a0<\/p>\n<p>Consommation nomade<\/p>\n<p class=\" wall-content\">\u00ab\u00a0Ce que je voulais, c\u2019est un cordon-bleu fait \u00e0 partir de produits de qualit\u00e9, \u00e0 un prix raisonnable, et avec une forme travaill\u00e9e pour permettre une consommation nomade\u2009\u00bb, expliquait Guillaume Verlet \u00e0 Actu Toulouse, <a href=\"https:\/\/actu.fr\/occitanie\/toulouse_31555\/toulouse-une-nouvelle-enseigne-de-cordons-bleus-street-food-debarque-bientot-en-centre-ville_61794695.html\" target=\"_blank\" rel=\"noopener\">en novembre dernier<\/a>.<\/p>\n<p>Vid\u00e9os : en ce moment sur Actu<br \/>\n    <img   decoding=\"async\" loading=\"lazy\" src=\"https:\/\/www.europesays.com\/fr\/wp-content\/uploads\/2025\/07\/amone-toulouse-cordon-bleu-ml-960x640.jpg\" alt=\"Le restaurant va ouvrir au 36 de la rue du Taur, \u00e0 Toulouse.\" width=\"960\" height=\"640\"\/><br \/>\n    Le restaurant va ouvrir au 36 de la rue du Taur, \u00e0 Toulouse. (\u00a9actu.fr\/ Mar\u00e9va Laville)<\/p>\n<p class=\" wall-content\">\u00c0 Toulouse, ce sont les franchis\u00e9s Vincent et Jordan Perez qui vont lancer Amon\u00e9 dans un \u00e9tablissement de 35 m\u00b2 avec une dizaine de tables \u00e0 l\u2019int\u00e9rieur et une terrasse.<\/p>\n<p>Quatre recettes<\/p>\n<p class=\" wall-content\">Le cordon-bleu sera d\u00e9clin\u00e9<strong> en quatre recettes<\/strong>. Le \u00ab\u00a0G\u00e9rard\u00a0\u00bb, cordon-bleu classique ; le \u00ab\u00a0Babette\u00a0\u00bb qui marie filet de poulet et b\u0153uf s\u00e9ch\u00e9 ; le \u00ab\u00a0Brigitte\u00a0\u00bb version v\u00e9g\u00e9tarienne et le \u00ab\u00a0Saison\u00a0\u00bb qui rend hommage aux saveurs du Sud-Ouest.<\/p>\n<p class=\" wall-content\">Une nouvelle recette sera propos\u00e9e \u00e0 chaque d\u00e9but de saison.<\/p>\n<p>    <a href=\"https:\/\/www.google.com\/maps\/embed?pb=!1m18!1m12!1m3!1d4781.165948285195!2d1.4400529773040636!3d43.60627215546302!2m3!1f0!2f0!3f0!3m2!1i1024!2i768!4f13.1!3m3!1m2!1s0x12aebb61cf5f7107%3A0xae7545836194f193!2s36%20Rue%20du%20Taur%2C%2031000%20Toulouse!5e1!3m2!1sfr!2sfr!4v1751622784712!5m2!1sfr!2sfr\" title=\"Ouvrie le lien\" target=\"_blank\" rel=\"noopener\">Cliquez ici pour visualiser le contenu<\/a><\/p>\n<p><strong>Infos pratiques :<\/strong><br \/><a href=\"https:\/\/restaurants-amone.com\/\" target=\"_blank\" rel=\"noopener\">Amon\u00e9<\/a>, 36 rue du Taur. Ouverture courant juillet.\u00a0<\/p>\n<p class=\" wall-content\">Suivez toute l\u2019actualit\u00e9 de vos villes et m\u00e9dias favoris en vous inscrivant \u00e0 <a href=\"https:\/\/moncompte.actu.fr\" title=\"D\u00e9couvez Mon Actu\" rel=\"nofollow noopener\" data-trk=\"{&quot;cta&quot;:{&quot;action&quot;:&quot;https:\\\/\\\/moncompte.actu.fr&quot;,&quot;category&quot;:&quot;mon compte&quot;,&quot;from&quot;:&quot;article footer&quot;,&quot;name&quot;:&quot;Mon actu&quot;,&quot;type&quot;:&quot;cta&quot;}}\" target=\"_blank\">Mon Actu<\/a>.<\/p>\n<ul class=\"ac-article-tag wall-content\">\n<li><a href=\"https:\/\/actu.fr\/tag\/restaurants-de-toulouse\" data-trk=\"{&quot;cta&quot;:{&quot;action&quot;:&quot;Restaurants de Toulouse&quot;,&quot;category&quot;:&quot;tag&quot;,&quot;from&quot;:&quot;article footer&quot;,&quot;name&quot;:&quot;Restaurants de Toulouse&quot;,&quot;type&quot;:&quot;cta&quot;}}\" target=\"_blank\" rel=\"noopener\">#Restaurants de Toulouse<\/a><\/li>\n<li><a href=\"https:\/\/actu.fr\/tag\/sortir-a-toulouse\" data-trk=\"{&quot;cta&quot;:{&quot;action&quot;:&quot;Sortir \\u00e0 Toulouse&quot;,&quot;category&quot;:&quot;tag&quot;,&quot;from&quot;:&quot;article footer&quot;,&quot;name&quot;:&quot;Sortir \\u00e0 Toulouse&quot;,&quot;type&quot;:&quot;cta&quot;}}\" target=\"_blank\" rel=\"noopener\">#Sortir \u00e0 Toulouse<\/a><\/li>\n<\/ul>\n","protected":false},"excerpt":{"rendered":"Par Lucie Fraisse Publi\u00e9 le 5 juil. 2025 \u00e0 7h42 Un tout nouveau concept va d\u00e9barquer \u00e0 Toulouse&hellip;\n","protected":false},"author":2,"featured_media":227416,"comment_status":"","ping_status":"","sticky":false,"template":"","format":"standard","meta":{"footnotes":""},"categories":[2816],"tags":[1111,11,1777,674,1011,27,1652,12,2680,25,2850,1341,2312],"class_list":{"0":"post-227415","1":"post","2":"type-post","3":"status-publish","4":"format-standard","5":"has-post-thumbnail","7":"category-toulouse","8":"tag-actu","9":"tag-actualites","10":"tag-eu","11":"tag-europe","12":"tag-fr","13":"tag-france","14":"tag-loisirs-culture","15":"tag-news","16":"tag-occitanie","17":"tag-republique-francaise","18":"tag-restaurants-de-toulouse","19":"tag-sortir-a-toulouse","20":"tag-toulouse"},"share_on_mastodon":{"url":"https:\/\/pubeurope.com\/@fr\/114799065416929146","error":""},"_links":{"self":[{"href":"https:\/\/www.europesays.com\/fr\/wp-json\/wp\/v2\/posts\/227415","targetHints":{"allow":["GET"]}}],"collection":[{"href":"https:\/\/www.europesays.com\/fr\/wp-json\/wp\/v2\/posts"}],"about":[{"href":"https:\/\/www.europesays.com\/fr\/wp-json\/wp\/v2\/types\/post"}],"author":[{"embeddable":true,"href":"https:\/\/www.europesays.com\/fr\/wp-json\/wp\/v2\/users\/2"}],"replies":[{"embeddable":true,"href":"https:\/\/www.europesays.com\/fr\/wp-json\/wp\/v2\/comments?post=227415"}],"version-history":[{"count":0,"href":"https:\/\/www.europesays.com\/fr\/wp-json\/wp\/v2\/posts\/227415\/revisions"}],"wp:featuredmedia":[{"embeddable":true,"href":"https:\/\/www.europesays.com\/fr\/wp-json\/wp\/v2\/media\/227416"}],"wp:attachment":[{"href":"https:\/\/www.europesays.com\/fr\/wp-json\/wp\/v2\/media?parent=227415"}],"wp:term":[{"taxonomy":"category","embeddable":true,"href":"https:\/\/www.europesays.com\/fr\/wp-json\/wp\/v2\/categories?post=227415"},{"taxonomy":"post_tag","embeddable":true,"href":"https:\/\/www.europesays.com\/fr\/wp-json\/wp\/v2\/tags?post=227415"}],"curies":[{"name":"wp","href":"https:\/\/api.w.org\/{rel}","templated":true}]}}