{"id":227417,"date":"2025-07-05T05:52:20","date_gmt":"2025-07-05T05:52:20","guid":{"rendered":"https:\/\/www.europesays.com\/fr\/227417\/"},"modified":"2025-07-05T05:52:20","modified_gmt":"2025-07-05T05:52:20","slug":"le-parcours-et-profil-de-la-1re-etape-au-depart-de-lille-metropole","status":"publish","type":"post","link":"https:\/\/www.europesays.com\/fr\/227417\/","title":{"rendered":"Le parcours et profil de la 1re \u00e9tape au d\u00e9part de Lille M\u00e9tropole"},"content":{"rendered":"<p>Le compte-\u00e0-rebours avant le <a href=\"https:\/\/www.20minutes.fr\/sport\/cyclisme\/4118394-20241029-tour-france-2025-decouvrez-parcours-complet-etape-etape\" class=\"color-ultramarine c-link\" rel=\"nofollow noopener\" target=\"_blank\">Tour de France 2025<\/a> prend fin ce samedi midi \u00e0 Lille, avec le d\u00e9part de la Grande Boucle, \u00e0 Lille M\u00e9tropole. La victoire devrait se jouer sur le sprint final au vu du profil de l\u2019\u00e9tape. Cinq ans apr\u00e8s la victoire d\u2019Alexander Kristoff \u00e0 Nice, un sprinteur devrait \u00e0 nouveau lever les bras sur la ligne d\u2019arriv\u00e9e au pied de la Citadelle de Lille.<\/p>\n<p>\u00c0 quelle heure et sur quelle cha\u00eene voir la 1re \u00e9tape du Tour de France 2025<\/p>\n<p>La 1e \u00e9tape du Tour de France 2025 est \u00e0 suivre en direct, ce samedi 5\u00a0juillet, sur Eurosport 1 &amp; MAX et <a href=\"https:\/\/www.20minutes.fr\/television\/france_televisions\/\" class=\"color-ultramarine c-link\" rel=\"nofollow noopener\" target=\"_blank\">France T\u00e9l\u00e9visions<\/a> d\u00e8s 12h00.<\/p>\n<p>Honneur aux sprinteurs pour commencer<\/p>\n<p>Seules les c\u00f4tes de Cassel et du Mont Noir viendront donner du fil \u00e0 retordre au peloton samedi. Les baroudeurs en qu\u00eate du maillot \u00e0 poids devraient se livrer une belle bataille pour bien lancer le Tour de France et prendre l\u2019ascendant psychologique. La victoire se jouera apr\u00e8s une boucle de 185 kilom\u00e8tres autour de Lille.<\/p>\n<p>Le parcours de la 1re \u00e9tape du Tour de France 2025<img decoding=\"async\" alt=\"Le parcours de la 1re \u00e9ape du Tour de France\" class=\"c-img\" loading=\"lazy\" fetchpriority=\"auto\" width=\"718\"  src=\"https:\/\/img.20mn.fr\/7dsmnlXSQqCAbIXNAf5CcCk\/718x0\" \/>Le parcours de la 1re \u00e9ape du Tour de France\u2002-\u00a0Total-velo.comLe profil de la 1re \u00e9tape du Tour de France 2025<img decoding=\"async\" alt=\"Le profil de la 1re \u00e9tape du Tour de France 2025\" class=\"c-img\" loading=\"lazy\" fetchpriority=\"auto\" width=\"718\"  src=\"https:\/\/img.20mn.fr\/haVzYSKwSt-OQ-6WbKswGSk\/718x0\" \/>Le profil de la 1re \u00e9tape du Tour de France 2025\u2002-\u00a0Total-velo.comLes favoris de la 1re \u00e9tape du Tour de France 2025<\/p>\n<p>Tim Merlier, Jonathan Milan, Jasper Philipsen semblent les mieux arm\u00e9s pour remporter cette \u00e9tape. <a href=\"https:\/\/www.20minutes.fr\/sport\/wout-van-aert\/\" class=\"color-ultramarine c-link\" rel=\"nofollow noopener\" target=\"_blank\">Wout Van Aert<\/a>, Biniam Girmay, Jordi Meeus et Dylan Groenewegen devraient jouer les premiers r\u00f4les. Les outsiders se nomment Phil Bauhaus, Samuel Watson, Paul Penho\u00ebt, Alberto Dainese et Arnaud De Lie.<\/p>\n","protected":false},"excerpt":{"rendered":"Le compte-\u00e0-rebours avant le Tour de France 2025 prend fin ce samedi midi \u00e0 Lille, avec le d\u00e9part&hellip;\n","protected":false},"author":2,"featured_media":227418,"comment_status":"","ping_status":"","sticky":false,"template":"","format":"standard","meta":{"footnotes":""},"categories":[2815],"tags":[1111,11,207,1777,674,1011,27,811,1307,12,1308,1309,25,517,210,11698],"class_list":{"0":"post-227417","1":"post","2":"type-post","3":"status-publish","4":"format-standard","5":"has-post-thumbnail","7":"category-lille","8":"tag-actu","9":"tag-actualites","10":"tag-cyclisme","11":"tag-eu","12":"tag-europe","13":"tag-fr","14":"tag-france","15":"tag-hauts-de-france","16":"tag-lille","17":"tag-news","18":"tag-nord","19":"tag-nord-pas-de-calais","20":"tag-republique-francaise","21":"tag-sport","22":"tag-tour-de-france","23":"tag-wout-van-aert"},"share_on_mastodon":{"url":"https:\/\/pubeurope.com\/@fr\/114799073319794691","error":""},"_links":{"self":[{"href":"https:\/\/www.europesays.com\/fr\/wp-json\/wp\/v2\/posts\/227417","targetHints":{"allow":["GET"]}}],"collection":[{"href":"https:\/\/www.europesays.com\/fr\/wp-json\/wp\/v2\/posts"}],"about":[{"href":"https:\/\/www.europesays.com\/fr\/wp-json\/wp\/v2\/types\/post"}],"author":[{"embeddable":true,"href":"https:\/\/www.europesays.com\/fr\/wp-json\/wp\/v2\/users\/2"}],"replies":[{"embeddable":true,"href":"https:\/\/www.europesays.com\/fr\/wp-json\/wp\/v2\/comments?post=227417"}],"version-history":[{"count":0,"href":"https:\/\/www.europesays.com\/fr\/wp-json\/wp\/v2\/posts\/227417\/revisions"}],"wp:featuredmedia":[{"embeddable":true,"href":"https:\/\/www.europesays.com\/fr\/wp-json\/wp\/v2\/media\/227418"}],"wp:attachment":[{"href":"https:\/\/www.europesays.com\/fr\/wp-json\/wp\/v2\/media?parent=227417"}],"wp:term":[{"taxonomy":"category","embeddable":true,"href":"https:\/\/www.europesays.com\/fr\/wp-json\/wp\/v2\/categories?post=227417"},{"taxonomy":"post_tag","embeddable":true,"href":"https:\/\/www.europesays.com\/fr\/wp-json\/wp\/v2\/tags?post=227417"}],"curies":[{"name":"wp","href":"https:\/\/api.w.org\/{rel}","templated":true}]}}