{"id":227424,"date":"2025-07-05T05:56:10","date_gmt":"2025-07-05T05:56:10","guid":{"rendered":"https:\/\/www.europesays.com\/fr\/227424\/"},"modified":"2025-07-05T05:56:10","modified_gmt":"2025-07-05T05:56:10","slug":"ztl-a-lyon-commercants-habitants-et-usagers-des-tcl-agaces-on-ne-tiendra-pas","status":"publish","type":"post","link":"https:\/\/www.europesays.com\/fr\/227424\/","title":{"rendered":"ZTL \u00e0 Lyon. Commer\u00e7ants, habitants et usagers des TCL agac\u00e9s : \u00ab\u00a0On ne tiendra pas\u00a0\u00bb"},"content":{"rendered":"<p>            Par<br \/>\n        <strong><br \/>\n            <a href=\"https:\/\/actu.fr\/auteur\/julien-sournies\" title=\"Consulter tous les articles de Julien Sournies\" rel=\"nofollow noopener\" target=\"_blank\">Julien Sournies<\/a><br \/>\n        <\/strong><\/p>\n<p>        Publi\u00e9 le<\/p>\n<p>            5 juil. 2025 \u00e0 7h34        <\/p>\n<p>Les sentiments n\u00e9gatifs \u00e0 l\u2019\u00e9gard de la toute nouvelle <a href=\"https:\/\/actu.fr\/auvergne-rhone-alpes\/lyon_69123\/lyon-la-ztl-entre-officiellement-en-vigueur-en-presqu-ile-voici-tout-ce-qu-il-faut-savoir_62802052.html\" rel=\"nofollow noopener\" target=\"_blank\">Zone \u00e0 trafic limit\u00e9<\/a> fusent \u00e0 tout va. Alors qu\u2019elle est en vigueur dans la Presqu\u2019\u00eele de Lyon depuis le 21 juin dernier, la tant d\u00e9cri\u00e9e ZTL re\u00e7oit d\u00e9j\u00e0 son<strong> lot de critiques<\/strong>, tout juste deux semaines apr\u00e8s sa mise en application. <br \/>Manque de rep\u00e8res, baisse de la client\u00e8le et du chiffre d\u2019affaires, fortes nuisances sonores\u2026 Les griefs sont l\u00e9gion chez les riverains, commer\u00e7ants et usagers des <a href=\"https:\/\/actu.fr\/tag\/transports-en-commun-lyonnais-tcl\" rel=\"nofollow noopener\" target=\"_blank\">TCL<\/a> du centre-ville lyonnais, alors que la ZTL n\u2019est, pour rappel, pas encore <a href=\"https:\/\/actu.fr\/auvergne-rhone-alpes\/lyon_69123\/lyon-pourquoi-les-premieres-bornes-d-acces-a-la-ztl-sont-inactives-malgre-leur-installation_62821515.html\" rel=\"nofollow noopener\" target=\"_blank\">enti\u00e8rement effective<\/a>.<\/p>\n<p>\u00ab\u00a0\u00c7a fait un quand m\u00eame un sacr\u00e9 d\u00e9tour\u00a0\u00bb<\/p>\n<p class=\" wall-content\">Compl\u00e8tement d\u00e9sorient\u00e9e devant l\u2019ancien arr\u00eat de bus Rue de la R\u00e9publique, situ\u00e9 sur la rue \u00e9ponyme, Sylvie a du mal \u00e0 s\u2019y retrouver. Alors que la rue de la R\u00e9publique est devenue enti\u00e8rement pi\u00e9tonne, cette fid\u00e8le usag\u00e8re du bus doit d\u00e9sormais revoir ses d\u00e9placements.<\/p>\n<p class=\" wall-content\">\u00ab\u00a0Je prenais souvent le C14 pour m\u2019arr\u00eater \u00e0 l\u2019arr\u00eat H\u00f4tel de Ville, mais \u00e7a m\u2019est dor\u00e9navant impossible. Maintenant, on est oblig\u00e9s de s\u2019arr\u00eater \u00e0 Cordeliers et pour se rendre \u00e0 l\u2019H\u00f4tel de Ville, il faut marcher. Sauf que moi, j\u2019ai des <strong>probl\u00e8mes de mobilit\u00e9<\/strong>, \u00e7a ne m\u2019arrange pas\u00a0\u00bb, s\u2019agace-t-elle.<\/p>\n<p>    <img   decoding=\"async\" loading=\"lazy\" src=\"https:\/\/www.europesays.com\/fr\/wp-content\/uploads\/2025\/07\/rue-de-la-republique-lyon-960x640.jpg\" alt=\"La rue de la R\u00e9publique, en Presqu'\u00eele de Lyon, est enti\u00e8rement pi\u00e9tonnis\u00e9e depuis l'entr\u00e9e en vigueur de la ZTL.\" width=\"960\" height=\"640\"\/><br \/>\n    La rue de la R\u00e9publique, en Presqu\u2019\u00eele de Lyon, est int\u00e9gralement pi\u00e9tonnis\u00e9e depuis l\u2019entr\u00e9e en vigueur de la ZTL. Les bus ne peuvent donc plus y circuler. (\u00a9Julien Sournies \/ actu Lyon)<\/p>\n<p class=\" wall-content\">Du c\u00f4t\u00e9 de Candice, le son de cloche est identique. Cette habitante de la Croix-Rousse indique n\u2019y voir, pour le moment, \u00ab\u00a0que du n\u00e9gatif dans cette ZTL. Je prends fr\u00e9quemment le C13 et le C18, et depuis la fermeture de la rue de la R\u00e9publique, on ne s\u2019y retrouve plus. Le temps de trajet est vachement <strong>rallong\u00e9<\/strong>\u00ab\u00a0.<\/p>\n<blockquote class=\"ac-article-quote wall-content\">\n<p>Avant, on pouvait prendre les deux lignes de bus \u00e0 la sortie du m\u00e9tro \u00e0 H\u00f4tel de Ville. Maintenant, il faut venir \u00e0 Cordeliers et on est oblig\u00e9s de circuler sur les quais de Sa\u00f4ne, \u00e7a fait quand m\u00eame un sacr\u00e9 d\u00e9tour pour rentrer \u00e0 la Croix-Rousse.<\/p>\n<p>    <strong>Candice<\/strong><br \/>\n        Habitante de la Croix-Rousse    <\/p><\/blockquote>\n<p>\u00ab\u00a0Si la M\u00e9tropole ne nous donne pas un peu de sous, on ne tiendra pas\u00a0\u00bb<\/p>\n<p class=\" wall-content\">Chez les commer\u00e7ants, la joie n\u2019est \u00e9galement pas au rendez-vous. Alors qu\u2019ils sont nombreux \u00e0 avoir constat\u00e9 une <strong>baisse de la client\u00e8le<\/strong> depuis le d\u00e9marrage de certains <a href=\"https:\/\/actu.fr\/auvergne-rhone-alpes\/lyon_69123\/lyon-de-nouveaux-travaux-sur-la-presqu-ile-pour-2025-voici-les-rues-transformees_62283563.html\" rel=\"nofollow noopener\" target=\"_blank\">chantiers d\u2019am\u00e9nagement dans les rues<\/a> de la Presqu\u2019\u00eele ces derniers mois, la ZTL a \u00e9t\u00e9 le \u00ab\u00a0coup de gr\u00e2ce\u00a0\u00bb pour Fran\u00e7oise V\u00e9rot, commer\u00e7ante de la <a href=\"https:\/\/actu.fr\/auvergne-rhone-alpes\/lyon_69123\/lyon-cette-rue-est-en-travaux-depuis-un-an-le-cauchemar-des-uns-l-espoir-des-autres_62607039.html\" rel=\"nofollow noopener\" target=\"_blank\">rue Grenette<\/a>.\u00a0<\/p>\n<p class=\" wall-content\">\u00ab\u00a0On avait d\u00e9j\u00e0 des pertes \u00e0 hauteur de 30% les mois pr\u00e9c\u00e9dents, mais l\u00e0 depuis juin avec la mise en place de la ZTL, on est tomb\u00e9 \u00e0 50%. Et ce qui est s\u00fbr, c\u2019est que si la M\u00e9tropole ne nous donne pas un peu de sous, <strong>on ne tiendra pas<\/strong>\u00ab\u00a0, s\u2019exasp\u00e8re-t-elle, derri\u00e8re la caisse de sa charcuterie.<\/p>\n<p>    <img   decoding=\"async\" loading=\"lazy\" src=\"https:\/\/www.europesays.com\/fr\/wp-content\/uploads\/2025\/07\/francoise-960x640.jpg\" alt=\"Fran\u00e7oise Verot, commer\u00e7ante de la rue Grenette, voit son commerce fortement impact\u00e9 par la ZTL en Presqu'\u00eele de Lyon.\" width=\"960\" height=\"640\"\/><br \/>\n    Fran\u00e7oise Verot, commer\u00e7ante de la rue Grenette, voit son commerce fortement impact\u00e9 par la ZTL en Presqu\u2019\u00eele de Lyon. (\u00a9Julien Sournies \/ actu Lyon)<\/p>\n<blockquote class=\"ac-article-quote wall-content\">\n<p>Maintenant, quand les gens sortent du m\u00e9tro, ils viennent nous demander leur chemin, mais en attendant, ils n&rsquo;ach\u00e8tent pas.<\/p>\n<p>    <strong>Fran\u00e7oise Verot<\/strong><br \/>\n        Commer\u00e7ante de la rue Grenette, membre du collectif Les D\u00e9fenseurs de Lyon    <\/p><\/blockquote>\n<p class=\" wall-content\">Du c\u00f4t\u00e9 des voisins commer\u00e7ants, les clients sont moins nombreux au fil des jours. Pour Zeilani, responsable \u00e0 la brasserie Midi Minuit R\u00e9publique, la p\u00e9riode choisie pour l\u2019entr\u00e9e en application de la ZTL n\u2019\u00e9tait vraisemblablement<strong> pas optimale<\/strong>.<\/p>\n<p class=\" wall-content\">\u00ab\u00a0D\u00e9j\u00e0 qu\u2019avec les travaux, moins de monde venait \u00e0 la brasserie, c\u2019est quasiment pire d\u00e9sormais. On pensait que la pi\u00e9tonisation totale de la rue allait redynamiser les commerces, mais on est finalement encore loin du compte. En plus, avec les fortes chaleurs et les d\u00e9parts en vacances, restreindre les voitures, \u00e7a n\u2019aide pas en ce moment\u00a0\u00bb, constate-t-il.<\/p>\n<p>\u00ab\u00a0\u00c7a \u00e9t\u00e9 mal fait et c\u2019est surtout mal indiqu\u00e9\u00a0\u00bb<\/p>\n<p class=\" wall-content\">Outre des retomb\u00e9es commerciales cons\u00e9quentes pour certains et des lignes de bus boulevers\u00e9es pour d\u2019autres, l\u2019acc\u00e8s \u00e0 la rue Grenette, r\u00e9serv\u00e9 uniquement aux bus, interroge lui aussi. \u00ab\u00a0On nous a dit qu\u2019il y avait que les bus qui pouvaient circuler, mais on voit aussi souvent des voitures. Ce n\u2019est pas tr\u00e8s coh\u00e9rent\u00a0\u00bb, t\u00e9moigne St\u00e9phanie, vendeuse chez le chocolatier Voisin.<\/p>\n<p>\u00ab\u00a0La ZTL est dans l\u2019ensemble respect\u00e9e\u00a0\u00bb<\/p>\n<p>Concernant les griefs formul\u00e9s par les commer\u00e7ants au sujet de la rue Grenette, la mairie de Lyon indique qu&rsquo;une \u00ab\u00a0vigilance renforc\u00e9e est assur\u00e9e, tant par la police municipale que par les op\u00e9rateurs du centre de supervision urbain (CSU)\u00a0\u00bb.<\/p>\n<p>\u00ab\u00a0Dans cette rue, la circulation des bus reste globalement fluide. Une vingtaine de v\u00e9hicules particuliers et scooters y ont \u00e9t\u00e9 constat\u00e9s par tranche horaire, essentiellement aux heures de pointe, avec une pr\u00e9sence notable de livreurs et d\u2019usagers de trottinettes. La plupart des v\u00e9hicules particuliers observ\u00e9s empruntent uniquement une portion limit\u00e9e de la rue Grenette, souvent pour rejoindre des axes adjacents, sans travers\u00e9e compl\u00e8te entre Sa\u00f4ne et Rh\u00f4ne\u00a0\u00bb, poursuit la Ville, avant de conclure : <\/p>\n<p>\u00ab\u00a0La ZTL est dans l\u2019ensemble respect\u00e9e, avec une fr\u00e9quentation plut\u00f4t faible des v\u00e9hicules non autoris\u00e9s. Les contr\u00f4les se poursuivent et seront ajust\u00e9s en fonction des comportements observ\u00e9s.\u00a0\u00bb<\/p>\n<p>Voir tout<\/p>\n<p class=\" wall-content\">Sans parler des <strong>nuisances sonores<\/strong> g\u00e9n\u00e9r\u00e9es par les bus. \u00ab\u00a0C\u2019est insupportable, on a des bus qui font un bruit pas possible. Avec ces d\u00e9viations, aux feux, ils sont parfois trois ou quatre les uns derri\u00e8re les autres. En plus, ils klaxonnent \u00e0 tout va, car les gens sont tellement indisciplin\u00e9s, ils traversent de partout. Mais au final, ils y sont pour rien, c\u2019est juste que \u00e7a a \u00e9t\u00e9 mal fait et c\u2019est surtout mal indiqu\u00e9\u00a0\u00bb, souffle Fran\u00e7oise Verot.<\/p>\n<p class=\" wall-content\">Un riverain pr\u00e9sent \u00e0 proximit\u00e9 acquiesce : \u00ab\u00a0Avant, on entendait surtout les klaxons les vendredis et samedis soir, maintenant, c\u2019est tout le temps.\u00a0\u00bb<\/p>\n<p>Pour Gr\u00e9gory Doucet, tout va bien\u2026<\/p>\n<p class=\" wall-content\">Alors que seulement deux semaines se sont \u00e9coul\u00e9es depuis la restriction du trafic automobile en Presqu\u2019\u00eele, tous esp\u00e8rent en tout cas \u00ab\u00a0qu\u2019il y aura du changement prochainement ou qu\u2019il y ait une meilleure communication l\u00e0-dessus pour que les gens s\u2019y retrouvent plus facilement, car l\u00e0 \u00e7a devient vraiment difficile\u00a0\u00bb.<\/p>\n<p class=\" wall-content\">Reste donc \u00e0 savoir si le discours de la municipalit\u00e9, notamment, va \u00eatre emmen\u00e9 \u00e0 changer. Pour rappel, lors de la mise en application de la ZTL, le maire <a href=\"https:\/\/actu.fr\/auvergne-rhone-alpes\/lyon_69123\/lyon-gregory-doucet-defend-la-nouvelle-ztl-elle-est-tres-bonne-pour-le-commerce_62807217.html\" rel=\"nofollow noopener\" target=\"_blank\">Gr\u00e9gory Doucet<\/a> disait alors : \u00ab\u00a0La petite musique de la d\u00e9croissance, je ne l\u2019entends pas, je ne la vois pas. <strong>La ZTL est tr\u00e8s bonne pour le commerce<\/strong>. Le nombre de personnes qui se rendent en transports en commun en Presqu\u2019\u00eele augmente consid\u00e9rablement depuis 2019.\u00a0\u00bb<\/p>\n<p class=\" wall-content\">Suivez toute l\u2019actualit\u00e9 de vos villes et m\u00e9dias favoris en vous inscrivant \u00e0 <a href=\"https:\/\/moncompte.actu.fr\" title=\"D\u00e9couvez Mon Actu\" rel=\"nofollow noopener\" data-trk=\"{&quot;cta&quot;:{&quot;action&quot;:&quot;https:\\\/\\\/moncompte.actu.fr&quot;,&quot;category&quot;:&quot;mon compte&quot;,&quot;from&quot;:&quot;article footer&quot;,&quot;name&quot;:&quot;Mon actu&quot;,&quot;type&quot;:&quot;cta&quot;}}\" target=\"_blank\">Mon Actu<\/a>.<\/p>\n","protected":false},"excerpt":{"rendered":"Par Julien Sournies Publi\u00e9 le 5 juil. 2025 \u00e0 7h34 Les sentiments n\u00e9gatifs \u00e0 l\u2019\u00e9gard de la toute&hellip;\n","protected":false},"author":2,"featured_media":227425,"comment_status":"","ping_status":"","sticky":false,"template":"","format":"standard","meta":{"footnotes":""},"categories":[1889],"tags":[1111,11,2430,215,1777,674,1011,27,2428,12,2809,25,104,5787],"class_list":{"0":"post-227424","1":"post","2":"type-post","3":"status-publish","4":"format-standard","5":"has-post-thumbnail","7":"category-lyon","8":"tag-actu","9":"tag-actualites","10":"tag-auvergne-rhone-alpes","11":"tag-commerce","12":"tag-eu","13":"tag-europe","14":"tag-fr","15":"tag-france","16":"tag-lyon","17":"tag-news","18":"tag-presquile","19":"tag-republique-francaise","20":"tag-societe","21":"tag-transports-en-commun-lyonnais-tcl"},"share_on_mastodon":{"url":"https:\/\/pubeurope.com\/@fr\/114799089044622523","error":""},"_links":{"self":[{"href":"https:\/\/www.europesays.com\/fr\/wp-json\/wp\/v2\/posts\/227424","targetHints":{"allow":["GET"]}}],"collection":[{"href":"https:\/\/www.europesays.com\/fr\/wp-json\/wp\/v2\/posts"}],"about":[{"href":"https:\/\/www.europesays.com\/fr\/wp-json\/wp\/v2\/types\/post"}],"author":[{"embeddable":true,"href":"https:\/\/www.europesays.com\/fr\/wp-json\/wp\/v2\/users\/2"}],"replies":[{"embeddable":true,"href":"https:\/\/www.europesays.com\/fr\/wp-json\/wp\/v2\/comments?post=227424"}],"version-history":[{"count":0,"href":"https:\/\/www.europesays.com\/fr\/wp-json\/wp\/v2\/posts\/227424\/revisions"}],"wp:featuredmedia":[{"embeddable":true,"href":"https:\/\/www.europesays.com\/fr\/wp-json\/wp\/v2\/media\/227425"}],"wp:attachment":[{"href":"https:\/\/www.europesays.com\/fr\/wp-json\/wp\/v2\/media?parent=227424"}],"wp:term":[{"taxonomy":"category","embeddable":true,"href":"https:\/\/www.europesays.com\/fr\/wp-json\/wp\/v2\/categories?post=227424"},{"taxonomy":"post_tag","embeddable":true,"href":"https:\/\/www.europesays.com\/fr\/wp-json\/wp\/v2\/tags?post=227424"}],"curies":[{"name":"wp","href":"https:\/\/api.w.org\/{rel}","templated":true}]}}