{"id":227426,"date":"2025-07-05T05:58:12","date_gmt":"2025-07-05T05:58:12","guid":{"rendered":"https:\/\/www.europesays.com\/fr\/227426\/"},"modified":"2025-07-05T05:58:12","modified_gmt":"2025-07-05T05:58:12","slug":"transports-franciliens-travaux-et-perturbations-du-7-au-13-juillet","status":"publish","type":"post","link":"https:\/\/www.europesays.com\/fr\/227426\/","title":{"rendered":"Transports franciliens : travaux et perturbations du 7 au 13 juillet"},"content":{"rendered":"<p><img loading=\"lazy\" decoding=\"async\" alt=\"\u00a9 Shutterstock - Plusieurs lignes de m\u00e9tro, RER et Transiliens vont conna\u00eetre des travaux du lundi 7 au dimanche 13 juillet.\" data-zoom-src=\"https:\/\/www.europesays.com\/fr\/wp-content\/uploads\/2025\/07\/initial-transports-commun-metro-paris.jpg\" data-zoomable=\"\" height=\"702\" src=\"https:\/\/www.europesays.com\/fr\/wp-content\/uploads\/2025\/07\/initial-transports-commun-metro-paris.jpg\" width=\"1248\"\/>  <\/p>\n<p class=\"article-desc\">\u00a9 Shutterstock &#8211; Plusieurs lignes de m\u00e9tro, RER et Transiliens vont conna\u00eetre des travaux du lundi 7 au dimanche 13 juillet. <\/p>\n<p>Cet \u00e9t\u00e9 d\u00e9marre avec son lot de modifications dans les <a href=\"https:\/\/mesinfos.fr\/78260-acheres\/prolongement-du-tram-t13-les-travaux-ont-demarre-jusqu-a-acheres-225314.html\" rel=\"noopener nofollow\" target=\"_blank\">transports en commun<\/a> franciliens. Du lundi 7 au dimanche 13 juillet, plusieurs lignes du m\u00e9tro, du RER et du Transilien seront partiellement ou totalement interrompues, avec des disruptions surtout en soir\u00e9e et en week-end. <\/p>\n<p>M\u00e9tro : Les lignes 3, 4 et 14 touch\u00e9es <\/p>\n<ul>\n<li>\n<p>Ligne\u202f3 : <strong>trafic interrompu entre Op\u00e9ra et Gallieni<\/strong>, et ce jusqu\u2019\u00e0 d\u00e9but ao\u00fbt. Des bus relais sont mis en place entre R\u00e9publique et Gallieni pour assurer la desserte. <\/p>\n<\/li>\n<li>\n<p>Ligne\u202f4 : <strong>coupure <\/strong>programm\u00e9e entre <strong>Les\u202fHalles et Porte d\u2019Orl\u00e9ans<\/strong>, du 5 au 14 juillet, y compris la premi\u00e8re semaine de notre p\u00e9riode cibl\u00e9e. Bus de substitution disponibles entre les deux extr\u00e9mit\u00e9s. <\/p>\n<\/li>\n<li>\n<p>Ligne\u202f14 : arr\u00eat des rames chaque mercredi soir \u00e0 partir de 22h, tout le mois de juillet, en compl\u00e9ment des fermetures ponctuelles pour modernisation. <\/p>\n<\/li>\n<\/ul>\n<p>  RER : fortes perturbations nocturnes sur les lignes B, C, D et E <\/p>\n<ul>\n<li>\n<p>RER\u202fB : chaque week-end du 7 au 13 juillet, <strong>circulation interrompue entre Paris-Nord et CDG2\/Mitry-Claye<\/strong> \u00e0 partir de 22h45 en semaine, sans interruption les 11 et 14 juillet, mais forte perturbation attendue ce week-end. De plus, une rupture d\u2019interconnexion \u00e0 Gare du Nord est pr\u00e9vue du 12 au 14 juillet, n\u00e9cessitant un changement de train surface\/souterrain. <\/p>\n<\/li>\n<li>\n<p>RER\u202fC : les soir\u00e9es de semaine apr\u00e8s 23h, <strong>circulation interrompue entre Javel et divers terminus (Saint\u2011Quentin, Versailles&#8230;)<\/strong>, avec mise en place de bus de remplacement. <\/p>\n<\/li>\n<li>\n<p>RER\u202fD : fermetures nocturnes entre Gare du Nord et Creil \/ Corbeil \/ Melun, notamment lors des soir\u00e9es entre le 7 et le 13 juillet.<br \/>RER\u202fE : d\u00e8s 20h30 tous les soirs, suspension du service entre Nanterre\u2011La\u2011Folie et Tournan\/Villiers-sur\u2011Marne, avec desserte alternative. <\/p>\n<\/li>\n<\/ul>\n<p> Transilien : lignes K, N, P et R en mode d\u00e9grad\u00e9 <\/p>\n<ul>\n<li>\n<p>Ligne\u202fK : service suspendu les soirs entre Paris-Nord et Cr\u00e9py\u2011en\u2011Valois ; les week\u2011ends sont particuli\u00e8rement concern\u00e9s. <\/p>\n<\/li>\n<li>\n<p>Ligne\u202fN : <strong>trafic interrompu apr\u00e8s 23h entre Paris\u2011Montparnasse et Dreux<\/strong> ; perturbations en soir\u00e9e sur toute la semaine. <\/p>\n<\/li>\n<li>\n<p>Ligne\u202fP : <strong>trafics r\u00e9duits en soir\u00e9e vers Meaux, Ch\u00e2teau-Thierry et Provins<\/strong>, notamment \u00e0 partir de 21h30 selon les jours. <\/p>\n<\/li>\n<li>\n<p>Ligne\u202fR : les trains sont interrompus en soir\u00e9e entre Moret et Montargis, avec substitution par bus apr\u00e8s certaines heures. <\/p>\n<\/li>\n<li>\n<p>Ligne\u202fJ : projets li\u00e9s \u00e0 EOLE et RER\u202fA, <strong>coupure les week\u2011ends 5\u20116 et 19\u201120 juillet sur Paris Saint-Lazare \u2194 Poissy\/Maisons-Laffitte<\/strong> ; bien que hors de p\u00e9riode cibl\u00e9e, cette programmation annonce une grosse semaine \u00e0 venir. <\/p>\n<\/li>\n<\/ul>\n<p>Les tramways ne connaissent aucune interruption majeure cette semaine. En revanche, plusieurs lignes de bus de substitution sont actives pour pallier les fermetures nocturnes ou de week\u2011end, notamment en compl\u00e9ment des chantiers sur les m\u00e9tros et RER.<\/p>\n","protected":false},"excerpt":{"rendered":"\u00a9 Shutterstock &#8211; Plusieurs lignes de m\u00e9tro, RER et Transiliens vont conna\u00eetre des travaux du lundi 7 au&hellip;\n","protected":false},"author":2,"featured_media":227427,"comment_status":"","ping_status":"","sticky":false,"template":"","format":"standard","meta":{"footnotes":""},"categories":[1592],"tags":[1111,11,1777,674,1011,27,662,12,626,25,2216],"class_list":{"0":"post-227426","1":"post","2":"type-post","3":"status-publish","4":"format-standard","5":"has-post-thumbnail","7":"category-ile-de-france","8":"tag-actu","9":"tag-actualites","10":"tag-eu","11":"tag-europe","12":"tag-fr","13":"tag-france","14":"tag-ile-de-france","15":"tag-news","16":"tag-paris","17":"tag-republique-francaise","18":"tag-transports-en-commun"},"share_on_mastodon":{"url":"https:\/\/pubeurope.com\/@fr\/114799096915121437","error":""},"_links":{"self":[{"href":"https:\/\/www.europesays.com\/fr\/wp-json\/wp\/v2\/posts\/227426","targetHints":{"allow":["GET"]}}],"collection":[{"href":"https:\/\/www.europesays.com\/fr\/wp-json\/wp\/v2\/posts"}],"about":[{"href":"https:\/\/www.europesays.com\/fr\/wp-json\/wp\/v2\/types\/post"}],"author":[{"embeddable":true,"href":"https:\/\/www.europesays.com\/fr\/wp-json\/wp\/v2\/users\/2"}],"replies":[{"embeddable":true,"href":"https:\/\/www.europesays.com\/fr\/wp-json\/wp\/v2\/comments?post=227426"}],"version-history":[{"count":0,"href":"https:\/\/www.europesays.com\/fr\/wp-json\/wp\/v2\/posts\/227426\/revisions"}],"wp:featuredmedia":[{"embeddable":true,"href":"https:\/\/www.europesays.com\/fr\/wp-json\/wp\/v2\/media\/227427"}],"wp:attachment":[{"href":"https:\/\/www.europesays.com\/fr\/wp-json\/wp\/v2\/media?parent=227426"}],"wp:term":[{"taxonomy":"category","embeddable":true,"href":"https:\/\/www.europesays.com\/fr\/wp-json\/wp\/v2\/categories?post=227426"},{"taxonomy":"post_tag","embeddable":true,"href":"https:\/\/www.europesays.com\/fr\/wp-json\/wp\/v2\/tags?post=227426"}],"curies":[{"name":"wp","href":"https:\/\/api.w.org\/{rel}","templated":true}]}}