{"id":227430,"date":"2025-07-05T06:00:31","date_gmt":"2025-07-05T06:00:31","guid":{"rendered":"https:\/\/www.europesays.com\/fr\/227430\/"},"modified":"2025-07-05T06:00:31","modified_gmt":"2025-07-05T06:00:31","slug":"air-france-klm-alstom-carmat-les-valeurs-a-suivre-aujourdhui-a-paris-04-07-2025-a-0859","status":"publish","type":"post","link":"https:\/\/www.europesays.com\/fr\/227430\/","title":{"rendered":"Air France KLM, Alstom, Carmat, &#8230;les valeurs \u00e0 suivre aujourd&rsquo;hui \u00e0 Paris &#8211; &#8211; 04\/07\/2025 \u00e0 08:59"},"content":{"rendered":"<p>\n (AOF) &#8211;<br \/>\n <strong><br \/>\n  <a href=\"https:\/\/www.boursorama.com\/cours\/1rPAF\/\" rel=\"nofollow noopener\" target=\"_blank\"><br \/>\n   Air France-KLM<br \/>\n  <\/a><br \/>\n <\/strong>\n<\/p>\n<p>\n Le groupe Air France-KLM annonce qu&rsquo;il va entamer un processus visant \u00e0 prendre une participation majoritaire dans le capital de SAS. le groupe d\u00e9tient actuellement 19,9\u202f% du capital de la compagnie scandinave et a initi\u00e9 \u00e0 l&rsquo;\u00e9t\u00e9 2024 une coop\u00e9ration commerciale entre Air France, KLM et SAS, reposant sur des accords \u00e9largis de partage de codes et de commercialisation interline. Cette coop\u00e9ration a \u00e9t\u00e9 renforc\u00e9e par l&rsquo;entr\u00e9e de SAS dans l&rsquo;alliance SkyTeam.\n<\/p>\n<p>\n <strong><br \/>\n  <a href=\"https:\/\/www.boursorama.com\/cours\/1rPALO\/\" rel=\"nofollow noopener\" target=\"_blank\"><br \/>\n   Alstom<br \/>\n  <\/a><br \/>\n <\/strong>\n<\/p>\n<p>\n Alstom a d\u00e9clar\u00e9 avoir re\u00e7u une commande d&rsquo;une valeur de 2 milliards d&rsquo;euros \u00e9manant de l&rsquo;administration new yorkaise des transports publics pour la fourniture d&rsquo;autorails M-9A. Le groupe ferroviaire pr\u00e9cise que la commande sera enregistr\u00e9e au deuxi\u00e8me trimestre de l&rsquo;exercice 2025\/26.\n<\/p>\n<p>\n <strong><br \/>\n  <a href=\"https:\/\/www.boursorama.com\/cours\/1rEPALCAR\/\" rel=\"nofollow noopener\" target=\"_blank\"><br \/>\n   Carmat<br \/>\n  <\/a><br \/>\n <\/strong>\n<\/p>\n<p>\n Carmat annonce le lancement d&rsquo;un processus d&rsquo;appel d&rsquo;offres (recherche de repreneurs ou d&rsquo;investisseurs) dans la cadre de sa proc\u00e9dure de redressement judiciaire ouverte le 1er juillet.Il est rappel\u00e9 que l&rsquo;exploitation de la soci\u00e9t\u00e9 se poursuit pendant la p\u00e9riode d&rsquo;observation, et que Carmat s&rsquo;efforce de continuer \u00e0 assurer le support des patients qui b\u00e9n\u00e9ficient actuellement du c\u0153ur artificiel Aeson.\n<\/p>\n<p>\n <strong><br \/>\n  <a href=\"https:\/\/www.boursorama.com\/cours\/1rPBN\/\" rel=\"nofollow noopener\" target=\"_blank\"><br \/>\n   Danone<br \/>\n  <\/a><br \/>\n <\/strong>\n<\/p>\n<p>\n Danone a choisi Argan pour son futur site logistique de Tours. La soci\u00e9t\u00e9 immobili\u00e8re sp\u00e9cialis\u00e9e dans la logistique a annonc\u00e9 la signature d&rsquo;un bail en \u00e9tat futur d&rsquo;ach\u00e8vement pour un site froid positif \u00e0 Sorigny, qui sera exploit\u00e9 par le g\u00e9ant de l&rsquo;agroalimentaire fran\u00e7ais. Ce parc de derni\u00e8re g\u00e9n\u00e9ration entend conjuguer efficacit\u00e9 \u00e9conomique et qualit\u00e9 environnementale gr\u00e2ce \u00e0 la promotion des \u00e9nergies renouvelables, la pr\u00e9servation de surfaces paysag\u00e9es sur le tiers de l&#8217;emprise fonci\u00e8re, ainsi qu&rsquo;une charte garantissant la qualit\u00e9 architecturale des implantations et des am\u00e9nagements.\n<\/p>\n<p>\n <strong><br \/>\n  Emova Group<br \/>\n <\/strong>\n<\/p>\n<p>\n Emova Group a d\u00e9clar\u00e9 au premier semestre de son exercice 2024-2025 un r\u00e9sultat net de 1,09 million d&rsquo;euros contre une perte nette de 635 000 euros un an plus t\u00f4t. L&rsquo;Ebitda atteint 3,6 millions d&rsquo;euros sur la p\u00e9riode contre 3,034 millions, faisant ressortir une marge \u00e0 23,7% contre 20,5%. Le premier r\u00e9seau en France de vente de plantes et fleurs au d\u00e9tail sous les marques Monceau Fleurs, Au Nom de la Rose, Happy et C\u0153ur de Fleurs a vu son chiffre d&rsquo;affaires progresser de 3% \u00e0 15,3 millions d&rsquo;euros.\n<\/p>\n<p>\n <strong><br \/>\n  Equasens<br \/>\n <\/strong>\n<\/p>\n<p>\n Equasens a annonc\u00e9 le d\u00e9part de Damien Valicon, qui occupait depuis 18 mois les fonctions de directeur g\u00e9n\u00e9ral d\u00e9l\u00e9gu\u00e9 du groupe et de directeur de la division Pharmagest, ainsi que la nomination de Fran\u00e7ois-Pierre Marquier, qui reprend ses fonctions op\u00e9rationnelles de directeur de la division Pharmagest. La nomination de Fran\u00e7ois-Pierre Marquier, propos\u00e9e par Denis Supplisson, directeur g\u00e9n\u00e9ral d&rsquo;Equasens, sera effective au terme d&rsquo;une p\u00e9riode de transition. Elle a \u00e9t\u00e9 act\u00e9e par le conseil d&rsquo;administration r\u00e9uni le 25 juin sous la pr\u00e9sidence de Thierry Chapusot.\n<\/p>\n<p>\n <strong><br \/>\n  <a href=\"https:\/\/www.boursorama.com\/cours\/1rPETL\/\" rel=\"nofollow noopener\" target=\"_blank\"><br \/>\n   Eutelsat<br \/>\n  <\/a><br \/>\n <\/strong>\n<\/p>\n<p>\n Bpifrance a annonc\u00e9 la cession de sa participation dans Eutelsat Group \u00e0 l&rsquo;Agence des Participations de l&rsquo;\u00c9tat (APE). \u00a0\u00bb Dans le cadre du projet d&rsquo;augmentation de capital, dans lequel l&rsquo;Etat, via l&rsquo;APE et les autres actionnaires strat\u00e9giques du groupe se sont engag\u00e9s, la reprise de la participation de Bpifrance par l&rsquo;APE s&rsquo;inscrit dans une logique de renforcement de la souverainet\u00e9 technologique europ\u00e9enne \u00ab\u00a0, explique Bpifrance.\n<\/p>\n<p>\n <strong><br \/>\n  LDC<br \/>\n <\/strong>\n<\/p>\n<p>\n LDC a fait \u00e9tat de son chiffre d&rsquo;affaires du premier trimestre de son exercice 2025-2026, ressortant \u00e0 1,683 milliards d&rsquo;euros, en hausse de 10,9%. A p\u00e9rim\u00e8tre identique, la progression est ressortie \u00e0 4,1%. La croissance des volumes est \u00e9galement au rendez-vous avec une progression de 7,4% (+1,2% \u00e0 p\u00e9rim\u00e8tre constant), \u00a0\u00bb confirmant les b\u00e9n\u00e9fices de la strat\u00e9gie de reconqu\u00eate men\u00e9e par le sp\u00e9cialiste de la transformation de volailles pr\u00e9sentera son chiffre d&rsquo;affaires du premier trimestre \u00ab\u00a0, souligne la soci\u00e9t\u00e9.<\/p>\n","protected":false},"excerpt":{"rendered":"(AOF) &#8211; Air France-KLM Le groupe Air France-KLM annonce qu&rsquo;il va entamer un processus visant \u00e0 prendre une&hellip;\n","protected":false},"author":2,"featured_media":17400,"comment_status":"","ping_status":"","sticky":false,"template":"","format":"standard","meta":{"footnotes":""},"categories":[1888],"tags":[400,1111,1928,11,1927,398,408,405,1777,674,1011,27,403,402,399,404,12,1926,626,1925,25,401,406,407],"class_list":{"0":"post-227430","1":"post","2":"type-post","3":"status-publish","4":"format-standard","5":"has-post-thumbnail","7":"category-paris","8":"tag-action-cac-40","9":"tag-actu","10":"tag-actu-paris","11":"tag-actualites","12":"tag-actualites-paris","13":"tag-bourse-de-paris","14":"tag-boursorama","15":"tag-cotations","16":"tag-eu","17":"tag-europe","18":"tag-fr","19":"tag-france","20":"tag-indices-devises","21":"tag-investir","22":"tag-investissement","23":"tag-marche-boursier","24":"tag-news","25":"tag-news-paris","26":"tag-paris","27":"tag-paris-news","28":"tag-republique-francaise","29":"tag-sicav","30":"tag-trackers","31":"tag-warrants"},"share_on_mastodon":{"url":"https:\/\/pubeurope.com\/@fr\/114799104719708288","error":""},"_links":{"self":[{"href":"https:\/\/www.europesays.com\/fr\/wp-json\/wp\/v2\/posts\/227430","targetHints":{"allow":["GET"]}}],"collection":[{"href":"https:\/\/www.europesays.com\/fr\/wp-json\/wp\/v2\/posts"}],"about":[{"href":"https:\/\/www.europesays.com\/fr\/wp-json\/wp\/v2\/types\/post"}],"author":[{"embeddable":true,"href":"https:\/\/www.europesays.com\/fr\/wp-json\/wp\/v2\/users\/2"}],"replies":[{"embeddable":true,"href":"https:\/\/www.europesays.com\/fr\/wp-json\/wp\/v2\/comments?post=227430"}],"version-history":[{"count":0,"href":"https:\/\/www.europesays.com\/fr\/wp-json\/wp\/v2\/posts\/227430\/revisions"}],"wp:featuredmedia":[{"embeddable":true,"href":"https:\/\/www.europesays.com\/fr\/wp-json\/wp\/v2\/media\/17400"}],"wp:attachment":[{"href":"https:\/\/www.europesays.com\/fr\/wp-json\/wp\/v2\/media?parent=227430"}],"wp:term":[{"taxonomy":"category","embeddable":true,"href":"https:\/\/www.europesays.com\/fr\/wp-json\/wp\/v2\/categories?post=227430"},{"taxonomy":"post_tag","embeddable":true,"href":"https:\/\/www.europesays.com\/fr\/wp-json\/wp\/v2\/tags?post=227430"}],"curies":[{"name":"wp","href":"https:\/\/api.w.org\/{rel}","templated":true}]}}