{"id":227442,"date":"2025-07-05T06:07:20","date_gmt":"2025-07-05T06:07:20","guid":{"rendered":"https:\/\/www.europesays.com\/fr\/227442\/"},"modified":"2025-07-05T06:07:20","modified_gmt":"2025-07-05T06:07:20","slug":"allemagne-les-commandes-industrielles-marquent-le-pas-en-mai-04-07-2025-a-1052","status":"publish","type":"post","link":"https:\/\/www.europesays.com\/fr\/227442\/","title":{"rendered":"Allemagne: les commandes industrielles marquent le pas en mai &#8211; 04\/07\/2025 \u00e0 10:52"},"content":{"rendered":"<p>        <img fetchpriority=\"high\" decoding=\"async\" src=\"https:\/\/www.europesays.com\/fr\/wp-content\/uploads\/2025\/07\/9be8ed0df89c6d62c3a145f719edfc95-760x468.jpg\" alt=\"( AFP \/ RALF HIRSCHBERGER )\" loading=\"eager\" width=\"760\" height=\"468\" style=\"max-width: 100%!important; height: auto;\"\/><\/p>\n<p class=\"c-image-news__legend\">( AFP \/ RALF HIRSCHBERGER )<\/p>\n<p>\n Les commandes industrielles en Allemagne ont de nouveau marqu\u00e9 le pas en mai, confirmant la fragilit\u00e9 de l&rsquo;industrie allemande dans un climat commercial mondial qui reste incertain, selon des chiffres officiels publi\u00e9s vendredi.\n<\/p>\n<p>\n Cet indice clef pour le secteur manufacturier, pilier de l&rsquo;\u00e9conomie allemande, a baiss\u00e9 de 1,4% sur un mois, apr\u00e8s trois mois d&rsquo;affil\u00e9e en hausse, d&rsquo;apr\u00e8s l&rsquo;office statistique Destatis.\n<\/p>\n<p>\n Les analystes de Factset tablaient sur une baisse plus mod\u00e9r\u00e9e, de 0,55% en mai.\n<\/p>\n<p>\n \u00ab\u00a0Derni\u00e8rement, les chiffres de l&rsquo;industrie ont \u00e9t\u00e9 plut\u00f4t encourageants\u00a0\u00bb, t\u00e9moignant d&rsquo;une stabilisation de la conjoncture allemande sortant de deux ann\u00e9es de r\u00e9cession, de sorte qu&rsquo; \u00ab\u00a0un recul ponctuel (en mai) reste supportable\u00a0\u00bb, relativise Jens-Oliver Niklasch, \u00e9conomiste chez LBBW.\n<\/p>\n<p>\n Les commandes int\u00e9rieures ont recul\u00e9 de pr\u00e8s de 8%, tandis que celles hors zone euro ont progress\u00e9 de 9%, d\u00e9taille Destatis, le tout avant la date butoir du 9 juillet fix\u00e9e par Donald Trump pour imposer une hausse substantielle des droits de douane sur les importations europ\u00e9ennes.\n<\/p>\n<p>\n \u00ab\u00a0Au-dessus de tout cela, plane toujours l&rsquo;\u00e9p\u00e9e de Damocl\u00e8s de la politique douani\u00e8re des \u00c9tats-Unis\u00a0\u00bb, ajoute M.Niklasch.\n<\/p>\n<p>\n Faute d&rsquo;accord dans cinq jours, le pr\u00e9sident am\u00e9ricain menace de doubler \u00e0 20\u202f% le taux par d\u00e9faut sur les importations europ\u00e9ennes, voire de les porter \u00e0 50\u202f%, comme il l&rsquo;a d\u00e9j\u00e0 annonc\u00e9 en mai.\n<\/p>\n<p>\n L&rsquo;Allemagne serait la premi\u00e8re touch\u00e9e par une escalade douani\u00e8re, car son industrie d\u00e9pend fortement des exportations vers les \u00c9tats-Unis, notamment dans les secteurs automobile, chimique, pharmaceutique, sid\u00e9rurgique et des machines-outils.\n<\/p>\n<p>\n En comparaison trimestrielle, plus stable, les entr\u00e9es de commandes de mars \u00e0 mai\u202f2025 \u00e9taient sup\u00e9rieures de 2,1\u202f% \u00e0 celles des trois mois pr\u00e9c\u00e9dents, selon Destatis.\n<\/p>\n<p>\n Sur un an, les commandes industrielles allemandes ont progress\u00e9 de 5,3%.<\/p>\n","protected":false},"excerpt":{"rendered":"( AFP \/ RALF HIRSCHBERGER ) Les commandes industrielles en Allemagne ont de nouveau marqu\u00e9 le pas en&hellip;\n","protected":false},"author":2,"featured_media":227443,"comment_status":"","ping_status":"","sticky":false,"template":"","format":"standard","meta":{"footnotes":""},"categories":[1587],"tags":[400,11,672,398,408,1804,405,1805,1803,1777,674,1801,403,402,399,404,12,1802,401,406,407],"class_list":{"0":"post-227442","1":"post","2":"type-post","3":"status-publish","4":"format-standard","5":"has-post-thumbnail","7":"category-allemagne","8":"tag-action-cac-40","9":"tag-actualites","10":"tag-allemagne","11":"tag-bourse-de-paris","12":"tag-boursorama","13":"tag-bundesrepublik-deutschland","14":"tag-cotations","15":"tag-de","16":"tag-deutschland","17":"tag-eu","18":"tag-europe","19":"tag-germany","20":"tag-indices-devises","21":"tag-investir","22":"tag-investissement","23":"tag-marche-boursier","24":"tag-news","25":"tag-republique-federale-dallemagne","26":"tag-sicav","27":"tag-trackers","28":"tag-warrants"},"share_on_mastodon":{"url":"https:\/\/pubeurope.com\/@fr\/114799132337739655","error":""},"_links":{"self":[{"href":"https:\/\/www.europesays.com\/fr\/wp-json\/wp\/v2\/posts\/227442","targetHints":{"allow":["GET"]}}],"collection":[{"href":"https:\/\/www.europesays.com\/fr\/wp-json\/wp\/v2\/posts"}],"about":[{"href":"https:\/\/www.europesays.com\/fr\/wp-json\/wp\/v2\/types\/post"}],"author":[{"embeddable":true,"href":"https:\/\/www.europesays.com\/fr\/wp-json\/wp\/v2\/users\/2"}],"replies":[{"embeddable":true,"href":"https:\/\/www.europesays.com\/fr\/wp-json\/wp\/v2\/comments?post=227442"}],"version-history":[{"count":0,"href":"https:\/\/www.europesays.com\/fr\/wp-json\/wp\/v2\/posts\/227442\/revisions"}],"wp:featuredmedia":[{"embeddable":true,"href":"https:\/\/www.europesays.com\/fr\/wp-json\/wp\/v2\/media\/227443"}],"wp:attachment":[{"href":"https:\/\/www.europesays.com\/fr\/wp-json\/wp\/v2\/media?parent=227442"}],"wp:term":[{"taxonomy":"category","embeddable":true,"href":"https:\/\/www.europesays.com\/fr\/wp-json\/wp\/v2\/categories?post=227442"},{"taxonomy":"post_tag","embeddable":true,"href":"https:\/\/www.europesays.com\/fr\/wp-json\/wp\/v2\/tags?post=227442"}],"curies":[{"name":"wp","href":"https:\/\/api.w.org\/{rel}","templated":true}]}}