{"id":227444,"date":"2025-07-05T06:08:10","date_gmt":"2025-07-05T06:08:10","guid":{"rendered":"https:\/\/www.europesays.com\/fr\/227444\/"},"modified":"2025-07-05T06:08:10","modified_gmt":"2025-07-05T06:08:10","slug":"se-passer-du-gaz-russe-un-defi-pour-leurope","status":"publish","type":"post","link":"https:\/\/www.europesays.com\/fr\/227444\/","title":{"rendered":"Se passer du gaz russe, un d\u00e9fi pour l&rsquo;Europe"},"content":{"rendered":"<p>&#13;<br \/>\n\tLa Commission europ\u00e9enne attaque ! Le 6 mai, elle a d\u00e9voil\u00e9 les premi\u00e8res lignes de son plan pour sevrer l\u2019Europe du gaz naturel russe et priver Moscou des revenus que sa vente lui procure. Jusqu\u2019ici, le combustible \u00e9tait pr\u00e9serv\u00e9 des sanctions. Il faut dire que la Russie repr\u00e9sentait 45% des importations europ\u00e9ennes de gaz naturel avant la guerre en Ukraine, et encore 19% en 2024 (32 milliards de m\u00e8tres cubes par gazoduc et 20 milliards par voie maritime sous forme de gaz naturel liqu\u00e9fi\u00e9, ou GNL).<\/p>\n<p>&#13;<br \/>\n\tPour en finir, Bruxelles veut prohiber la signature de nouveaux contrats et l\u2019achat en spot d\u2019ici \u00e0 la fin de l\u2019ann\u00e9e et \u00e9liminer les contrats \u00e0 long terme existants avant la fin 2027. Cela n\u2019enchante pas tout le monde. Le m\u00e9thane russe est bon march\u00e9. Outre-Rhin, l\u2019\u00e9ventualit\u00e9 d\u2019une r\u00e9ouverture des vannes fait saliver une partie de l\u2019industrie. En France, dans la perspective d\u2019une paix en Ukraine, des \u00e9nerg\u00e9ticiens comme Engie et TotalEnergies (qui ne se sont pas prononc\u00e9s sur le plan de la Commission) avaient \u00e9mis l\u2019id\u00e9e, en avril, d\u2019un retour p\u00e9renne d\u2019environ 70 milliards de m\u00e8tres cubes de gaz russe. Soit un quart de la consommation europ\u00e9enne.<\/p>\n<p>&#13;<br \/>\n\tDans les faits, il revient d\u00e9j\u00e0. Les exportations vers l\u2019Europe ont augment\u00e9 de 19% en 2024, notamment via la France, chiffre l\u2019Institute for energy economics and financial analysis. De son c\u00f4t\u00e9, la Commission souligne que l\u2019arr\u00eat du transit via l\u2019Ukraine, en janvier, s\u2019est fait sans heurt majeur, alors que les r\u00e8gles de stockage et d\u2019\u00e9changes entre les pays ont \u00e9t\u00e9 renforc\u00e9es. Un projet de production de gaz, Neptun Deep, arrive par ailleurs en 2027 en Roumanie et 14 unit\u00e9s de regaz\u00e9ification de gaz naturel ont \u00e9t\u00e9 install\u00e9es sur le continent en deux ans, dopant la possibilit\u00e9 d\u2019importer du GNL, notamment des \u00c9tats-Unis. L\u2019Europe table aussi sur la transition \u00e9nerg\u00e9tique et sur la sobri\u00e9t\u00e9 pour diminuer sa consommation de gaz. Une perspective dont certains doutent, sauf au prix d\u2019une d\u00e9sindustrialisation massive. Bruxelles devra convaincre et mettre les moyens.<\/p>\n<p>&#13;<br \/>\n\t<a href=\"https:\/\/www.usinenouvelle.com\/l-usine-nouvelle-du-6-juin-2025-n3743,7608\" target=\"_blank\" rel=\"noopener\"><img decoding=\"async\" alt=\"UN 3743\" src=\"data:image\/gif;base64,R0lGODdhAQABAPAAAMPDwwAAACwAAAAAAQABAAACAkQBADs=\" data-original=\"https:\/\/www.usinenouvelle.com\/mediatheque\/5\/6\/1\/001528165_illustration_large.jpg\" style=\"height: 194px; width: 150px; margin: 5px; float: left;\"\/><\/a><strong>Vous lisez un article de L&rsquo;Usine Nouvelle n\u00b03743 &#8211; Juin 2025<br \/>&#13;<br \/>\n\t<a href=\"https:\/\/www.usinenouvelle.com\/l-usine-nouvelle-du-6-juin-2025-n3743,7608\" target=\"_blank\" rel=\"noopener\">Lire le sommaire<\/a><\/strong><\/p>\n<p class=\"editoTitleType1 editoTitleType1--lagoon is-uppercase\">S\u00e9lectionn\u00e9 <b>pour vous<\/b><\/p>\n<p>                                                                            <a class=\"editoCardType21__link editoCardType21__containerImage\" href=\"https:\/\/www.usinenouvelle.com\/article\/edf-autorise-a-prolonger-ses-20-reacteurs-nucleaires-de-1300-mw-au-dela-de-40-ans.N2234630\" data-xiti-name=\"2234630\" target=\"_blank\" rel=\"noopener\"><\/p>\n<p>                                                                                                                                                    <img decoding=\"async\" src=\"data:image\/gif;base64,R0lGODdhAQABAPAAAMPDwwAAACwAAAAAAQABAAACAkQBADs=\" data-original=\"\/mediatheque\/9\/8\/9\/000933989_256x170_c.jpg\" alt=\"EDF autoris\u00e9 \u00e0 prolonger ses 20 r\u00e9acteurs nucl\u00e9aires de 1300 MW au-del\u00e0 de 40 ans\"\/><\/p>\n<p>                            <\/a><\/p>\n","protected":false},"excerpt":{"rendered":"&#13; La Commission europ\u00e9enne attaque ! Le 6 mai, elle a d\u00e9voil\u00e9 les premi\u00e8res lignes de son plan&hellip;\n","protected":false},"author":2,"featured_media":227445,"comment_status":"","ping_status":"","sticky":false,"template":"","format":"standard","meta":{"footnotes":""},"categories":[1586],"tags":[11,2163,893,1777,674,1011,27,22067,12,25,132],"class_list":{"0":"post-227444","1":"post","2":"type-post","3":"status-publish","4":"format-standard","5":"has-post-thumbnail","7":"category-europe","8":"tag-actualites","9":"tag-chroniques","10":"tag-energie","11":"tag-eu","12":"tag-europe","13":"tag-fr","14":"tag-france","15":"tag-gaz-naturel","16":"tag-news","17":"tag-republique-francaise","18":"tag-russie"},"share_on_mastodon":{"url":"https:\/\/pubeurope.com\/@fr\/114799136431655339","error":""},"_links":{"self":[{"href":"https:\/\/www.europesays.com\/fr\/wp-json\/wp\/v2\/posts\/227444","targetHints":{"allow":["GET"]}}],"collection":[{"href":"https:\/\/www.europesays.com\/fr\/wp-json\/wp\/v2\/posts"}],"about":[{"href":"https:\/\/www.europesays.com\/fr\/wp-json\/wp\/v2\/types\/post"}],"author":[{"embeddable":true,"href":"https:\/\/www.europesays.com\/fr\/wp-json\/wp\/v2\/users\/2"}],"replies":[{"embeddable":true,"href":"https:\/\/www.europesays.com\/fr\/wp-json\/wp\/v2\/comments?post=227444"}],"version-history":[{"count":0,"href":"https:\/\/www.europesays.com\/fr\/wp-json\/wp\/v2\/posts\/227444\/revisions"}],"wp:featuredmedia":[{"embeddable":true,"href":"https:\/\/www.europesays.com\/fr\/wp-json\/wp\/v2\/media\/227445"}],"wp:attachment":[{"href":"https:\/\/www.europesays.com\/fr\/wp-json\/wp\/v2\/media?parent=227444"}],"wp:term":[{"taxonomy":"category","embeddable":true,"href":"https:\/\/www.europesays.com\/fr\/wp-json\/wp\/v2\/categories?post=227444"},{"taxonomy":"post_tag","embeddable":true,"href":"https:\/\/www.europesays.com\/fr\/wp-json\/wp\/v2\/tags?post=227444"}],"curies":[{"name":"wp","href":"https:\/\/api.w.org\/{rel}","templated":true}]}}