{"id":227446,"date":"2025-07-05T06:09:12","date_gmt":"2025-07-05T06:09:12","guid":{"rendered":"https:\/\/www.europesays.com\/fr\/227446\/"},"modified":"2025-07-05T06:09:12","modified_gmt":"2025-07-05T06:09:12","slug":"ia-leurope-maintient-son-calendrier-pour-lai-act-malgre-les-pressions","status":"publish","type":"post","link":"https:\/\/www.europesays.com\/fr\/227446\/","title":{"rendered":"IA : l&rsquo;Europe maintient son calendrier pour l&rsquo;AI Act malgr\u00e9 les pressions"},"content":{"rendered":"<p><strong>L\u2019Union europ\u00e9enne a r\u00e9affirm\u00e9 sa d\u00e9termination \u00e0 respecter le calendrier d\u2019impl\u00e9mentation de <a href=\"https:\/\/kulturegeek.fr\/news-310613\/ai-act-legislation-reguler-lia-europe-definitivement-adoptee\" rel=\"nofollow noopener\" target=\"_blank\">l\u2019AI Act<\/a>, sa l\u00e9gislation sur l\u2019intelligence artificielle. Cette d\u00e9cision intervient en r\u00e9ponse aux pressions exerc\u00e9es par plus d\u2019une centaine d\u2019entreprises technologiques qui demandent un report de ces nouvelles r\u00e8gles.<\/strong><\/p>\n<p><img loading=\"lazy\" decoding=\"async\" class=\"aligncenter size-large wp-image-312095\" src=\"https:\/\/www.europesays.com\/fr\/wp-content\/uploads\/2025\/07\/Intelligence-Artificielle-1024x585.jpg\" alt=\"Intelligence Artificielle\" width=\"1024\" height=\"585\"  \/><\/p>\n<p>Les g\u00e9ants de la tech mobilis\u00e9s contre le calendrier europ\u00e9en<\/p>\n<p>Des entreprises technologiques du monde entier ont uni leurs forces pour demander \u00e0 la Commission europ\u00e9enne de retarder le d\u00e9ploiement de l\u2019AI Act. Parmi elles figurent des g\u00e9ants comme Alphabet (Google), Meta, Mistral AI et ASML. Ces entreprises affirment que cette r\u00e9glementation pourrait nuire aux chances de l\u2019Europe de rester comp\u00e9titive dans le secteur de l\u2019IA en pleine expansion.<\/p>\n<p>Cependant, la Commission europ\u00e9enne n\u2019entend pas c\u00e9der \u00e0 ces pressions. Thomas Regnier, porte-parole de la Commission europ\u00e9enne, <a href=\"https:\/\/www.reuters.com\/world\/europe\/artificial-intelligence-rules-go-ahead-no-pause-eu-commission-says-2025-07-04\/\" rel=\"external nofollow noopener\" target=\"_blank\">s\u2019est montr\u00e9<\/a> cat\u00e9gorique lors d\u2019une conf\u00e9rence de presse : \u00ab J\u2019ai vu, effectivement, beaucoup de rapports, beaucoup de lettres et beaucoup de choses dites sur l\u2019AI Act. Permettez-moi d\u2019\u00eatre aussi clair que possible, il n\u2019y a pas d\u2019arr\u00eat de l\u2019horloge. Il n\u2019y a pas de p\u00e9riode de gr\u00e2ce. Il n\u2019y a pas de pause \u00bb.<\/p>\n<p>L\u2019AI Act adopte une approche fond\u00e9e sur l\u2019\u00e9valuation des risques pour encadrer les applications d\u2019intelligence artificielle. Cette l\u00e9gislation \u00e9tablit plusieurs cat\u00e9gories d\u2019usage selon leur niveau de dangerosit\u00e9.<\/p>\n<p>Les pratiques interdites<\/p>\n<p>La r\u00e9glementation bannit purement et simplement certaines utilisations jug\u00e9es de \u00ab\u00a0risque inacceptable\u00a0\u00bb. Ces interdictions concernent notamment la manipulation comportementale cognitive ou les syst\u00e8mes de notation sociale. Ces pratiques sont consid\u00e9r\u00e9es comme incompatibles avec les valeurs europ\u00e9ennes.<\/p>\n<p>Les applications \u00e0 haut risque<\/p>\n<p>L\u2019AI Act d\u00e9finit \u00e9galement une cat\u00e9gorie d\u2019utilisations \u00ab\u00a0\u00e0 haut risque\u00a0\u00bb qui comprend les technologies biom\u00e9triques et de reconnaissance faciale. Les syst\u00e8mes d\u2019IA employ\u00e9s dans des domaines sensibles comme l\u2019\u00e9ducation ou l\u2019emploi entrent aussi dans cette cat\u00e9gorie.<\/p>\n<p>Les d\u00e9veloppeurs d\u2019applications devront enregistrer leurs syst\u00e8mes et respecter des obligations strictes de gestion des risques et de qualit\u00e9 pour acc\u00e9der au march\u00e9 europ\u00e9en. Ces mesures visent \u00e0 garantir la s\u00e9curit\u00e9 et la fiabilit\u00e9 des technologies d\u00e9ploy\u00e9es.<\/p>\n<p>Les obligations all\u00e9g\u00e9es pour certaines applications<\/p>\n<p>Une troisi\u00e8me cat\u00e9gorie concerne les applications d\u2019IA \u00e0 \u00ab\u00a0risque limit\u00e9\u00a0\u00bb, comme les chatbots. Ces syst\u00e8mes font l\u2019objet d\u2019obligations de transparence plus l\u00e9g\u00e8res, proportionn\u00e9es \u00e0 leur niveau de risque.<\/p>\n<p><img loading=\"lazy\" decoding=\"async\" class=\"aligncenter size-large wp-image-296601\" src=\"https:\/\/www.europesays.com\/fr\/wp-content\/uploads\/2025\/07\/OpenAI-Logo-ChatGPT-1024x682.jpg\" alt=\"OpenAI Logo ChatGPT\" width=\"1024\" height=\"682\"  \/><\/p>\n<p>Un d\u00e9ploiement \u00e9chelonn\u00e9 jusqu\u2019en 2026<\/p>\n<p>L\u2019Union europ\u00e9enne a commenc\u00e9 \u00e0 d\u00e9ployer l\u2019AI Act l\u2019ann\u00e9e derni\u00e8re selon un calendrier \u00e9tal\u00e9 dans le temps. Cette approche progressive permet aux entreprises de s\u2019adapter progressivement aux nouvelles exigences.<\/p>\n<p>L\u2019ensemble des r\u00e8gles entrera pleinement en vigueur d\u2019ici la mi-2026. Ce calendrier donne aux acteurs du secteur le temps n\u00e9cessaire pour se conformer aux nouvelles obligations, tout en maintenant la pression pour une mise en \u0153uvre rapide.<\/p>\n<p>Un enjeu de souverainet\u00e9 technologique<\/p>\n<p>Le refus de l\u2019UE de reporter l\u2019AI Act illustre la volont\u00e9 europ\u00e9enne de maintenir son leadership r\u00e9glementaire dans le domaine de l\u2019intelligence artificielle. Alors que les entreprises technologiques plaident pour plus de flexibilit\u00e9 au nom de la comp\u00e9titivit\u00e9, l\u2019Europe privil\u00e9gie une approche qui place la protection des citoyens au centre de ses pr\u00e9occupations.<\/p>\n<p>Cette position ferme s\u2019inscrit dans une strat\u00e9gie plus large visant \u00e0 \u00e9tablir des standards internationaux en mati\u00e8re d\u2019IA \u00e9thique et responsable. L\u2019UE entend ainsi exporter son mod\u00e8le r\u00e9glementaire au-del\u00e0 de ses fronti\u00e8res, comme elle l\u2019a fait avec le RGPD dans le domaine de la protection des donn\u00e9es.<\/p>\n","protected":false},"excerpt":{"rendered":"L\u2019Union europ\u00e9enne a r\u00e9affirm\u00e9 sa d\u00e9termination \u00e0 respecter le calendrier d\u2019impl\u00e9mentation de l\u2019AI Act, sa l\u00e9gislation sur l\u2019intelligence&hellip;\n","protected":false},"author":2,"featured_media":227447,"comment_status":"","ping_status":"","sticky":false,"template":"","format":"standard","meta":{"footnotes":""},"categories":[1586],"tags":[11,2196,1777,674,1779,1011,27,223,12,25,1778,364],"class_list":{"0":"post-227446","1":"post","2":"type-post","3":"status-publish","4":"format-standard","5":"has-post-thumbnail","7":"category-europe","8":"tag-actualites","9":"tag-commission-europeenne","10":"tag-eu","11":"tag-europe","12":"tag-european-union","13":"tag-fr","14":"tag-france","15":"tag-intelligence-artificielle","16":"tag-news","17":"tag-republique-francaise","18":"tag-ue","19":"tag-union-europeenne"},"share_on_mastodon":{"url":"https:\/\/pubeurope.com\/@fr\/114799140255898846","error":""},"_links":{"self":[{"href":"https:\/\/www.europesays.com\/fr\/wp-json\/wp\/v2\/posts\/227446","targetHints":{"allow":["GET"]}}],"collection":[{"href":"https:\/\/www.europesays.com\/fr\/wp-json\/wp\/v2\/posts"}],"about":[{"href":"https:\/\/www.europesays.com\/fr\/wp-json\/wp\/v2\/types\/post"}],"author":[{"embeddable":true,"href":"https:\/\/www.europesays.com\/fr\/wp-json\/wp\/v2\/users\/2"}],"replies":[{"embeddable":true,"href":"https:\/\/www.europesays.com\/fr\/wp-json\/wp\/v2\/comments?post=227446"}],"version-history":[{"count":0,"href":"https:\/\/www.europesays.com\/fr\/wp-json\/wp\/v2\/posts\/227446\/revisions"}],"wp:featuredmedia":[{"embeddable":true,"href":"https:\/\/www.europesays.com\/fr\/wp-json\/wp\/v2\/media\/227447"}],"wp:attachment":[{"href":"https:\/\/www.europesays.com\/fr\/wp-json\/wp\/v2\/media?parent=227446"}],"wp:term":[{"taxonomy":"category","embeddable":true,"href":"https:\/\/www.europesays.com\/fr\/wp-json\/wp\/v2\/categories?post=227446"},{"taxonomy":"post_tag","embeddable":true,"href":"https:\/\/www.europesays.com\/fr\/wp-json\/wp\/v2\/tags?post=227446"}],"curies":[{"name":"wp","href":"https:\/\/api.w.org\/{rel}","templated":true}]}}