{"id":227450,"date":"2025-07-05T06:11:14","date_gmt":"2025-07-05T06:11:14","guid":{"rendered":"https:\/\/www.europesays.com\/fr\/227450\/"},"modified":"2025-07-05T06:11:14","modified_gmt":"2025-07-05T06:11:14","slug":"les-freres-gallagher-reunis-premieres-images-du-concert-de-reformation-historique","status":"publish","type":"post","link":"https:\/\/www.europesays.com\/fr\/227450\/","title":{"rendered":"les Fr\u00e8res Gallagher r\u00e9unis, premi\u00e8res images du concert de reformation historique"},"content":{"rendered":"<p class=\"article-p mdl\">Le monde aura attendu ce moment pendant 16 ans. Les portes du Cardiff Principality Stadium se sont ouvertes \u00e0 17h ce vendredi 4 juillet pour accueillir les dizaines de milliers de fans d&rsquo;Oasis. Apr\u00e8s une premi\u00e8re partie assur\u00e9e par Richard Ashcroft, <strong>les fr\u00e8res Gallagher sont mont\u00e9s sur sc\u00e8ne<\/strong> face \u00e0 un public en euphorie.<\/p>\n<p class=\"article-p mdl\">Cette fois-ci, pas d&rsquo;annonce au micro pour annoncer leur rupture ou que leur concert ne se tiendra pas, comme au festival\u00a0<a class=\"link\" href=\"https:\/\/www.rtl.fr\/culture\/musique\/oasis-ces-4-moments-ou-les-freres-gallagher-ont-failli-se-separer-avant-rock-en-seine-7900417482\" title=\"Oasis : ces 4 moments o\u00f9 les fr\u00e8res Gallagher ont failli se s\u00e9parer avant Rock en Seine\" target=\"_blank\" rel=\"noopener\">Rock en Seine en ao\u00fbt 2009<\/a>. Non, cette fois-ci ils ont r\u00e9pondu pr\u00e9sents et ont commenc\u00e9 leur tourn\u00e9e, qui finira en novembre \u00e0 Sao Paulo, au rythme de la chanson Acquiesce, issue de l&rsquo;album\u00a0(What&rsquo;s the Story) Morning Glory ?. Album mythique qui f\u00eatera ses 20 ans le 2 octobre prochain.<\/p>\n<p class=\"article-p mdl\">Apr\u00e8s leurs deux shows au Pays de Galles, les fr\u00e8res donneront cinq concerts dans leur ville natale de Manchester \u00e0 partir du 11 juillet. Ils joueront ensuite au stade de Wembley \u00e0 Londres ou \u00e0 celui de Murrayfield \u00e0 \u00c9dimbourg, avant leur tourn\u00e9e internationale.<\/p>\n<p>    La r\u00e9daction vous recommande<\/p>\n<p class=\"s-newsletter__title\">\n                L\u2019actualit\u00e9 par la r\u00e9daction de RTL dans votre bo\u00eete mail.\n            <\/p>\n<p class=\"s-newsletter__subtitle\">\n                Gr\u00e2ce \u00e0 votre compte RTL abonnez-vous \u00e0 la newsletter RTL info pour suivre toute l&rsquo;actualit\u00e9 au quotidien\n            <\/p>\n<p>\n                                    Lire la suite\n                                <\/p>\n","protected":false},"excerpt":{"rendered":"Le monde aura attendu ce moment pendant 16 ans. Les portes du Cardiff Principality Stadium se sont ouvertes&hellip;\n","protected":false},"author":2,"featured_media":227451,"comment_status":"","ping_status":"","sticky":false,"template":"","format":"standard","meta":{"footnotes":""},"categories":[2],"tags":[11,1697,2414,107,1011,27,873,12,25,7040,473],"class_list":{"0":"post-227450","1":"post","2":"type-post","3":"status-publish","4":"format-standard","5":"has-post-thumbnail","7":"category-actualites","8":"tag-actualites","9":"tag-concert","10":"tag-fil-culture","11":"tag-fil-info","12":"tag-fr","13":"tag-france","14":"tag-musique","15":"tag-news","16":"tag-republique-francaise","17":"tag-rock","18":"tag-royaume-uni"},"share_on_mastodon":{"url":"https:\/\/pubeurope.com\/@fr\/114799148099393552","error":""},"_links":{"self":[{"href":"https:\/\/www.europesays.com\/fr\/wp-json\/wp\/v2\/posts\/227450","targetHints":{"allow":["GET"]}}],"collection":[{"href":"https:\/\/www.europesays.com\/fr\/wp-json\/wp\/v2\/posts"}],"about":[{"href":"https:\/\/www.europesays.com\/fr\/wp-json\/wp\/v2\/types\/post"}],"author":[{"embeddable":true,"href":"https:\/\/www.europesays.com\/fr\/wp-json\/wp\/v2\/users\/2"}],"replies":[{"embeddable":true,"href":"https:\/\/www.europesays.com\/fr\/wp-json\/wp\/v2\/comments?post=227450"}],"version-history":[{"count":0,"href":"https:\/\/www.europesays.com\/fr\/wp-json\/wp\/v2\/posts\/227450\/revisions"}],"wp:featuredmedia":[{"embeddable":true,"href":"https:\/\/www.europesays.com\/fr\/wp-json\/wp\/v2\/media\/227451"}],"wp:attachment":[{"href":"https:\/\/www.europesays.com\/fr\/wp-json\/wp\/v2\/media?parent=227450"}],"wp:term":[{"taxonomy":"category","embeddable":true,"href":"https:\/\/www.europesays.com\/fr\/wp-json\/wp\/v2\/categories?post=227450"},{"taxonomy":"post_tag","embeddable":true,"href":"https:\/\/www.europesays.com\/fr\/wp-json\/wp\/v2\/tags?post=227450"}],"curies":[{"name":"wp","href":"https:\/\/api.w.org\/{rel}","templated":true}]}}