{"id":227462,"date":"2025-07-05T06:19:08","date_gmt":"2025-07-05T06:19:08","guid":{"rendered":"https:\/\/www.europesays.com\/fr\/227462\/"},"modified":"2025-07-05T06:19:08","modified_gmt":"2025-07-05T06:19:08","slug":"un-retour-surprise-en-vue","status":"publish","type":"post","link":"https:\/\/www.europesays.com\/fr\/227462\/","title":{"rendered":"un retour surprise en vue ?"},"content":{"rendered":"<p itemprop=\"description\">\u00c9vinc\u00e9 d\u2019Alpine en 2023, Otmar Szafnauer<br \/>\nserait pr\u00eat \u00e0 revenir en F1\u2026 en rachetant l\u2019\u00e9curie fran\u00e7aise,<br \/>\naujourd\u2019hui en plein chaos organisationnel.<\/p>\n<p data-start=\"273\" data-end=\"610\">Otmar Szafnauer, ex-dirigeant de<br \/>\nplusieurs \u00e9quipes de Formule 1 dont Force India, Racing Point,<br \/>\nAston Martin et Alpine, pourrait bien faire son grand retour dans<br \/>\nle paddock. Selon les informations de RacingNews365, l\u2019Am\u00e9ricain envisage<br \/>\nactuellement de racheter l\u2019\u00e9curie Alpine, aujourd\u2019hui en pleine<br \/>\ntourmente et sans direction claire.<\/p>\n<p data-start=\"612\" data-end=\"995\">\u00c9vinc\u00e9 de l\u2019\u00e9quipe fran\u00e7aise il<br \/>\ny a pr\u00e8s de deux ans, Szafnauer n\u2019a jamais cach\u00e9 son ambition de<br \/>\nretrouver un r\u00f4le de premier plan dans la discipline reine du sport<br \/>\nautomobile. R\u00e9cemment, il a confirm\u00e9 travailler avec un groupe<br \/>\nd\u2019investisseurs nord-am\u00e9ricains int\u00e9ress\u00e9s par une entr\u00e9e en F1 \u2014<br \/>\nque ce soit via la cr\u00e9ation d\u00a0\u00bbune nouvelle \u00e9curie ou le rachat<br \/>\nd&rsquo;une structure existante.<\/p>\n<p>Une nouvelle \u00e9quipe ? Trop<br \/>\nlong \u00e0 mettre en place<\/p>\n<p data-start=\"1052\" data-end=\"1430\">Si l\u2019id\u00e9e d\u2019une 12\u00e8me \u00e9quipe<br \/>\nsur la grille fait partie du projet initial de Szafnauer et de ses<br \/>\npartenaires, le r\u00e9cent feu vert accord\u00e9 \u00e0 Cadillac (ex-projet<br \/>\nAndretti) montre que la proc\u00e9dure pour obtenir une place sur la<br \/>\ngrille est extr\u00eamement longue. Il a fallu deux ans \u00e0 ce projet pour<br \/>\n\u00eatre valid\u00e9 par la FOM, un d\u00e9lai que l\u2019ancien patron d\u2019\u00e9curie juge<br \/>\nprobablement trop long.<\/p>\n<p data-start=\"1432\" data-end=\"1625\">Dans ce contexte, la solution<br \/>\nla plus rapide pour Szafnauer serait de racheter une \u00e9quipe d\u00e9j\u00e0<br \/>\nexistante. Et Alpine, en perte de rep\u00e8res et affaiblie, semble<br \/>\nrepr\u00e9senter une opportunit\u00e9 id\u00e9ale.<\/p>\n<p>Un contexte chaotique chez<br \/>\nAlpine<\/p>\n<p data-start=\"1666\" data-end=\"2031\">La situation interne chez<br \/>\nAlpine est loin d\u2019\u00eatre stable. Le d\u00e9part de Luca de Meo, pr\u00e9sident<br \/>\ndu groupe Renault, attendu le 15 juillet, laisse l\u2019\u00e9curie sans cap<br \/>\nstrat\u00e9gique clair. En parall\u00e8le, l\u2019\u00e9quipe est \u00e9galement priv\u00e9e de<br \/>\nteam principal depuis mai, suite \u00e0 la d\u00e9mission d\u2019Oliver Oakes<br \/>\napr\u00e8s l\u2019arrestation de son fr\u00e8re William, inculp\u00e9 pour blanchiment<br \/>\nd&rsquo;argent.<\/p>\n<p data-start=\"2033\" data-end=\"2287\">En attendant <a href=\"https:\/\/f1i.autojournal.fr\/infos\/breaking-news\/un-nouveau-patron-a-la-tete-dalpine-f1\/\" target=\"_blank\" rel=\"noopener\"><br \/>\nl\u2019arriv\u00e9e de Steve Nielsen comme directeur g\u00e9n\u00e9ral<\/a> en<br \/>\nseptembre, c\u2019est Flavio Briatore qui chapeaute temporairement les<br \/>\nop\u00e9rations en tant que conseiller ex\u00e9cutif. Mais sans leadership<br \/>\nstable, Alpine traverse une phase d&rsquo;incertitude majeure.<\/p>\n<p>Un timing strat\u00e9gique pour<br \/>\nSzafnauer<\/p>\n<p data-start=\"2331\" data-end=\"2681\">D\u00e9j\u00e0 l\u2019an dernier, Szafnauer<br \/>\navait approch\u00e9 de Meo pour \u00e9voquer un potentiel rachat. Cette<br \/>\ntentative avait \u00e9t\u00e9 refus\u00e9e. Mais le d\u00e9part imminent de ce dernier<br \/>\npourrait rebattre les cartes. D\u2019autant que, d\u00e8s 2026, Alpine ne<br \/>\nsera plus motoris\u00e9e par Renault, le constructeur ayant d\u00e9cid\u00e9<br \/>\nd\u2019abandonner son programme moteur pour devenir client de<br \/>\nMercedes.<\/p>\n<p data-start=\"2683\" data-end=\"3004\">Le flou persiste sur la<br \/>\nvalorisation actuelle d\u2019Alpine, dans un contexte o\u00f9 les \u00e9quipes de<br \/>\nF1 valent de plus en plus cher. Mais Szafnauer affirme que les<br \/>\ninvestisseurs qui le soutiennent ont les moyens de leurs ambitions.<br \/>\nSi Alpine se retrouve affaiblie et sans cap, une vente rapide<br \/>\npourrait devenir une option s\u00e9rieuse.<\/p>\n","protected":false},"excerpt":{"rendered":"\u00c9vinc\u00e9 d\u2019Alpine en 2023, Otmar Szafnauer serait pr\u00eat \u00e0 revenir en F1\u2026 en rachetant l\u2019\u00e9curie fran\u00e7aise, aujourd\u2019hui en&hellip;\n","protected":false},"author":2,"featured_media":227463,"comment_status":"","ping_status":"","sticky":false,"template":"","format":"standard","meta":{"footnotes":""},"categories":[1412],"tags":[2674,1451,1452,1453,1454,1455,1011,27,23983,60],"class_list":{"0":"post-227462","1":"post","2":"type-post","3":"status-publish","4":"format-standard","5":"has-post-thumbnail","7":"category-f1","8":"tag-alpine","9":"tag-f1","10":"tag-formula-1","11":"tag-formula1","12":"tag-formule-1","13":"tag-formule1","14":"tag-fr","15":"tag-france","16":"tag-otmar-szafnauer","17":"tag-sports"},"share_on_mastodon":{"url":"https:\/\/pubeurope.com\/@fr\/114799179424926494","error":""},"_links":{"self":[{"href":"https:\/\/www.europesays.com\/fr\/wp-json\/wp\/v2\/posts\/227462","targetHints":{"allow":["GET"]}}],"collection":[{"href":"https:\/\/www.europesays.com\/fr\/wp-json\/wp\/v2\/posts"}],"about":[{"href":"https:\/\/www.europesays.com\/fr\/wp-json\/wp\/v2\/types\/post"}],"author":[{"embeddable":true,"href":"https:\/\/www.europesays.com\/fr\/wp-json\/wp\/v2\/users\/2"}],"replies":[{"embeddable":true,"href":"https:\/\/www.europesays.com\/fr\/wp-json\/wp\/v2\/comments?post=227462"}],"version-history":[{"count":0,"href":"https:\/\/www.europesays.com\/fr\/wp-json\/wp\/v2\/posts\/227462\/revisions"}],"wp:featuredmedia":[{"embeddable":true,"href":"https:\/\/www.europesays.com\/fr\/wp-json\/wp\/v2\/media\/227463"}],"wp:attachment":[{"href":"https:\/\/www.europesays.com\/fr\/wp-json\/wp\/v2\/media?parent=227462"}],"wp:term":[{"taxonomy":"category","embeddable":true,"href":"https:\/\/www.europesays.com\/fr\/wp-json\/wp\/v2\/categories?post=227462"},{"taxonomy":"post_tag","embeddable":true,"href":"https:\/\/www.europesays.com\/fr\/wp-json\/wp\/v2\/tags?post=227462"}],"curies":[{"name":"wp","href":"https:\/\/api.w.org\/{rel}","templated":true}]}}