{"id":227467,"date":"2025-07-05T06:22:09","date_gmt":"2025-07-05T06:22:09","guid":{"rendered":"https:\/\/www.europesays.com\/fr\/227467\/"},"modified":"2025-07-05T06:22:09","modified_gmt":"2025-07-05T06:22:09","slug":"mariage-ultra-confidentiel-de-karim-benzema-et-lyna-khoudri-en-corse-ce-week-end-ce-que-lon-sait","status":"publish","type":"post","link":"https:\/\/www.europesays.com\/fr\/227467\/","title":{"rendered":"Mariage ultra-confidentiel de Karim Benzema et Lyna Khoudri en Corse ce week-end : ce que l&rsquo;on sait"},"content":{"rendered":"<p>Ils auront gard\u00e9 le secret jusqu&rsquo;au dernier moment. Selon nos informations, le footballeur <a href=\"https:\/\/www.laprovence.com\/article\/politique\/14142959561904\/darmanin-maintient-sa-position-sur-karim-benzema-quil-accuse-de-cacher-quelque-chose\" target=\"_blank\" rel=\"noopener\">Karim Benzema<\/a> et l&rsquo;actrice Lyna Khoudri c\u00e9l\u00e9breront leur mariage ce samedi 5\u00a0juillet au Domaine Lagnonu, \u00e0 Coti-Chiavari (Corse-du-Sud).<\/p>\n<p>C&rsquo;est dans une absolue discr\u00e9tion que le couple a choisi de s&rsquo;unir dans cet \u00e9tablissement situ\u00e9 sur la c\u00f4te sauvage du golfe d&rsquo;<a href=\"https:\/\/www.laprovence.com\/article\/sports\/1406822821656315\/ligue-2-martigues-bat-ajaccio-et-passe-barragiste\" target=\"_blank\" rel=\"noopener\">Ajaccio<\/a>, r\u00e9put\u00e9 pour sa confidentialit\u00e9 et son cadre d&rsquo;exception.<\/p>\n<p>Contact\u00e9e, la direction du domaine d\u00e9ment une information que <a href=\"https:\/\/www.corsematin.com\/article\/people\/2324319181278514\/ce-que-lon-sait-du-mariage-ultra-confidentiel-de-karim-benzema-et-lyna-khoudri-en-corse-ce-week-end\" target=\"_blank\" rel=\"noopener\">Corse Matin <\/a>est toutefois en mesure de confirmer.<\/p>\n<p>Connu pour ses villas intimistes et son cadre naturel idyllique, l&rsquo;\u00e9tablissement accueille r\u00e9guli\u00e8rement des \u00e9v\u00e9nements \u00e0 l&rsquo;abri des regards. Si les festivit\u00e9s doivent s&rsquo;\u00e9tendre sur le week-end, le reste du programme demeure secret. Tout comme la relation des futurs mari\u00e9s, longtemps tenue \u00e0 l&rsquo;abri des regards.<\/p>\n<p>C&rsquo;est en octobre\u00a02022, au th\u00e9\u00e2tre du Ch\u00e2telet \u00e0 Paris que le footballeur a crois\u00e9 la route de l&rsquo;actrice pour la premi\u00e8re fois. <a href=\"https:\/\/www.laprovence.com\/actu\/en-direct\/6790134\/proces-de-la-sextape-karim-benzema-sest-desiste-de-son-appel-selon-son-avocat.html\" target=\"_blank\" rel=\"noopener\">Karim Benzema<\/a> s&rsquo;\u00e9tait alors vu d\u00e9cerner un Ballon d&rsquo;or tr\u00e8s attendu, sous les yeux d&rsquo;une certaine Lyna Khoudri. Rest\u00e9s discrets durant plus de deux ans, ils ont officialis\u00e9 main dans la main leur relation en mai dernier, sur le tapis rouge du <a href=\"https:\/\/www.laprovence.com\/article\/region\/2004136571346114\/de-villeneuve-a-la-croisette-un-jeune-autodidacte-brille-au-festival-de-cannes-avec-son-court-metrage-sur-coluche\" target=\"_blank\" rel=\"noopener\">Festival de Cannes<\/a>.\u00a0\u00ab\u00a0Ce sont de belles images, des moments qu&rsquo;on a envie de vivre avec les gens qu&rsquo;on aime, et je voulais partager \u00e7a avec lui\u00a0\u00bb, avait alors d\u00e9clar\u00e9 l&rsquo;actrice sur le plateau de l&rsquo;\u00e9mission Quotidien le mois suivant.<\/p>\n<p>En 1998, Christian Karambeu \u00e9pousait Adriana \u00e0 Porto-Vecchio<\/p>\n<p>Ancien attaquant vedette du <a href=\"https:\/\/www.laprovence.com\/article\/sports\/78256266814611\/basket-parti-de-marseille-depuis-ses-13-ans-pour-le-real-madrid-kyllian-michee-est-maintenant-pret-a-decoller\" target=\"_blank\" rel=\"noopener\">Real Madrid<\/a> et de l&rsquo;\u00e9quipe de France, Karim Benzema poursuit aujourd&rsquo;hui sa carri\u00e8re \u00e0 Al-Ittihad, en Arabie saoudite. P\u00e8re de quatre enfants issus de pr\u00e9c\u00e9dentes unions, il s&rsquo;appr\u00eate \u00e0 se marier pour la seconde fois.<\/p>\n<p>\u00c0 37 ans, il a d\u00e9j\u00e0 partag\u00e9 la vie de Chlo\u00e9 de Launay, puis de la mannequin Cora Gauthier, qu&rsquo;il avait \u00e9pous\u00e9e en 2017. Il a \u00e9galement eu un enfant avec la mannequin am\u00e9ricaine Jordan Ozuna.<\/p>\n<p>Actrice franco-alg\u00e9rienne de 32 ans, Lyna Khoudri s&rsquo;est notamment fait conna\u00eetre dans\u00a0Papicha\u00a0(2019). Un r\u00f4le qui lui a d&rsquo;ailleurs valu le C\u00e9sar du meilleur espoir f\u00e9minin. Depuis, l&rsquo;actrice a encha\u00een\u00e9 les tournages, comme dans\u00a0Les Olympiades,\u00a0Novembre,\u00a0The French Dispatch\u00a0ou encore\u00a0Les Trois Mousquetaires, aux c\u00f4t\u00e9s de Fran\u00e7ois Civil. \u00c0 Cannes, elle \u00e9tait venue d\u00e9fendre\u00a013 jours, 13 nuits,\u00a0ainsi que\u00a0Les Aigles de la R\u00e9publique.<\/p>\n<p>Ce n&rsquo;est pas la premi\u00e8re fois qu&rsquo;un international de l&rsquo;\u00e9quipe de France choisit la <a href=\"https:\/\/www.laprovence.com\/article\/region\/66383093693549\/soldes-dete-2025-dates-de-debut-et-de-fin-demarques-le-calendrier-pratique-en-provence-et-en-corse\" target=\"_blank\" rel=\"noopener\">Corse <\/a>pour ses noces. Le 22\u00a0d\u00e9cembre 1998, Christian Karambeu \u00e9pousait Adriana \u00e0 l&rsquo;h\u00f4tel Belv\u00e9d\u00e8re de Porto-Vecchio, apr\u00e8s s&rsquo;\u00eatre dit oui dans l&rsquo;\u00e9glise de la commune, en pr\u00e9sence du maire, Camille de Rocca Serra, et sous l&rsquo;objectif de nombreux photographes.<\/p>\n<p>Une m\u00e9diatisation qui tranche avec l&rsquo;intimit\u00e9 recherch\u00e9e par le couple Benzema-Khoudri, qui devrait prolonger son s\u00e9jour en Corse \u00e0 l&rsquo;issue de la noce.<\/p>\n","protected":false},"excerpt":{"rendered":"Ils auront gard\u00e9 le secret jusqu&rsquo;au dernier moment. Selon nos informations, le footballeur Karim Benzema et l&rsquo;actrice Lyna&hellip;\n","protected":false},"author":2,"featured_media":227468,"comment_status":"","ping_status":"","sticky":false,"template":"","format":"standard","meta":{"footnotes":""},"categories":[1359],"tags":[17,36545,2517,58,59,1011,27,32431,36565,36564,1930,973,104,36544],"class_list":{"0":"post-227467","1":"post","2":"type-post","3":"status-publish","4":"format-standard","5":"has-post-thumbnail","7":"category-people","8":"tag-17","9":"tag-benzema","10":"tag-corse","11":"tag-divertissement","12":"tag-entertainment","13":"tag-fr","14":"tag-france","15":"tag-karim","16":"tag-khoudri","17":"tag-lyna","18":"tag-mariage","19":"tag-people","20":"tag-societe","21":"tag-ultra-confidentiel"},"share_on_mastodon":{"url":"https:\/\/pubeurope.com\/@fr\/114799191540540822","error":""},"_links":{"self":[{"href":"https:\/\/www.europesays.com\/fr\/wp-json\/wp\/v2\/posts\/227467","targetHints":{"allow":["GET"]}}],"collection":[{"href":"https:\/\/www.europesays.com\/fr\/wp-json\/wp\/v2\/posts"}],"about":[{"href":"https:\/\/www.europesays.com\/fr\/wp-json\/wp\/v2\/types\/post"}],"author":[{"embeddable":true,"href":"https:\/\/www.europesays.com\/fr\/wp-json\/wp\/v2\/users\/2"}],"replies":[{"embeddable":true,"href":"https:\/\/www.europesays.com\/fr\/wp-json\/wp\/v2\/comments?post=227467"}],"version-history":[{"count":0,"href":"https:\/\/www.europesays.com\/fr\/wp-json\/wp\/v2\/posts\/227467\/revisions"}],"wp:featuredmedia":[{"embeddable":true,"href":"https:\/\/www.europesays.com\/fr\/wp-json\/wp\/v2\/media\/227468"}],"wp:attachment":[{"href":"https:\/\/www.europesays.com\/fr\/wp-json\/wp\/v2\/media?parent=227467"}],"wp:term":[{"taxonomy":"category","embeddable":true,"href":"https:\/\/www.europesays.com\/fr\/wp-json\/wp\/v2\/categories?post=227467"},{"taxonomy":"post_tag","embeddable":true,"href":"https:\/\/www.europesays.com\/fr\/wp-json\/wp\/v2\/tags?post=227467"}],"curies":[{"name":"wp","href":"https:\/\/api.w.org\/{rel}","templated":true}]}}