{"id":227469,"date":"2025-07-05T06:23:10","date_gmt":"2025-07-05T06:23:10","guid":{"rendered":"https:\/\/www.europesays.com\/fr\/227469\/"},"modified":"2025-07-05T06:23:10","modified_gmt":"2025-07-05T06:23:10","slug":"loeuvre-de-francis-poulenc-va-resonner-a-espalion","status":"publish","type":"post","link":"https:\/\/www.europesays.com\/fr\/227469\/","title":{"rendered":"L\u2019oeuvre de Francis Poulenc va r\u00e9sonner \u00e0 Espalion"},"content":{"rendered":"<p>Un peu de musique sur le <a href=\"https:\/\/www.20minutes.fr\/societe\/972921-20120717-routes-celebres-mythiques-france-chemins-compostelle\" class=\"color-ultramarine c-link\" rel=\"nofollow noopener\" target=\"_blank\">chemin de Compostelle<\/a>. Pour ceux et celles qui emprunteront cet \u00e9t\u00e9 <a href=\"https:\/\/chemindecompostelle.com\/gr-65-voie-du-puy-en-velay\/\" rel=\"nofollow noopener\" target=\"_blank\" class=\"color-ultramarine c-link\">le GR65<\/a>, un stop \u00e0 Espalion (<a href=\"https:\/\/www.20minutes.fr\/dossier\/aveyron\" class=\"color-ultramarine c-link\" rel=\"nofollow noopener\" target=\"_blank\">Aveyron<\/a>) entre le 11 et le 16\u00a0ao\u00fbt, vous plongera dans l\u2019univers de <a href=\"https:\/\/poulenc.fr\/biographie\/\" rel=\"nofollow noopener\" target=\"_blank\" class=\"color-ultramarine c-link\">Francis Poulenc<\/a>. La commune est le berceau de la famille du compositeur. La rue principale t\u00e9moigne de l\u2019impact de celle-ci avec le boulevard Joseph-Poulenc, pharmacien et bienfaiteur d\u2019Espalion, <a href=\"https:\/\/www.centrepresseaveyron.fr\/2020\/03\/31\/la-famille-poulenc-a-laisse-une-empreinte-indelebile,8826308.php\" rel=\"nofollow noopener\" target=\"_blank\" class=\"color-ultramarine c-link\">comme le raconte Centre Presse<\/a>. Un instrument du pianiste est conserv\u00e9 dans la Tour de Masse, ancienne propri\u00e9t\u00e9 de la famille. Et d\u00e9sormais, Francis Poulenc aura un festival en son honneur.<\/p>\n<p>L\u2019association <a href=\"https:\/\/www.bulletindespalion.fr\/actualite-49946-espalion-premier-sourire-du-midi-une-nouvelle-association-pour-donner-du-poids-a-la-parole-des-espalionnais\" target=\"_blank\" class=\"color-ultramarine c-link\" rel=\"nofollow noopener\">Espalion, premier sourire du Midi<\/a> organise du 11 au 16\u00a0ao\u00fbt le <a href=\"https:\/\/www.onparticipe.fr\/b\/zsgXhSjB\" target=\"_blank\" class=\"color-ultramarine c-link\" rel=\"nofollow noopener\">festival Francis Poulenc &amp; Friends<\/a>. Au programme\u00a0: une conf\u00e9rence et trois concerts avec le baryton Herv\u00e9 Ribaud-Shinberg, le pianiste Joseph Birnbaum et la chanteuse mezzo-soprano et marraine de cette premi\u00e8re \u00e9dition Delphine Haidan. Le concert du 15\u00a0ao\u00fbt sera d\u2019ailleurs capt\u00e9 par les \u00e9quipes de Canal+\u00a0(et la messe du matin diffus\u00e9e sur CStar).<\/p>\n<p>Billets de 15 \u00e0 20 euros pour les adultes, de 10 \u00e0 15 euros pour les -18 ans.<\/p>\n","protected":false},"excerpt":{"rendered":"Un peu de musique sur le chemin de Compostelle. Pour ceux et celles qui emprunteront cet \u00e9t\u00e9 le&hellip;\n","protected":false},"author":2,"featured_media":227470,"comment_status":"","ping_status":"","sticky":false,"template":"","format":"standard","meta":{"footnotes":""},"categories":[1358],"tags":[1348,1384,1385,18483,251,1386,58,59,2883,1011,27,26316,1393,2721,873,2936,2680],"class_list":{"0":"post-227469","1":"post","2":"type-post","3":"status-publish","4":"format-standard","5":"has-post-thumbnail","7":"category-arts-et-design","8":"tag-arts","9":"tag-arts-and-design","10":"tag-arts-et-design","11":"tag-aveyron","12":"tag-culture","13":"tag-design","14":"tag-divertissement","15":"tag-entertainment","16":"tag-ete","17":"tag-fr","18":"tag-france","19":"tag-idees-de-sorties","20":"tag-loisirs","21":"tag-midi-pyrenees","22":"tag-musique","23":"tag-musique-classique","24":"tag-occitanie"},"share_on_mastodon":{"url":"https:\/\/pubeurope.com\/@fr\/114799195218678583","error":""},"_links":{"self":[{"href":"https:\/\/www.europesays.com\/fr\/wp-json\/wp\/v2\/posts\/227469","targetHints":{"allow":["GET"]}}],"collection":[{"href":"https:\/\/www.europesays.com\/fr\/wp-json\/wp\/v2\/posts"}],"about":[{"href":"https:\/\/www.europesays.com\/fr\/wp-json\/wp\/v2\/types\/post"}],"author":[{"embeddable":true,"href":"https:\/\/www.europesays.com\/fr\/wp-json\/wp\/v2\/users\/2"}],"replies":[{"embeddable":true,"href":"https:\/\/www.europesays.com\/fr\/wp-json\/wp\/v2\/comments?post=227469"}],"version-history":[{"count":0,"href":"https:\/\/www.europesays.com\/fr\/wp-json\/wp\/v2\/posts\/227469\/revisions"}],"wp:featuredmedia":[{"embeddable":true,"href":"https:\/\/www.europesays.com\/fr\/wp-json\/wp\/v2\/media\/227470"}],"wp:attachment":[{"href":"https:\/\/www.europesays.com\/fr\/wp-json\/wp\/v2\/media?parent=227469"}],"wp:term":[{"taxonomy":"category","embeddable":true,"href":"https:\/\/www.europesays.com\/fr\/wp-json\/wp\/v2\/categories?post=227469"},{"taxonomy":"post_tag","embeddable":true,"href":"https:\/\/www.europesays.com\/fr\/wp-json\/wp\/v2\/tags?post=227469"}],"curies":[{"name":"wp","href":"https:\/\/api.w.org\/{rel}","templated":true}]}}