{"id":227471,"date":"2025-07-05T06:24:09","date_gmt":"2025-07-05T06:24:09","guid":{"rendered":"https:\/\/www.europesays.com\/fr\/227471\/"},"modified":"2025-07-05T06:24:09","modified_gmt":"2025-07-05T06:24:09","slug":"sur-la52-laire-marcel-pagnol-de-peypin-se-mue-en-bibliotheque","status":"publish","type":"post","link":"https:\/\/www.europesays.com\/fr\/227471\/","title":{"rendered":"Sur l\u2019A52 l\u2019aire Marcel-Pagnol de Peypin se mue en biblioth\u00e8que"},"content":{"rendered":"<p>Vous \u00eates-vous d\u00e9j\u00e0 arr\u00eat\u00e9s sur une aire d\u2019autoroute pour lire\u00a0? <a href=\"https:\/\/www.laprovence.com\/article\/region\/31096482381183\/une-aire-dautoroute-de-la52-inauguree-en-memoire-de-lecrivain-provencal-marcel-pagnol\" target=\"_blank\" rel=\"noopener\">Sur l\u2019aire Marcel-Pagnol, situ\u00e9e sur l\u2019A52<\/a> dans le sens Aix-en-Provence &#8211; Aubagne, des biblioth\u00e8ques ont \u00e9t\u00e9 install\u00e9es par Vinci Autoroutes. Cette op\u00e9ration baptis\u00e9e \u00ab\u00a0Lire c\u2019est voyager, voyager c\u2019est lire\u00a0\u00bb a lieu tous les vendredis et samedis jusqu\u2019au 9\u00a0ao\u00fbt.<\/p>\n<p>Une s\u00e9lection de 14\u00a0livres, tous issus de la collection Gallimard, est propos\u00e9e gratuitement. Parmi eux, le prix Renaudot des lyc\u00e9ens 2023, Panama, \u00e9crit par Lilia Hassaine, marraine de cette 7e \u00e9dition qui a choisi les livres expos\u00e9s cette ann\u00e9e.<\/p>\n<p>Des histoires sont cont\u00e9es aux enfants<\/p>\n<p>L\u2019op\u00e9ration a eu du succ\u00e8s par le pass\u00e9 selon Carine Bazei, responsable communication du district Alpes-Provence de Vinci Autoroutes. \u00ab\u00a0Nous avons distribu\u00e9 165\u00a0000\u00a0livres en six ans sur tout le territoire. Pour aiguiller les lecteurs dans leur choix de lecture, <a href=\"https:\/\/www.laprovence.com\/article\/culture-loisirs\/97488005362952\/lilia-hassaine-ex-chroniqueuse-de-quotidien-confie-a-avignon-je-vais-ecrire-un-roman-damour\" target=\"_blank\" rel=\"noopener\">Lilia Hassaine<\/a> a r\u00e9dig\u00e9 des notices pour chaque livre\u00a0\u00bb, d\u00e9taille-t-elle.<\/p>\n","protected":false},"excerpt":{"rendered":"Vous \u00eates-vous d\u00e9j\u00e0 arr\u00eat\u00e9s sur une aire d\u2019autoroute pour lire\u00a0? Sur l\u2019aire Marcel-Pagnol, situ\u00e9e sur l\u2019A52 dans le&hellip;\n","protected":false},"author":2,"featured_media":227472,"comment_status":"","ping_status":"","sticky":false,"template":"","format":"standard","meta":{"footnotes":""},"categories":[1357],"tags":[17,7702,1379,58,59,1011,27,36566,36567,1380,36568,36570,36569,104,3356],"class_list":{"0":"post-227471","1":"post","2":"type-post","3":"status-publish","4":"format-standard","5":"has-post-thumbnail","7":"category-livres","8":"tag-17","9":"tag-bibliotheque","10":"tag-books","11":"tag-divertissement","12":"tag-entertainment","13":"tag-fr","14":"tag-france","15":"tag-la52","16":"tag-laire","17":"tag-livres","18":"tag-marcel-pagnol","19":"tag-mue","20":"tag-peypin","21":"tag-societe","22":"tag-sur"},"share_on_mastodon":{"url":"https:\/\/pubeurope.com\/@fr\/114799199303008542","error":""},"_links":{"self":[{"href":"https:\/\/www.europesays.com\/fr\/wp-json\/wp\/v2\/posts\/227471","targetHints":{"allow":["GET"]}}],"collection":[{"href":"https:\/\/www.europesays.com\/fr\/wp-json\/wp\/v2\/posts"}],"about":[{"href":"https:\/\/www.europesays.com\/fr\/wp-json\/wp\/v2\/types\/post"}],"author":[{"embeddable":true,"href":"https:\/\/www.europesays.com\/fr\/wp-json\/wp\/v2\/users\/2"}],"replies":[{"embeddable":true,"href":"https:\/\/www.europesays.com\/fr\/wp-json\/wp\/v2\/comments?post=227471"}],"version-history":[{"count":0,"href":"https:\/\/www.europesays.com\/fr\/wp-json\/wp\/v2\/posts\/227471\/revisions"}],"wp:featuredmedia":[{"embeddable":true,"href":"https:\/\/www.europesays.com\/fr\/wp-json\/wp\/v2\/media\/227472"}],"wp:attachment":[{"href":"https:\/\/www.europesays.com\/fr\/wp-json\/wp\/v2\/media?parent=227471"}],"wp:term":[{"taxonomy":"category","embeddable":true,"href":"https:\/\/www.europesays.com\/fr\/wp-json\/wp\/v2\/categories?post=227471"},{"taxonomy":"post_tag","embeddable":true,"href":"https:\/\/www.europesays.com\/fr\/wp-json\/wp\/v2\/tags?post=227471"}],"curies":[{"name":"wp","href":"https:\/\/api.w.org\/{rel}","templated":true}]}}