{"id":227495,"date":"2025-07-05T06:38:13","date_gmt":"2025-07-05T06:38:13","guid":{"rendered":"https:\/\/www.europesays.com\/fr\/227495\/"},"modified":"2025-07-05T06:38:13","modified_gmt":"2025-07-05T06:38:13","slug":"frouard-la-peniche-abandonnee-anita-est-en-cours-de-demantelement-apres-15-ans-dimmobilisation","status":"publish","type":"post","link":"https:\/\/www.europesays.com\/fr\/227495\/","title":{"rendered":"Frouard. La p\u00e9niche abandonn\u00e9e Anita est en cours de d\u00e9mant\u00e8lement apr\u00e8s 15 ans d\u2019immobilisation"},"content":{"rendered":"<p>C\u2019est la premi\u00e8re fois qu\u2019une telle op\u00e9ration est r\u00e9alis\u00e9e pour la direction territoriale nord-est. Depuis le 10\u00a0juin 2025, l\u2019Anita, une p\u00e9niche de commerce de 85 m\u00e8tres de long sur 8,20\u00a0m\u00e8tres de large est d\u00e9mantel\u00e9e. <\/p>\n<p>Le bateau sous pavillon Roumain, \u00e0 l\u2019origine d\u2019un accident, devrait sortir de l\u2019eau dans les prochains jours.<\/p>\n<p>Une vanne d\u00e9truite<\/p>\n<p>Le 18\u00a0d\u00e9cembre 2010, la p\u00e9niche de commerce, charg\u00e9e de sels de d\u00e9neigement au port public de&#8230;<\/p>\n","protected":false},"excerpt":{"rendered":"C\u2019est la premi\u00e8re fois qu\u2019une telle op\u00e9ration est r\u00e9alis\u00e9e pour la direction territoriale nord-est. Depuis le 10\u00a0juin 2025,&hellip;\n","protected":false},"author":2,"featured_media":227496,"comment_status":"","ping_status":"","sticky":false,"template":"","format":"standard","meta":{"footnotes":""},"categories":[9635],"tags":[1111,11,9661,1707,1704,1706,1705,436,1777,674,1011,27,9660,775,3457,1702,12,25,104],"class_list":{"0":"post-227495","1":"post","2":"type-post","3":"status-publish","4":"format-standard","5":"has-post-thumbnail","7":"category-nancy","8":"tag-actu","9":"tag-actualites","10":"tag-cc-du-bassin-de-pompey-54b1","11":"tag-edition-luneville","12":"tag-edition-nancy-et-agglomeration","13":"tag-edition-pont-a-mousson","14":"tag-edition-toul","15":"tag-environnement","16":"tag-eu","17":"tag-europe","18":"tag-fr","19":"tag-france","20":"tag-frouard","21":"tag-grand-est","22":"tag-meurthe-et-moselle","23":"tag-nancy","24":"tag-news","25":"tag-republique-francaise","26":"tag-societe"},"share_on_mastodon":{"url":"https:\/\/pubeurope.com\/@fr\/114799254199549237","error":""},"_links":{"self":[{"href":"https:\/\/www.europesays.com\/fr\/wp-json\/wp\/v2\/posts\/227495","targetHints":{"allow":["GET"]}}],"collection":[{"href":"https:\/\/www.europesays.com\/fr\/wp-json\/wp\/v2\/posts"}],"about":[{"href":"https:\/\/www.europesays.com\/fr\/wp-json\/wp\/v2\/types\/post"}],"author":[{"embeddable":true,"href":"https:\/\/www.europesays.com\/fr\/wp-json\/wp\/v2\/users\/2"}],"replies":[{"embeddable":true,"href":"https:\/\/www.europesays.com\/fr\/wp-json\/wp\/v2\/comments?post=227495"}],"version-history":[{"count":0,"href":"https:\/\/www.europesays.com\/fr\/wp-json\/wp\/v2\/posts\/227495\/revisions"}],"wp:featuredmedia":[{"embeddable":true,"href":"https:\/\/www.europesays.com\/fr\/wp-json\/wp\/v2\/media\/227496"}],"wp:attachment":[{"href":"https:\/\/www.europesays.com\/fr\/wp-json\/wp\/v2\/media?parent=227495"}],"wp:term":[{"taxonomy":"category","embeddable":true,"href":"https:\/\/www.europesays.com\/fr\/wp-json\/wp\/v2\/categories?post=227495"},{"taxonomy":"post_tag","embeddable":true,"href":"https:\/\/www.europesays.com\/fr\/wp-json\/wp\/v2\/tags?post=227495"}],"curies":[{"name":"wp","href":"https:\/\/api.w.org\/{rel}","templated":true}]}}