{"id":22750,"date":"2025-04-13T17:54:09","date_gmt":"2025-04-13T17:54:09","guid":{"rendered":"https:\/\/www.europesays.com\/fr\/22750\/"},"modified":"2025-04-13T17:54:09","modified_gmt":"2025-04-13T17:54:09","slug":"lanses-alerte-sur-les-risques","status":"publish","type":"post","link":"https:\/\/www.europesays.com\/fr\/22750\/","title":{"rendered":"l&rsquo;Anses alerte sur les risques"},"content":{"rendered":"<p>Selon une directive de la Commission europ\u00e9enne, les compl\u00e9ments alimentaires sont \u00ab\u00a0des denr\u00e9es alimentaires dont le but est de compl\u00e9ter un r\u00e9gime alimentaire normal et qui constituent une source concentr\u00e9e de nutriments ou d\u2019autres substances (comme les plantes, NDLR) ayant un effet nutritionnel ou physiologique seuls ou combin\u00e9s \u00bb.<\/p>\n<p>Ils sont commercialis\u00e9s sous formes de g\u00e9lules, pastilles, comprim\u00e9s, sachets de poudre, ampoules\u2026<\/p>\n<p>Les compl\u00e9ments alimentaires sont pr\u00e9sent\u00e9s comme des moyens d\u2019am\u00e9liorer les apports nutritionnels et renfermeraient des capacit\u00e9s sp\u00e9cifiques : faciliter la digestion, l\u2019endormissement, la vitalit\u00e9, le grain de peau, stimuler la pousse des ongles et des cheveux, perdre du poids\u2026<\/p>\n<p><strong>Quelle consommation de compl\u00e9ments alimentaires en France\u00a0? <\/strong><\/p>\n<p>Selon l\u2019observatoire annuel des compl\u00e9ments alimentaires (Harris Interactive pour Synadiet, 2024), 59 % des Fran\u00e7ais en consomment. Interrog\u00e9s sur les crit\u00e8res motivant leurs achats, les consommateurs citent le caract\u00e8re naturel des produits (80 %), leur origine fran\u00e7aise (67 %) et leur certification biologique (53 %).<\/p>\n<p>De son c\u00f4t\u00e9, l\u2019Anses cite l\u2019\u00e9tude Inca 3 (2014 \u2013 2015) qui met en avance un doublement de la consommation par rapport \u00e0 la pr\u00e9c\u00e9dente \u00e9tude Inca (2006-2007).<\/p>\n<p><strong>Quelles diff\u00e9rences avec un m\u00e9dicament\u00a0? <\/strong><\/p>\n<p>N\u2019\u00e9tant pas un m\u00e9dicament, le compl\u00e9ment alimentaire ne n\u00e9cessite pas d\u2019autorisation de mise sur le march\u00e9. Pour la m\u00eame raison, aucune \u00e9tude d\u2019efficacit\u00e9, d\u2019innocuit\u00e9 n\u2019est donc requise avant sa commercialisation.<\/p>\n<p>Aucun effet th\u00e9rapeutique ne peut non plus \u00eatre revendiqu\u00e9 (contrairement aux m\u00e9dicaments) ; mais seulement un nombre limit\u00e9 d\u2019all\u00e9gations nutritionnelles et de sant\u00e9, strictement encadr\u00e9es par la commission europ\u00e9enne.<\/p>\n<p>Les compl\u00e9ments alimentaires doivent faire l\u2019objet d\u2019une d\u00e9claration aupr\u00e8s de la direction g\u00e9n\u00e9rale de l\u2019alimentation (DGAL). Celle-ci examine leur composition et r\u00e9alise des contr\u00f4les, au m\u00eame titre que pour d\u2019autres cat\u00e9gories de denr\u00e9es alimentaires.<\/p>\n<p><strong>Les compl\u00e9ments alimentaires sont-ils utiles\u00a0? <\/strong><\/p>\n<p>\u00ab Les d\u00e9ficits d\u2019apport et a fortiori les carences en nutriments sont tr\u00e8s rares dans la population g\u00e9n\u00e9rale et concernent principalement la vitamine D \u00bb, souligne l\u2019Anses. En l\u2019absence de pathologie, les besoins journaliers sont couverts par une alimentation vari\u00e9e, \u00e9quilibr\u00e9e et une activit\u00e9 physique quotidienne.<\/p>\n<p>Toutefois des carences en nutriment peuvent \u00eatre observ\u00e9es chez des populations ayant des besoins accrus (femmes enceintes, enfants, personnes \u00e2g\u00e9es) ou des comportements alimentaires sp\u00e9cifiques (r\u00e9gime v\u00e9g\u00e9talien notamment). La prise d\u2019un compl\u00e9ment alimentaire serait alors justifi\u00e9e pour couvrir un besoin nutritionnel qui ne pourrait \u00eatre couvert par l\u2019alimentation.<\/p>\n<p>  <strong>Quels sont les risques li\u00e9s aux compl\u00e9ments alimentaires\u00a0? <\/strong><\/p>\n<p>Les risques sont nombreux, d\u00e9pendent du compl\u00e9ment alimentaire et de la personne qui le consomme. Citons\u00a0:<\/p>\n<ul>\n<li>des r\u00e9actions allergiques parfois s\u00e9v\u00e8res\u00a0;<\/li>\n<li>des atteintes h\u00e9patiques (notamment li\u00e9es \u00e0 la levure de riz rouge)\u00a0;<\/li>\n<li>des risques de d\u00e9passement des limites de s\u00e9curit\u00e9 (hypercalc\u00e9mie pour une surdose de vitamine D)\u00a0;<\/li>\n<li>des interactions m\u00e9dicamenteuses.<\/li>\n<\/ul>\n<p>Par ailleurs, le fait de vouloir r\u00e9gler un probl\u00e8me comme la fatigue par la prise de compl\u00e9ments alimentaires peut retarder le diagnostic d\u2019un probl\u00e8me plus grave\u00a0comme une an\u00e9mie, une hypothyro\u00efdie, une d\u00e9pression, une mononucl\u00e9ose\u2026<\/p>\n<p>L\u2019Anses tient <a href=\"https:\/\/www.anses.fr\/fr\/content\/complements-alimentaires-plantes-meilleure-information-des-consommateurs\" target=\"_blank\" rel=\"noopener nofollow\">un tableau d\u2019information sur les plantes m\u00e9dicinales utilis\u00e9es dans des compl\u00e9ments alimentaires<\/a> et n\u00e9cessitant des pr\u00e9cautions d\u2019emplois.<\/p>\n<p>En effet, \u00ab\u00a0la simple mention de la pr\u00e9sence de plantes dans les compl\u00e9ments alimentaires peut parfois \u00eatre\u00a0faussement rassurante\u00a0pour le consommateur, alors que\u00a0certaines plantes peuvent pr\u00e9senter un risque\u00a0dans certaines conditions d\u2019utilisation, selon le type d\u2019extraits de plantes ou la sensibilit\u00e9 de populations particuli\u00e8res, comme les femmes enceintes ou les enfants\u00a0\u00bb.<\/p>\n<p><strong>Comment consommer des compl\u00e9ments alimentaires en toute s\u00e9curit\u00e9\u00a0? <\/strong><\/p>\n<p>L\u2019Anses formule 5 conseils pour \u00e9viter les risques li\u00e9s \u00e0 la prise de compl\u00e9ment alimentaire\u00a0:<\/p>\n<ul>\n<li>demander conseil \u00e0 un professionnel de sant\u00e9\u00a0;<\/li>\n<li>\u00e9viter les prises prolong\u00e9es, r\u00e9p\u00e9t\u00e9es ou multiples\u00a0;<\/li>\n<li>respecter les conditions d\u2019emploi\u00a0;<\/li>\n<li>\u00eatre vigilant quant aux produits pr\u00e9sent\u00e9s comme miraculeux\u00a0;<\/li>\n<li>privil\u00e9gier les produits vendus dans les circuits les mieux contr\u00f4l\u00e9s.<\/li>\n<\/ul>\n<p>\u00a0<\/p>\n<p>\u00ab\u00a0Il appara\u00eet que la consommation de compl\u00e9ments alimentaires n\u2019est\u00a0pas un acte anodin. Sa banalisation conduit certains consommateurs \u00e0 s\u2019exposer \u00e0 des risques sanitaires pour un b\u00e9n\u00e9fice incertain\u00a0\u00bb, expliquait en 2022 Aymeric Dopter, chef de l\u2019Unit\u00e9 d\u2019\u00e9valuation des risques li\u00e9s \u00e0 la nutrition de l\u2019Anses.<\/p>\n","protected":false},"excerpt":{"rendered":"Selon une directive de la Commission europ\u00e9enne, les compl\u00e9ments alimentaires sont \u00ab\u00a0des denr\u00e9es alimentaires dont le but est&hellip;\n","protected":false},"author":2,"featured_media":22751,"comment_status":"","ping_status":"","sticky":false,"template":"","format":"standard","meta":{"footnotes":""},"categories":[10],"tags":[107,1011,27,72,1031,5362,4991,71],"class_list":{"0":"post-22750","1":"post","2":"type-post","3":"status-publish","4":"format-standard","5":"has-post-thumbnail","7":"category-sante","8":"tag-fil-info","9":"tag-fr","10":"tag-france","11":"tag-health","12":"tag-magazine","13":"tag-magazine-sante","14":"tag-nutrition","15":"tag-sante"},"share_on_mastodon":{"url":"https:\/\/pubeurope.com\/@fr\/114331940520586348","error":""},"_links":{"self":[{"href":"https:\/\/www.europesays.com\/fr\/wp-json\/wp\/v2\/posts\/22750","targetHints":{"allow":["GET"]}}],"collection":[{"href":"https:\/\/www.europesays.com\/fr\/wp-json\/wp\/v2\/posts"}],"about":[{"href":"https:\/\/www.europesays.com\/fr\/wp-json\/wp\/v2\/types\/post"}],"author":[{"embeddable":true,"href":"https:\/\/www.europesays.com\/fr\/wp-json\/wp\/v2\/users\/2"}],"replies":[{"embeddable":true,"href":"https:\/\/www.europesays.com\/fr\/wp-json\/wp\/v2\/comments?post=22750"}],"version-history":[{"count":0,"href":"https:\/\/www.europesays.com\/fr\/wp-json\/wp\/v2\/posts\/22750\/revisions"}],"wp:featuredmedia":[{"embeddable":true,"href":"https:\/\/www.europesays.com\/fr\/wp-json\/wp\/v2\/media\/22751"}],"wp:attachment":[{"href":"https:\/\/www.europesays.com\/fr\/wp-json\/wp\/v2\/media?parent=22750"}],"wp:term":[{"taxonomy":"category","embeddable":true,"href":"https:\/\/www.europesays.com\/fr\/wp-json\/wp\/v2\/categories?post=22750"},{"taxonomy":"post_tag","embeddable":true,"href":"https:\/\/www.europesays.com\/fr\/wp-json\/wp\/v2\/tags?post=22750"}],"curies":[{"name":"wp","href":"https:\/\/api.w.org\/{rel}","templated":true}]}}