{"id":227503,"date":"2025-07-05T06:42:09","date_gmt":"2025-07-05T06:42:09","guid":{"rendered":"https:\/\/www.europesays.com\/fr\/227503\/"},"modified":"2025-07-05T06:42:09","modified_gmt":"2025-07-05T06:42:09","slug":"pierre-charre-est-elu-nouveau-president-de-la-capeb-herault","status":"publish","type":"post","link":"https:\/\/www.europesays.com\/fr\/227503\/","title":{"rendered":"Pierre Charre est \u00e9lu nouveau pr\u00e9sident de la CAPEB H\u00e9rault"},"content":{"rendered":"<p>            Par<br \/>\n        <strong><br \/>\n            <a href=\"https:\/\/actu.fr\/auteur\/t-delbreil\" title=\"Consulter tous les articles de Th\u00e9o Delbreil\" rel=\"nofollow noopener\" target=\"_blank\">Th\u00e9o Delbreil<\/a><br \/>\n        <\/strong><\/p>\n<p>        Publi\u00e9 le<\/p>\n<p>            5 juil. 2025 \u00e0 8h34        <\/p>\n<p>La <strong>Conf\u00e9d\u00e9ration de l\u2019Artisanat et des Petites Entreprises du B\u00e2timent<\/strong> (CAPEB) de l\u2019H\u00e9rault a un nouveau visage \u00e0 sa <strong>pr\u00e9sidence<\/strong>. <strong>Pierre Charre<\/strong>, un homme de 55 ans et fort d\u2019une solide exp\u00e9rience dans le secteur du b\u00e2timent, a \u00e9t\u00e9 \u00e9lu pour un mandat d\u2019une dur\u00e9e de <strong>trois ans<\/strong>, succ\u00e9dant \u00e0 <strong>Jean-Pierre Garcia<\/strong>.\u00a0<\/p>\n<p>    <a href=\"https:\/\/www.google.com\/maps\/embed?pb=!1m18!1m12!1m3!1d522.4560964611447!2d3.8601709852236437!3d43.573308687668685!2m3!1f0!2f0!3f0!3m2!1i1024!2i768!4f13.1!3m3!1m2!1s0x12b6af6b8635f37d%3A0x414520cf19e2ebd1!2sCapeb%20H%C3%A9rault!5e0!3m2!1sfr!2sfr!4v1750875297603!5m2!1sfr!2sfr\" title=\"Ouvrie le lien\" rel=\"nofollow noopener\" target=\"_blank\">Cliquez ici pour visualiser le contenu<\/a><\/p>\n<p>Une nouvelle dynamique pour soutenir les artisans<\/p>\n<p class=\" wall-content\">\u00ab Mon objectif est de renforcer les liens avec toutes les collectivit\u00e9s locales de notre beau d\u00e9partement, de redynamiser les synergies et de rappeler \u00e0 tous l\u2019importance essentielle de l\u2019<strong>artisanat du b\u00e2timent<\/strong> \u00bb, affirme Pierre Charre. C\u2019est dans cette d\u00e9marche que la priorit\u00e9 du nouveau pr\u00e9sident du groupe sera de d\u00e9fendre les int\u00e9r\u00eats et les d\u00e9marches des artisans en axant sa politique sur une favorisation de l\u2019<strong>accompagnement<\/strong> et de la <strong>communication<\/strong>.\u00a0\u00a0<\/p>\n<p class=\" wall-content\">S\u2019il est si important pour Pierre Charre de faire de l\u2019artisanat une priorit\u00e9, c\u2019est parce que \u00ab il repr\u00e9sente une part non n\u00e9gligeable de l\u2019\u00e9conomie des communes de l\u2019H\u00e9rault, et ce secteur ne doit donc pas \u00eatre per\u00e7u comme secondaire. \u00bb Pour r\u00e9pondre aux d\u00e9fis de demain, le pr\u00e9sident de la CAPEB annonce \u00e9galement s\u2019engager \u00e0 promouvoir le d\u00e9veloppement durable et les innovations dans le b\u00e2timent.\u00a0<\/p>\n<p class=\" wall-content\">\u00c0 travers cette nouvelle vision r\u00e9solue, non seulement de son nouveau leader, mais de l\u2019enti\u00e8ret\u00e9 du bureau, la conf\u00e9d\u00e9ration souhaite se positionner comme un acteur cl\u00e9 du territoire dans le soutien aux artisans.\u00a0<\/p>\n<p class=\" wall-content\">Suivez toute l\u2019actualit\u00e9 de vos villes et m\u00e9dias favoris en vous inscrivant \u00e0 <a href=\"https:\/\/moncompte.actu.fr\" title=\"D\u00e9couvez Mon Actu\" rel=\"nofollow noopener\" data-trk=\"{&quot;cta&quot;:{&quot;action&quot;:&quot;https:\\\/\\\/moncompte.actu.fr&quot;,&quot;category&quot;:&quot;mon compte&quot;,&quot;from&quot;:&quot;article footer&quot;,&quot;name&quot;:&quot;Mon actu&quot;,&quot;type&quot;:&quot;cta&quot;}}\" target=\"_blank\">Mon Actu<\/a>.<\/p>\n","protected":false},"excerpt":{"rendered":"Par Th\u00e9o Delbreil Publi\u00e9 le 5 juil. 2025 \u00e0 8h34 La Conf\u00e9d\u00e9ration de l\u2019Artisanat et des Petites Entreprises&hellip;\n","protected":false},"author":2,"featured_media":227504,"comment_status":"","ping_status":"","sticky":false,"template":"","format":"standard","meta":{"footnotes":""},"categories":[9599],"tags":[1111,11,33,1777,674,1011,27,2208,12,2680,25,216],"class_list":{"0":"post-227503","1":"post","2":"type-post","3":"status-publish","4":"format-standard","5":"has-post-thumbnail","7":"category-montpellier","8":"tag-actu","9":"tag-actualites","10":"tag-economie","11":"tag-eu","12":"tag-europe","13":"tag-fr","14":"tag-france","15":"tag-montpellier","16":"tag-news","17":"tag-occitanie","18":"tag-republique-francaise","19":"tag-vie-des-entreprises"},"share_on_mastodon":{"url":"https:\/\/pubeurope.com\/@fr\/114799269858555187","error":""},"_links":{"self":[{"href":"https:\/\/www.europesays.com\/fr\/wp-json\/wp\/v2\/posts\/227503","targetHints":{"allow":["GET"]}}],"collection":[{"href":"https:\/\/www.europesays.com\/fr\/wp-json\/wp\/v2\/posts"}],"about":[{"href":"https:\/\/www.europesays.com\/fr\/wp-json\/wp\/v2\/types\/post"}],"author":[{"embeddable":true,"href":"https:\/\/www.europesays.com\/fr\/wp-json\/wp\/v2\/users\/2"}],"replies":[{"embeddable":true,"href":"https:\/\/www.europesays.com\/fr\/wp-json\/wp\/v2\/comments?post=227503"}],"version-history":[{"count":0,"href":"https:\/\/www.europesays.com\/fr\/wp-json\/wp\/v2\/posts\/227503\/revisions"}],"wp:featuredmedia":[{"embeddable":true,"href":"https:\/\/www.europesays.com\/fr\/wp-json\/wp\/v2\/media\/227504"}],"wp:attachment":[{"href":"https:\/\/www.europesays.com\/fr\/wp-json\/wp\/v2\/media?parent=227503"}],"wp:term":[{"taxonomy":"category","embeddable":true,"href":"https:\/\/www.europesays.com\/fr\/wp-json\/wp\/v2\/categories?post=227503"},{"taxonomy":"post_tag","embeddable":true,"href":"https:\/\/www.europesays.com\/fr\/wp-json\/wp\/v2\/tags?post=227503"}],"curies":[{"name":"wp","href":"https:\/\/api.w.org\/{rel}","templated":true}]}}