{"id":227513,"date":"2025-07-05T06:48:09","date_gmt":"2025-07-05T06:48:09","guid":{"rendered":"https:\/\/www.europesays.com\/fr\/227513\/"},"modified":"2025-07-05T06:48:09","modified_gmt":"2025-07-05T06:48:09","slug":"a-rennes-dans-ce-centre-commercial-l214-prepare-une-action","status":"publish","type":"post","link":"https:\/\/www.europesays.com\/fr\/227513\/","title":{"rendered":"\u00e0 Rennes, dans ce centre commercial, L214 pr\u00e9pare une action"},"content":{"rendered":"<p>            Par<br \/>\n        <strong><br \/>\n            <a href=\"https:\/\/actu.fr\/auteur\/laurene-fertin\" title=\"Consulter tous les articles de Laur\u00e8ne Fertin\" target=\"_blank\" rel=\"noopener\">Laur\u00e8ne Fertin<\/a><br \/>\n        <\/strong><\/p>\n<p>        Publi\u00e9 le<\/p>\n<p>            5 juil. 2025 \u00e0 8h02        <\/p>\n<p>Samedi 5 juillet 2025, les militants et militantes de <strong>l\u2019association L214<\/strong> organisent <strong>une action<\/strong> devant le magasin <strong>E.Leclerc<\/strong> <strong>Cleunay<\/strong> de Rennes.<\/p>\n<p class=\" wall-content\">Celle-ci se d\u00e9roule dans le cadre<strong> d\u2019une mobilisation nationale<\/strong> s\u2019organisant dans 31 villes en France. L\u2019objectif\u2009: <strong>d\u00e9noncer la commercialisation<\/strong>, dans les enseignes E.Leclerc, \u00ab\u2009de produits issus d\u2019\u00e9levages de <strong>cochons<\/strong> ne respectant pas la r\u00e9glementation\u2009\u00bb.<\/p>\n<p>\u00ab\u2009Des pratiques ill\u00e9gales\u2009\u00bb<\/p>\n<p class=\" wall-content\">Selon l\u2019association de d\u00e9fense des animaux \u2013 qui a \u00ab\u2009r\u00e9v\u00e9l\u00e9 <strong>des images accablantes\u2009\u00bb<\/strong> provenant d\u2019\u00e9levages de cochons \u00ab\u2009tous fournisseurs\u2009\u00bb de l\u2019enseigne Leclerc \u2013 \u00ab\u2009des situations ill\u00e9gales y ont \u00e9t\u00e9 observ\u00e9es\u2009\u00bb. \u00c0 savoir\u2009:<\/p>\n<ul class=\" wall-content\">\n<li>\u00ab\u2009des porcelets mutil\u00e9s de mani\u00e8re syst\u00e9matique\u2009\u00bb\u2009;<\/li>\n<li>\u00ab\u2009des animaux malades ou bless\u00e9s sans soin\u2009\u00bb\u2009;<\/li>\n<li>\u00ab\u2009des cadavres laiss\u00e9s au sol, au milieu de leurs cong\u00e9n\u00e8res\u2009\u00bb\u2009;<\/li>\n<li>\u00ab\u2009des conditions d\u2019insalubrit\u00e9 g\u00e9n\u00e9ralis\u00e9e\u2009\u00bb.<\/li>\n<\/ul>\n<blockquote class=\"ac-article-quote wall-content\">\n<p>Par ailleurs, les truies sont enferm\u00e9es pendant la moiti\u00e9 de leur vie dans des cages tellement petites qu\u2019elles ne peuvent pas se retourner sur elles-m\u00eames. Leurs porcelets t\u00e8tent \u00e0 travers les barreaux. Priv\u00e9es de paille pour construire leur nid, incapables d\u2019exprimer des comportements essentiels, ces truies souffrent de stress intense, de l\u00e9sions aux pattes et d\u00e9veloppent fr\u00e9quemment des escarres.<\/p>\n<p>    <strong>L214<\/strong>\n            <\/p><\/blockquote>\n<p>Vid\u00e9os : en ce moment sur ActuPanneaux, banderoles, stickers\u2026<\/p>\n<p class=\" wall-content\">Pour <strong>alerter les<\/strong>\u00a0<strong>clients<\/strong> sur ces pratiques, banderoles, panneaux, catalogues parodiques vont \u00eatre pr\u00e9sent\u00e9s devant <strong>le magasin E.Leclerc de Cleunay<\/strong>, rue Jules-Vall\u00e8s, \u00e0 Rennes de <strong>10h \u00e0 12h<\/strong>.<\/p>\n<p class=\" wall-content\"><strong>Des \u00ab\u2009avis de souffrance\u2009\u00bb<\/strong> seront par ailleurs coll\u00e9s sur les vitrines de frigos des rayons frais de l\u2019enseigne. Des <strong>stickers<\/strong> \u00ab\u2009produit issu de pratiques ill\u00e9gales\u2009\u00bb seront coll\u00e9s sur les barquettes de viande de cochons.<\/p>\n<p class=\" wall-content\">Le 17\u00a0mai dernier, <a href=\"https:\/\/actu.fr\/bretagne\/saint-gregoire_35278\/une-grande-cruaute-a-rennes-l214-denonce-les-pratiques-commerciales-de-cette-enseigne_62645859.html\" target=\"_blank\" rel=\"noopener\">l\u2019association L214 manifestait devant l\u2019enseigne Grand Frais, \u00e0 Saint-Gr\u00e9goire pr\u00e8s de Rennes<\/a>, afin de d\u00e9noncer les conditions d\u2019\u00e9levage de poulets, poulets propos\u00e9s \u00e0 la vente dans le magasin.<\/p>\n<p class=\" wall-content\">Suivez toute l\u2019actualit\u00e9 de vos villes et m\u00e9dias favoris en vous inscrivant \u00e0 <a href=\"https:\/\/moncompte.actu.fr\" title=\"D\u00e9couvez Mon Actu\" rel=\"nofollow noopener\" data-trk=\"{&quot;cta&quot;:{&quot;action&quot;:&quot;https:\\\/\\\/moncompte.actu.fr&quot;,&quot;category&quot;:&quot;mon compte&quot;,&quot;from&quot;:&quot;article footer&quot;,&quot;name&quot;:&quot;Mon actu&quot;,&quot;type&quot;:&quot;cta&quot;}}\" target=\"_blank\">Mon Actu<\/a>.<\/p>\n","protected":false},"excerpt":{"rendered":"Par Laur\u00e8ne Fertin Publi\u00e9 le 5 juil. 2025 \u00e0 8h02 Samedi 5 juillet 2025, les militants et militantes&hellip;\n","protected":false},"author":2,"featured_media":227514,"comment_status":"","ping_status":"","sticky":false,"template":"","format":"standard","meta":{"footnotes":""},"categories":[2821],"tags":[1111,11,1867,829,1777,674,1011,27,7755,1272,12,584,25,104],"class_list":{"0":"post-227513","1":"post","2":"type-post","3":"status-publish","4":"format-standard","5":"has-post-thumbnail","7":"category-rennes","8":"tag-actu","9":"tag-actualites","10":"tag-animaux","11":"tag-bretagne","12":"tag-eu","13":"tag-europe","14":"tag-fr","15":"tag-france","16":"tag-leclerc","17":"tag-manifestations","18":"tag-news","19":"tag-rennes","20":"tag-republique-francaise","21":"tag-societe"},"share_on_mastodon":{"url":"https:\/\/pubeurope.com\/@fr\/114799293556178114","error":""},"_links":{"self":[{"href":"https:\/\/www.europesays.com\/fr\/wp-json\/wp\/v2\/posts\/227513","targetHints":{"allow":["GET"]}}],"collection":[{"href":"https:\/\/www.europesays.com\/fr\/wp-json\/wp\/v2\/posts"}],"about":[{"href":"https:\/\/www.europesays.com\/fr\/wp-json\/wp\/v2\/types\/post"}],"author":[{"embeddable":true,"href":"https:\/\/www.europesays.com\/fr\/wp-json\/wp\/v2\/users\/2"}],"replies":[{"embeddable":true,"href":"https:\/\/www.europesays.com\/fr\/wp-json\/wp\/v2\/comments?post=227513"}],"version-history":[{"count":0,"href":"https:\/\/www.europesays.com\/fr\/wp-json\/wp\/v2\/posts\/227513\/revisions"}],"wp:featuredmedia":[{"embeddable":true,"href":"https:\/\/www.europesays.com\/fr\/wp-json\/wp\/v2\/media\/227514"}],"wp:attachment":[{"href":"https:\/\/www.europesays.com\/fr\/wp-json\/wp\/v2\/media?parent=227513"}],"wp:term":[{"taxonomy":"category","embeddable":true,"href":"https:\/\/www.europesays.com\/fr\/wp-json\/wp\/v2\/categories?post=227513"},{"taxonomy":"post_tag","embeddable":true,"href":"https:\/\/www.europesays.com\/fr\/wp-json\/wp\/v2\/tags?post=227513"}],"curies":[{"name":"wp","href":"https:\/\/api.w.org\/{rel}","templated":true}]}}