{"id":227515,"date":"2025-07-05T06:49:08","date_gmt":"2025-07-05T06:49:08","guid":{"rendered":"https:\/\/www.europesays.com\/fr\/227515\/"},"modified":"2025-07-05T06:49:08","modified_gmt":"2025-07-05T06:49:08","slug":"deux-hommes-de-19-ans-interpelles-et-places-en-garde-a-vue","status":"publish","type":"post","link":"https:\/\/www.europesays.com\/fr\/227515\/","title":{"rendered":"deux hommes de 19 ans interpell\u00e9s et plac\u00e9s en garde \u00e0 vue"},"content":{"rendered":"<p>            Par<br \/>\n        <strong><br \/>\n            <a href=\"https:\/\/actu.fr\/auteur\/brian-legoff\" title=\"Consulter tous les articles de Brian Le Goff\" rel=\"nofollow noopener\" target=\"_blank\">Brian Le Goff<\/a><br \/>\n        <\/strong><\/p>\n<p>        Publi\u00e9 le<\/p>\n<p>            5 juil. 2025 \u00e0 8h31        <\/p>\n<p>Le <strong>mode op\u00e9ratoire \u00e9tait bien rod\u00e9, pr\u00e9cis et tr\u00e8s organis\u00e9<\/strong> par plusieurs parties prenantes. En ce d\u00e9but juillet, les enqu\u00eateurs de la brigade financi\u00e8re de la <a href=\"https:\/\/actu.fr\/tag\/police\" rel=\"nofollow noopener\" target=\"_blank\">police<\/a> rennaise ont interpell\u00e9 deux individus \u00e2ges de 19\u00a0ans. Ils participaient activement \u00e0 une importante <a href=\"https:\/\/actu.fr\/tag\/arnaque\" rel=\"nofollow noopener\" target=\"_blank\">arnaque<\/a> au faux conseiller bancaire, notamment aupr\u00e8s d\u2019habitants de Rennes, indique une source polici\u00e8re \u00e0 <a href=\"https:\/\/actu.fr\/rennes\/\" rel=\"nofollow noopener\" target=\"_blank\">actu Rennes<\/a>.<\/p>\n<p class=\" wall-content\">Dans les faits, les escrocs agissaient \u00e0 chaque fois de la m\u00eame mani\u00e8re. Les victimes recevaient un <strong>appel <\/strong>t\u00e9l\u00e9phonique d\u2019un<strong> \u00ab\u2009employ\u00e9\u2009\u00bb<\/strong> <strong>de leur banque<\/strong>. Cette derni\u00e8re leur indiquait qu\u2019une <strong>fraude \u00e9tait en cours<\/strong> et qu\u2019il fallait <strong>d\u2019urgence s\u00e9curiser les cartes<\/strong> bancaires.<\/p>\n<p class=\" wall-content\">Toujours au t\u00e9l\u00e9phone, l\u2019escroc affirmait qu\u2019un <strong>coursier<\/strong> allait venir <strong>r\u00e9cup\u00e9rer<\/strong> les <strong>cartes bancaires, coup\u00e9es d\u2019une certaine fa\u00e7on,<\/strong> avec les codes. \u00ab\u2009Mais le fait que les cartes bancaires \u00e9taient coup\u00e9es ne signifiait pas pour autant qu\u2019elles n\u2019\u00e9taient plus utilisables\u2009\u00bb, continue notre source polici\u00e8re.<\/p>\n<blockquote class=\"ac-article-quote wall-content\">\n<p>Une fois les cartes bancaires r\u00e9cup\u00e9r\u00e9es par le coursier, des retraits \u00e9taient effectu\u00e9s et l&rsquo;escroquerie \u00e9tait ainsi r\u00e9alis\u00e9e.<\/p>\n<p>    <strong>Police de Rennes<\/strong>\n            <\/p><\/blockquote>\n<p class=\" wall-content\"><strong>Au d\u00e9but des investigations,<\/strong> les policiers ont identifi\u00e9 ce mode op\u00e9ratoire sur <strong>six plaintes.<\/strong> L\u2019ensemble des recherches men\u00e9es a permis d\u2019\u00e9tablir l\u2019identit\u00e9 des deux mis en cause, reconnaissables sur les <strong>cam\u00e9ras<\/strong> de surveillances des banques.\u00a0Mais l\u2019affaire ne s\u2019arr\u00eate pas l\u00e0.<\/p>\n<p>Un nombre de cas qui double<\/p>\n<p class=\" wall-content\">Les enqu\u00eateurs vont aussi se rendre compte que ces deux mis en cause sont \u00e9galement reconnaissables sur d\u2019autres faits d\u2019arnaque.<\/p>\n<p class=\" wall-content\">Ces derniers ont \u00e9t\u00e9 commis sur <strong>diff\u00e9rentes zones du Grand Ouest,<\/strong> allant de la Loire-Atlantique \u00e0 la Manche, du Morbihan \u00e0 la Mayenne et bien \u00e9videmment en Ille-et-Vilaine. <strong>Au total, ce sont douze faits<\/strong> qui leur sont reproch\u00e9s.<\/p>\n<p class=\" wall-content\">Apr\u00e8s un travail minutieux de la police, les deux jeunes hommes ont \u00e9t\u00e9<strong> interpell\u00e9s mardi 1\u1d49\u02b3 juillet dernier \u00e0 Rennes et dans le d\u00e9partement<\/strong> et ont \u00e9t\u00e9 plac\u00e9s en garde \u00e0 vue. L\u2019un d\u2019eux a \u00ab\u2009un peu\u2009\u00bb \u00e9tay\u00e9 le mode op\u00e9ratoire qui est <strong>\u00ab\u2009vraiment \u00e0 tiroirs\u2009\u00bb<\/strong>, explique une source polici\u00e8re.<\/p>\n<blockquote class=\"ac-article-quote wall-content\">\n<p>C&rsquo;\u00e9tait une \u00e9quipe de travail avec une personne, souvent depuis l&rsquo;\u00e9tranger, qui se faisait passer pour le faux conseiller bancaire. Ensuite, il y avait le coursier qui \u00e9tait charg\u00e9 de r\u00e9cup\u00e9rer les cartes. Puis, deux hommes devaient retirer l&rsquo;argent des distributeurs. Enfin, un homme se chargeait de collecter les sommes vol\u00e9es pour probablement les partager.<\/p>\n<p>    <strong>Police de Rennes<\/strong>\n            <\/p><\/blockquote>\n<p class=\" wall-content\">Toutefois, les deux individus en garde \u00e0 vue ont <strong>gard\u00e9 le silence sur leurs complices<\/strong>. Tout le r\u00e9seau <strong>\u00e9changeait via Snapchat<\/strong> o\u00f9 les messages sont \u00e9ph\u00e9m\u00e8res et donc supprim\u00e9s instantan\u00e9ment apr\u00e8s les avoir lus.<\/p>\n<p>26\u2009000\u00a0euros de pr\u00e9judice<\/p>\n<p class=\" wall-content\">\u00c0 l\u2019issue de leur garde \u00e0 vue, les hommes ont \u00e9t\u00e9 <strong>convoqu\u00e9s en comparution sur reconnaissance pr\u00e9alable de culpabilit\u00e9 le 18\u00a0mai 2026<\/strong>.<\/p>\n<p class=\" wall-content\">\u00c0 ce moment-l\u00e0, ils passeront alors devant un magistrat qui prononcera la d\u00e9cision qu\u2019il juge n\u00e9cessaire. \u00ab\u2009S\u2019ils ne se rendent pas au rendez-vous ou s\u2019ils refusent la d\u00e9cision, ils seront alors jug\u00e9s lors d\u2019une audience ult\u00e9rieure devant le tribunal\u2009\u00bb, conclut la police.<\/p>\n<p class=\" wall-content\">Le <strong>pr\u00e9judice de l\u2019arnaque s\u2019\u00e9l\u00e8ve \u00e0 26\u2009000\u00a0euros<\/strong> au total des sommes retir\u00e9es. 23\u2009000\u00a0euros suppl\u00e9mentaires ont fait l\u2019objet d\u2019une tentative de retrait, mais ils ont \u00e9t\u00e9 bloqu\u00e9s.<\/p>\n<p class=\" wall-content\">Suivez toute l\u2019actualit\u00e9 de vos villes et m\u00e9dias favoris en vous inscrivant \u00e0 <a href=\"https:\/\/moncompte.actu.fr\" title=\"D\u00e9couvez Mon Actu\" rel=\"nofollow noopener\" data-trk=\"{&quot;cta&quot;:{&quot;action&quot;:&quot;https:\\\/\\\/moncompte.actu.fr&quot;,&quot;category&quot;:&quot;mon compte&quot;,&quot;from&quot;:&quot;article footer&quot;,&quot;name&quot;:&quot;Mon actu&quot;,&quot;type&quot;:&quot;cta&quot;}}\" target=\"_blank\">Mon Actu<\/a>.<\/p>\n","protected":false},"excerpt":{"rendered":"Par Brian Le Goff Publi\u00e9 le 5 juil. 2025 \u00e0 8h31 Le mode op\u00e9ratoire \u00e9tait bien rod\u00e9, pr\u00e9cis&hellip;\n","protected":false},"author":2,"featured_media":227516,"comment_status":"","ping_status":"","sticky":false,"template":"","format":"standard","meta":{"footnotes":""},"categories":[2821],"tags":[1111,11,3514,829,3513,1777,674,118,1011,27,12,1072,584,25],"class_list":{"0":"post-227515","1":"post","2":"type-post","3":"status-publish","4":"format-standard","5":"has-post-thumbnail","7":"category-rennes","8":"tag-actu","9":"tag-actualites","10":"tag-arnaque","11":"tag-bretagne","12":"tag-escroquerie","13":"tag-eu","14":"tag-europe","15":"tag-faits-divers","16":"tag-fr","17":"tag-france","18":"tag-news","19":"tag-police","20":"tag-rennes","21":"tag-republique-francaise"},"share_on_mastodon":{"url":"https:\/\/pubeurope.com\/@fr\/114799297423186403","error":""},"_links":{"self":[{"href":"https:\/\/www.europesays.com\/fr\/wp-json\/wp\/v2\/posts\/227515","targetHints":{"allow":["GET"]}}],"collection":[{"href":"https:\/\/www.europesays.com\/fr\/wp-json\/wp\/v2\/posts"}],"about":[{"href":"https:\/\/www.europesays.com\/fr\/wp-json\/wp\/v2\/types\/post"}],"author":[{"embeddable":true,"href":"https:\/\/www.europesays.com\/fr\/wp-json\/wp\/v2\/users\/2"}],"replies":[{"embeddable":true,"href":"https:\/\/www.europesays.com\/fr\/wp-json\/wp\/v2\/comments?post=227515"}],"version-history":[{"count":0,"href":"https:\/\/www.europesays.com\/fr\/wp-json\/wp\/v2\/posts\/227515\/revisions"}],"wp:featuredmedia":[{"embeddable":true,"href":"https:\/\/www.europesays.com\/fr\/wp-json\/wp\/v2\/media\/227516"}],"wp:attachment":[{"href":"https:\/\/www.europesays.com\/fr\/wp-json\/wp\/v2\/media?parent=227515"}],"wp:term":[{"taxonomy":"category","embeddable":true,"href":"https:\/\/www.europesays.com\/fr\/wp-json\/wp\/v2\/categories?post=227515"},{"taxonomy":"post_tag","embeddable":true,"href":"https:\/\/www.europesays.com\/fr\/wp-json\/wp\/v2\/tags?post=227515"}],"curies":[{"name":"wp","href":"https:\/\/api.w.org\/{rel}","templated":true}]}}