{"id":227519,"date":"2025-07-05T06:51:20","date_gmt":"2025-07-05T06:51:20","guid":{"rendered":"https:\/\/www.europesays.com\/fr\/227519\/"},"modified":"2025-07-05T06:51:20","modified_gmt":"2025-07-05T06:51:20","slug":"strasbourg-apres-le-deces-de-son-pere-en-prison-mareva-porte-plainte","status":"publish","type":"post","link":"https:\/\/www.europesays.com\/fr\/227519\/","title":{"rendered":"Strasbourg. Apr\u00e8s le d\u00e9c\u00e8s de son p\u00e8re en prison, Mareva porte plainte"},"content":{"rendered":"<p class=\"wp-block-post-excerpt__excerpt\">Apr\u00e8s le d\u00e9c\u00e8s de Serge Meckes dans l\u2019incendie de sa cellule dimanche 29 juin \u00e0 la maison d\u2019arr\u00eat de Strasbourg, sa fille Mareva a d\u00e9pos\u00e9 une plainte. Elle d\u00e9nonce un \u00ab\u00a0abandon d\u00e9lib\u00e9r\u00e9\u00a0\u00bb de la part des surveillants de la prison. <\/p>\n<p class=\"font-sans\">\n\t\t\tCet article est en acc\u00e8s libre. Pour soutenir Rue89 Strasbourg,<br \/>\n\t\t\t<a class=\"underline\" href=\"https:\/\/www.rue89strasbourg.com\/abonnement\" target=\"_blank\" rel=\"noopener\">abonnez-vous<\/a>.\n\t\t<\/p>\n<p>Anis Foucard<\/p>\n<p>Publi\u00e9 le 5 juillet 2025\u00a0\u00a0\u00b7\u00a0\u00a0<\/p>\n<p>Imprim\u00e9 le 5 juillet 2025 \u00e0 08h16\u00a0\u00a0\u00b7\u00a0\u00a0<\/p>\n<p>\t\t\t\t\t2\u00a0minutes\n<\/p>\n<p>\u00ab\u00a0Les surveillants l\u2019ont laiss\u00e9 mourir. Ils ont attendu 20 minutes avant d\u2019intervenir\u00a0\u00bb, affirme Mareva, \u00e2g\u00e9e de 24 ans. Son p\u00e8re, Serge Meckes, d\u00e9tenu \u00e0 l\u2019Elsau depuis octobre 2024 et atteint de c\u00e9cit\u00e9, est mort dans l\u2019incendie de sa cellule de la maison d\u2019arr\u00eat de Strasbourg dimanche 29 juin. Interrog\u00e9e \u00e0 ce sujet et encore sous le choc, la fille du d\u00e9funt indique avoir port\u00e9 plainte : \u00ab\u00a0Je veux que les surveillants qui \u00e9taient l\u00e0 soient jug\u00e9s. M\u00eame si on ne pourra jamais r\u00e9cup\u00e9rer notre p\u00e8re.\u00a0\u00bb<\/p>\n<p><a href=\"https:\/\/www.rue89strasbourg.com\/la-newsletter\" target=\"_blank\" rel=\"noopener\"><img loading=\"lazy\" decoding=\"async\" width=\"970\" height=\"250\" src=\"https:\/\/www.europesays.com\/fr\/wp-content\/uploads\/2025\/06\/bannie\u0300re-autopromo-2025-desktop-1.gif\" alt=\"\" class=\"wp-image-347550\" style=\"width:792px;height:auto\"\/><\/a><\/p>\n<p><a href=\"https:\/\/www.rue89strasbourg.com\/la-newsletter\" target=\"_blank\" rel=\"noopener\"><img loading=\"lazy\" decoding=\"async\" width=\"300\" height=\"300\" src=\"https:\/\/www.europesays.com\/fr\/wp-content\/uploads\/2025\/06\/bannie\u0300res-autopromo-300x300-2.gif\" alt=\"\" class=\"wp-image-347551\"\/><\/a><\/p>\n<p>Plainte pour \u00ab\u00a0non-assistance \u00e0 personne en danger\u00a0\u00bb<\/p>\n<p>Le mercredi 2 juillet, Mareva a d\u00e9pos\u00e9 plainte pour \u00ab\u00a0non assistance \u00e0 personne en danger\u00a0\u00bb contre l\u2019administration p\u00e9nitentiaire. \u00ab\u00a0Fin mai, mon p\u00e8re a tent\u00e9 de mettre fin \u00e0 ses jours avec un rasoir\u00a0\u00bb, explique-t-elle. La fille de Serge Meckes ajoute que les services p\u00e9nitentiaires lui avaient assur\u00e9 \u201credoubler de vigilance\u201d apr\u00e8s cet incident. Elle estime que le personnel de la prison n\u2019a pas tenu ses engagements\u00a0: \u00ab\u00a0Ils l\u2019ont mis seul et sans aide dans sa cellule\u2026\u00a0\u00bb Apr\u00e8s avoir vu le corps de son p\u00e8re \u00e0 la morgue, Mareva dit que le corps n\u2019\u00e9tait plus reconnaissable\u00a0: \u00ab\u00a0Mon p\u00e8re est mort br\u00fbl\u00e9 vif. Cela prouve qu\u2019il n\u2019a pas \u00e9t\u00e9 pris en charge rapidement.\u00a0\u00bb<\/p>\n<p>L\u2019avocate de Mareva, Me Sendegul Aras, pr\u00e9cise qu\u2019elle compte modifier la plainte pour la requalifier en plainte contre X. Le conseil de Mareva esp\u00e8re que les d\u00e9tenus seront aussi entendus par les enqu\u00eateurs au sujet des vid\u00e9os prises pendant l\u2019incendie. Deux fichiers, que Rue89 Strasbourg a pu consulter, font penser aux prisonniers que les surveillants ont mis de la musique pendant que Serge Meckes \u00e9tait en train de br\u00fbler. Une version d\u00e9mentie par la communication de la Direction interr\u00e9gionale des services p\u00e9nitentiaires du Grand Est.<\/p>\n<p>\t\tDes interrogations en suspens <\/p>\n<p>Contact\u00e9e, Sendegul Aras pr\u00e9cise que la famille entend simplement connaitre les circonstances exactes de ce drame :\u00a0\u00a0<\/p>\n<blockquote class=\"wp-block-quote is-layout-flow wp-block-quote-is-layout-flow\">\n<p>\u00ab\u00a0Des interrogations restent en suspens. Si effectivement et comme l\u2019avance la famille, Serge Meckes a d\u00e9j\u00e0 fait une tentative de suicide quelques semaines plus t\u00f4t et que cet \u00e9v\u00e8nement a \u00e9t\u00e9 port\u00e9 \u00e0 la connaissance des autorit\u00e9s administratives et judiciaires, un signalement a-il \u00e9t\u00e9 fait \u00e0 l\u2019unit\u00e9 sanitaire de la prison pour une vigilance accrue avec un \u00e9ventuel placement en Cellule de protection d\u2019Urgence (CProU) et\/ou une demande de SDRE (Soins Psychiatriques sans consentement) ?\u00a0\u00bb<\/p>\n<p>Me Sendegul Aras<\/p>\n<\/blockquote>\n<p>Une manifestation est pr\u00e9vue samedi \u00e0 14h devant la prison de l\u2019Elsau en hommage \u00e0 Serge Meckes. Le rassemblement met aussi en avant les revendications de prisonniers pour de meilleures conditions de d\u00e9tentions. Mareva demande \u00e0 ce que la manifestation reste pacifique : \u00ab\u00a0Je ne veux pas qu\u2019il y ait de casse ni de violence\u2026\u00a0\u00bb<\/p>\n<p>Y <strong>aller<\/strong><\/p>\n<p><strong>Rassemblement pour le respect des droits des prisonniers<\/strong>, samedi 5 juillet \u00e0 14 heures devant la maison d\u2019arr\u00eat, 6 rue Engelmann \u00e0 Strasbourg \u2013 Elsau.<\/p>\n","protected":false},"excerpt":{"rendered":"Apr\u00e8s le d\u00e9c\u00e8s de Serge Meckes dans l\u2019incendie de sa cellule dimanche 29 juin \u00e0 la maison d\u2019arr\u00eat&hellip;\n","protected":false},"author":2,"featured_media":227520,"comment_status":"","ping_status":"","sticky":false,"template":"","format":"standard","meta":{"footnotes":""},"categories":[2820],"tags":[1111,11,1777,674,1011,27,775,12,806,25,640],"class_list":{"0":"post-227519","1":"post","2":"type-post","3":"status-publish","4":"format-standard","5":"has-post-thumbnail","7":"category-strasbourg","8":"tag-actu","9":"tag-actualites","10":"tag-eu","11":"tag-europe","12":"tag-fr","13":"tag-france","14":"tag-grand-est","15":"tag-news","16":"tag-prison","17":"tag-republique-francaise","18":"tag-strasbourg"},"share_on_mastodon":{"url":"https:\/\/pubeurope.com\/@fr\/114799305325859618","error":""},"_links":{"self":[{"href":"https:\/\/www.europesays.com\/fr\/wp-json\/wp\/v2\/posts\/227519","targetHints":{"allow":["GET"]}}],"collection":[{"href":"https:\/\/www.europesays.com\/fr\/wp-json\/wp\/v2\/posts"}],"about":[{"href":"https:\/\/www.europesays.com\/fr\/wp-json\/wp\/v2\/types\/post"}],"author":[{"embeddable":true,"href":"https:\/\/www.europesays.com\/fr\/wp-json\/wp\/v2\/users\/2"}],"replies":[{"embeddable":true,"href":"https:\/\/www.europesays.com\/fr\/wp-json\/wp\/v2\/comments?post=227519"}],"version-history":[{"count":0,"href":"https:\/\/www.europesays.com\/fr\/wp-json\/wp\/v2\/posts\/227519\/revisions"}],"wp:featuredmedia":[{"embeddable":true,"href":"https:\/\/www.europesays.com\/fr\/wp-json\/wp\/v2\/media\/227520"}],"wp:attachment":[{"href":"https:\/\/www.europesays.com\/fr\/wp-json\/wp\/v2\/media?parent=227519"}],"wp:term":[{"taxonomy":"category","embeddable":true,"href":"https:\/\/www.europesays.com\/fr\/wp-json\/wp\/v2\/categories?post=227519"},{"taxonomy":"post_tag","embeddable":true,"href":"https:\/\/www.europesays.com\/fr\/wp-json\/wp\/v2\/tags?post=227519"}],"curies":[{"name":"wp","href":"https:\/\/api.w.org\/{rel}","templated":true}]}}