{"id":227521,"date":"2025-07-05T06:52:10","date_gmt":"2025-07-05T06:52:10","guid":{"rendered":"https:\/\/www.europesays.com\/fr\/227521\/"},"modified":"2025-07-05T06:52:10","modified_gmt":"2025-07-05T06:52:10","slug":"cest-triste-notre-vie-etait-ici-a-saint-laurent-du-var-le-chantier-de-deconstruction-du-point-du-jour-se-poursuit-mais-les-souvenirs-des-habitants-restent","status":"publish","type":"post","link":"https:\/\/www.europesays.com\/fr\/227521\/","title":{"rendered":"\u00ab\u00a0C\u2019est triste, notre vie \u00e9tait ici\u00a0\u00bb: \u00e0 Saint-Laurent-du-Var, le chantier de d\u00e9construction du Point-du-Jour se poursuit mais les souvenirs des habitants restent"},"content":{"rendered":"<p>Ils ont grandi au Point-du-Jour, pos\u00e9 leurs valises avec leur famille dans le quartier, construit leur quotidien, nou\u00e9 des amiti\u00e9s. \u00c0 l\u2019\u00e9poque, il y avait 260 familles dans les huit b\u00e2timents de l\u2019entr\u00e9e de ville de Saint-Laurent-du-Var. \u00ab\u00a0<strong>Ici, on trouvait deux \u00e9piceries, des arbres, des jardins pour enfants<\/strong><strong>, raconte Th\u00e9r\u00e8se, 73 ans, qui habite dans le b\u00e2timent 3 depuis 50 ans. <\/strong><strong>On \u00e9tait soud\u00e9s. Les adultes surveillaient les enfants des autres.<\/strong>\u00a0\u00bb C\u2019est exactement le souvenir de sa fille, Laura, 33 ans: \u00ab\u00a0Je grimpais aux arbres. Il y avait une balan\u00e7oire, un tourniquet, une toile d\u2019araign\u00e9e. On vivait tous ensemble comme des cousins.\u00a0\u00bb<\/p>\n<p>\u00ab\u00a0\u00c0 l\u2019\u00e9poque le quartier \u00e9tait tr\u00e8s vivant, raconte J\u00e9r\u00e9mie Coutanceau, directeur du centre social AGASC depuis 2016. Les 800 habitants \u00e9taient pourtant en tr\u00e8s grande pr\u00e9carit\u00e9 sociale.\u00a0\u00bb Le centre servait de passerelle entre les locataires et les institutions. Il avait \u00e9galement plusieurs missions autour de la parentalit\u00e9 et de la citoyennet\u00e9. \u00ab\u00a0Nous \u00e9tions ouverts du lundi au vendredi toute la journ\u00e9e, d\u00e9crit J\u00e9r\u00e9mie Coutanceau. On a fait des actions ensemble de r\u00e9novation de bas d\u2019immeuble. 40 \u00e0 50 personnes passaient chaque jour dans notre local avec des demandes ou simplement pour discuter autour d\u2019un caf\u00e9.\u00a0\u00bb<\/p>\n<p><strong>\u00a0\u00bb Ces barbecues g\u00e9ants, ces f\u00eates de voisins\u2026 C\u2019\u00e9tait toutes les semaines !\u00a0\u00bb<\/strong><\/p>\n<p>\u00ab\u00a0Je me souviens tr\u00e8s bien des animations qui \u00e9taient propos\u00e9es aux enfants. Et pour les adultes, il y avait m\u00eame des cours pour apprendre \u00e0 se servir d\u2019Internet\u00a0\u00bb, se rem\u00e9more Germaine, 71 ans, habitante du b\u00e2timent 3 depuis plus de 30 ans. Pour Hakim, 42 ans, arriv\u00e9 dans le b\u00e2timent 3 en 2004, le souvenir est encore vivace: \u00ab\u00a0Ces barbecues g\u00e9ants, ces f\u00eates de voisins\u2026 C\u2019\u00e9tait toutes les semaines! Ici il n\u2019y avait pas de probl\u00e8mes d\u2019ins\u00e9curit\u00e9, on dormait les portes ouvertes.\u00a0\u00bb<\/p>\n<p>Houcine, 59 ans, a emm\u00e9nag\u00e9 ici, dans le b\u00e2timent 1, avec ses parents en 1981. Les hasards de la vie ont fait qu\u2019il est revenu s\u2019y installer il y a 10 ans environ. Alors les souvenirs, il en a \u00ab\u00a0plein\u00a0\u00bb: \u00ab\u00a0Les mariages o\u00f9 tout le monde \u00e9tait invit\u00e9. Il y a aussi les mauvais souvenirs. <strong>Mon petit fr\u00e8re est d\u00e9c\u00e9d\u00e9 \u00e0 cause de son asthme en 1989 dans la salle de jeux de l\u2019un des premiers b\u00e2timents d\u00e9molis<\/strong>. Heureusement que le quartier \u00e9tait familial. <strong>Les gens ici nous ont port\u00e9s \u00e0 bout de bras.<\/strong>\u00a0\u00bb Et puis il y a ceux qui ont v\u00e9cu leur arriv\u00e9e plus r\u00e9cente comme une punition. C\u2019est le cas de Rais, 34 ans, en couple avec quatre enfants, habitante du b\u00e2timent 1: \u00ab\u00a0C\u00f4te d\u2019Azur habitat nous a propos\u00e9s ici et c\u2019est tout. Nous n\u2019avons pas eu le droit de refuser.\u00a0\u00bb<\/p>\n<p>              <img ci-src=\"https:\/\/www.nicematin.com\/vie-locale\/protec\/DATA_ART_15847312-Bz9Fnju0.jpg?vh=b21d53&amp;ci_seal=465ff72f62\" alt=\"\"\/><\/p>\n<blockquote>\n<p><strong>\u00a0\u00bb Les habitants ont eu le sentiment d\u2019\u00eatre rel\u00e9gu\u00e9s, oubli\u00e9s\u00a0\u00bb<\/strong><\/p>\n<\/blockquote>\n<p>Et puis il y a eu la lente d\u00e9cr\u00e9pitude du Point-du-Jour lorsque son sort a \u00e9t\u00e9 scell\u00e9 et le quartier vou\u00e9 \u00e0 la d\u00e9molition. \u00ab\u00a0Les habitants ont eu le sentiment d\u2019\u00eatre rel\u00e9gu\u00e9s, oubli\u00e9s, \u00e9voque le directeur du centre social. M\u00eame si le lien n\u2019a jamais \u00e9t\u00e9 coup\u00e9 avec la Ville ou avec C\u00f4te d\u2019Azur habitat. Avec les relogements, on a perdu beaucoup de familles et des habitants piliers qui s\u2019engageaient et qui s\u2019int\u00e9ressaient.\u00a0\u00bb Le centre social n\u2019est d\u00e9sormais ouvert que trois matins par semaine.<\/p>\n<p>\u00ab\u00a0Maintenant, c\u2019est mort. Il n\u2019y a plus personne, plus d\u2019ambiance. L\u2019entretien est catastrophique, les b\u00e2timents sont d\u00e9labr\u00e9s, l\u2019ascenseur ne fonctionne pas tr\u00e8s bien et pourtant on paye des charges, s\u2019indigne Houcine du b\u00e2timent 1. On est malheureux. C\u2019est triste, car notre vie \u00e9tait ici.\u00a0\u00bb \u00ab\u00a0C\u2019est catastrophique. Certains ont foutu la pagaille, cass\u00e9 les lumi\u00e8res, d\u00e9grad\u00e9 les jardins. Des camions qui viennent de l\u2019ext\u00e9rieur d\u00e9chargent leurs salet\u00e9s ici. Les rats rongent tout\u00a0\u00bb, \u00e9gr\u00e8ne Th\u00e9r\u00e8se, du b\u00e2timent 3, qui y a \u00e9lev\u00e9 ses onze enfants. \u00ab\u00a0Ce quartier est devenu un bidonville o\u00f9 on ne peut pas y faire grandir nos enfants\u00a0\u00bb, insiste Rais du b\u00e2timent 1.<\/p>\n<p>              <img ci-src=\"https:\/\/www.nicematin.com\/vie-locale\/protec\/DATA_ART_15847308-ZINbr4Hr.jpg?vh=3640f2&amp;ci_seal=b144c869ab\" alt=\"\"\/><\/p>\n<p>                                <strong>\u00ab\u00a0On a nos habitudes, nos rep\u00e8res\u00a0\u00bb<\/strong><\/p>\n<p>Ces habitants pensent au relogement. \u00c0 ce qu\u2019ils vont laisser derri\u00e8re eux. \u00ab\u00a0Avec la destruction du b\u00e2timent 6, ce sont des souvenirs d\u2019enfance qui s\u2019effacent. Il y avait mes cousines l\u00e0-bas\u00a0\u00bb, raconte \u00e9mue Laura du b\u00e2timent 3.<\/p>\n<p>\u00ab\u00a0\u00c7a fait mal, lance Germaine. \u00c7a fait tellement longtemps qu\u2019on est l\u00e0. On a nos habitudes, nos rep\u00e8res. J\u2019ai mon m\u00e9decin pas loin, mes commer\u00e7ants. Mes trois enfants ont \u00e9t\u00e9 \u00e0 l\u2019\u00e9cole ici.\u00a0\u00bb Alors, comme Germaine, presque tous esp\u00e8rent un relogement \u00e0 Saint-Laurent-du-Var\u2026 Et maintenir ainsi leur vie dans cette commune m\u00eame si c\u2019est une page qui se tourne inexorablement.<\/p>\n","protected":false},"excerpt":{"rendered":"Ils ont grandi au Point-du-Jour, pos\u00e9 leurs valises avec leur famille dans le quartier, construit leur quotidien, nou\u00e9&hellip;\n","protected":false},"author":2,"featured_media":227522,"comment_status":"","ping_status":"","sticky":false,"template":"","format":"standard","meta":{"footnotes":""},"categories":[2819],"tags":[1111,11,1777,674,1011,27,12,2401,882,25,1352,3366],"class_list":{"0":"post-227521","1":"post","2":"type-post","3":"status-publish","4":"format-standard","5":"has-post-thumbnail","7":"category-nice","8":"tag-actu","9":"tag-actualites","10":"tag-eu","11":"tag-europe","12":"tag-fr","13":"tag-france","14":"tag-news","15":"tag-nice","16":"tag-provence-alpes-cote-dazur","17":"tag-republique-francaise","18":"tag-urbanisme","19":"tag-vie-locale"},"share_on_mastodon":{"url":"https:\/\/pubeurope.com\/@fr\/114799309241114954","error":""},"_links":{"self":[{"href":"https:\/\/www.europesays.com\/fr\/wp-json\/wp\/v2\/posts\/227521","targetHints":{"allow":["GET"]}}],"collection":[{"href":"https:\/\/www.europesays.com\/fr\/wp-json\/wp\/v2\/posts"}],"about":[{"href":"https:\/\/www.europesays.com\/fr\/wp-json\/wp\/v2\/types\/post"}],"author":[{"embeddable":true,"href":"https:\/\/www.europesays.com\/fr\/wp-json\/wp\/v2\/users\/2"}],"replies":[{"embeddable":true,"href":"https:\/\/www.europesays.com\/fr\/wp-json\/wp\/v2\/comments?post=227521"}],"version-history":[{"count":0,"href":"https:\/\/www.europesays.com\/fr\/wp-json\/wp\/v2\/posts\/227521\/revisions"}],"wp:featuredmedia":[{"embeddable":true,"href":"https:\/\/www.europesays.com\/fr\/wp-json\/wp\/v2\/media\/227522"}],"wp:attachment":[{"href":"https:\/\/www.europesays.com\/fr\/wp-json\/wp\/v2\/media?parent=227521"}],"wp:term":[{"taxonomy":"category","embeddable":true,"href":"https:\/\/www.europesays.com\/fr\/wp-json\/wp\/v2\/categories?post=227521"},{"taxonomy":"post_tag","embeddable":true,"href":"https:\/\/www.europesays.com\/fr\/wp-json\/wp\/v2\/tags?post=227521"}],"curies":[{"name":"wp","href":"https:\/\/api.w.org\/{rel}","templated":true}]}}