{"id":227523,"date":"2025-07-05T06:53:10","date_gmt":"2025-07-05T06:53:10","guid":{"rendered":"https:\/\/www.europesays.com\/fr\/227523\/"},"modified":"2025-07-05T06:53:10","modified_gmt":"2025-07-05T06:53:10","slug":"christian-estrosi-attaque-mediapart-pour-diffamation-la-justice-donne-raison-au-maire-de-nice","status":"publish","type":"post","link":"https:\/\/www.europesays.com\/fr\/227523\/","title":{"rendered":"Christian Estrosi attaque Mediapart pour diffamation, la justice donne raison au maire de Nice"},"content":{"rendered":"<p>        <img decoding=\"async\" loading=\"lazy\" src=\"https:\/\/www.europesays.com\/fr\/wp-content\/uploads\/2025\/07\/83fea2b_1686141961939-000-32788de.jpg\"  width=\"728\" height=\"410\" alt=\"Christian Estrosi (ici en mars 2022) avait attaqu\u00e9 Mediapart pour diffamation, la justice lui a donn\u00e9 raison. \"\/>  <\/p>\n<p>LUDOVIC MARIN \/ AFP<\/p>\n<p>Christian Estrosi (ici en mars 2022) avait attaqu\u00e9 Mediapart pour diffamation, la justice lui a donn\u00e9 raison. <\/p>\n<p class=\"asset asset-text\">MEDIAS &#8211; Victoire judiciaire pour le maire de Nice. <a href=\"https:\/\/www.huffingtonpost.fr\/environnement\/article\/christian-estrosi-part-a-l-abordage-contre-le-paquebot-voyager-of-the-seas-en-rade-de-villefranche-sur-mer_252211.html\" target=\"_blank\" rel=\"noopener\">Christian Estrosi<\/a> a obtenu gain de cause apr\u00e8s la plainte pour diffamation qu\u2019il a d\u00e9pos\u00e9e \u00e0 l\u2019encontre d\u2019une journaliste de Mediapart et de l\u2019ancien directeur Edwy Plenel. Ils ont \u00e9t\u00e9 condamn\u00e9s ce vendredi 4\u00a0juillet, pr\u00e8s de cinq ans apr\u00e8s un article sur des proches de l\u2019\u00e9lu embauch\u00e9s par <a href=\"https:\/\/www.huffingtonpost.fr\/politique\/article\/a-nice-christian-estrosi-demissionne-de-la-metropole-et-annonce-se-representer-dans-la-foulee_236732.html\" target=\"_blank\" rel=\"noopener\">la m\u00e9tropole<\/a>.<\/p>\n<p class=\"asset asset-text\">L\u2019article de novembre\u00a02020 r\u00e9v\u00e9lait les conclusions d\u2019un rapport de la cour r\u00e9gionale des comptes (CRC) qui ne devait \u00eatre rendu public que deux jours plus tard et qui critiquait le recours par la m\u00e9tropole Nice C\u00f4te d\u2019Azur, pr\u00e9sid\u00e9e par Christian Estrosi, \u00e0 des conseillers tr\u00e8s bien pay\u00e9s issus des hautes sph\u00e8res de l\u2019\u00c9tat.<\/p>\n<p class=\"asset asset-text\">Saisi par <a href=\"https:\/\/www.huffingtonpost.fr\/politique\/article\/estrosi-retire-les-drapeaux-israeliens-de-la-mairie-de-nice-a-la-demande-du-tribunal_251862.html\" target=\"_blank\" rel=\"noopener\">le maire de Nice<\/a>, le tribunal correctionnel a point\u00e9 deux passages de l\u2019article ayant \u00ab\u00a0un ton tr\u00e8s affirmatif\u00a0\u00bb et allant \u00ab\u00a0beaucoup plus loin que le rapport de la CRC\u00a0\u00bb. Les deux journalistes devront payer chacun 1000 euros d\u2019amende et conjointement 5000 euros de dommages au maire.<\/p>\n<p>    Jusqu\u2019\u00e0 5900\u00a0euros pour un mi-temps    <\/p>\n<p class=\"asset asset-text\">\u00ab\u00a0Il n\u2019y a pas eu d\u2019enqu\u00eate, la journaliste s\u2019est content\u00e9e de recopier \u00e0 charge le rapport\u00a0\u00bb, a d\u00e9nonc\u00e9 Me Olivier Baratelli, avocat de Christian Estrosi, indiquant avoir produit \u00e0 l\u2019audience de nombreux \u00e9l\u00e9ments sur la r\u00e9alit\u00e9 du travail effectu\u00e9 par les conseillers mis en cause.<\/p>\n<p class=\"asset asset-text\">Dans un rapport sur la gestion de la m\u00e9tropole, la CRC d\u00e9non\u00e7ait \u00ab\u00a0des pratiques irr\u00e9guli\u00e8res dans le domaine de la gestion des ressources humaines\u00a0\u00bb et \u00e9voquait sans citer de nom le cas d\u2019un ancien conseiller de Nicolas Sarkozy, d\u2019un juge et d\u2019un ancien pr\u00e9fet, embauch\u00e9s comme vacataires et pay\u00e9s entre 4500 et 5900 euros par mois pour des horaires de mi-temps sans que leurs missions ne soient toujours pr\u00e9cises.<\/p>\n<p class=\"asset asset-text\">\u00ab\u00a0Estrosi a embauch\u00e9 \u00e0 la m\u00e9tropole des amis qui n\u2019ont pas laiss\u00e9 de traces de leur travail\u00a0\u00bb, <a href=\"https:\/\/www.mediapart.fr\/journal\/france\/251120\/estrosi-embauche-la-metropole-des-amis-qui-n-ont-pas-laisse-de-traces-de-leur-travail\" target=\"_blank\" rel=\"noopener\" title=\"Nouvelle fen\u00eatre\">a titr\u00e9 Mediapart<\/a> en donnant les noms des trois personnes. \u00c0 l\u2019\u00e9poque, Christian Estrosi s\u2019\u00e9tait vivement d\u00e9fendu en assurant qu\u2019il continuerait \u00ab\u00a0\u00e0 faire appel aux meilleurs\u00a0\u00bb.<\/p>\n","protected":false},"excerpt":{"rendered":"LUDOVIC MARIN \/ AFP Christian Estrosi (ici en mars 2022) avait attaqu\u00e9 Mediapart pour diffamation, la justice lui&hellip;\n","protected":false},"author":2,"featured_media":227524,"comment_status":"","ping_status":"","sticky":false,"template":"","format":"standard","meta":{"footnotes":""},"categories":[2819],"tags":[1111,11,22016,1777,674,1011,27,303,21026,500,12,2401,316,882,25],"class_list":{"0":"post-227523","1":"post","2":"type-post","3":"status-publish","4":"format-standard","5":"has-post-thumbnail","7":"category-nice","8":"tag-actu","9":"tag-actualites","10":"tag-diffamation","11":"tag-eu","12":"tag-europe","13":"tag-fr","14":"tag-france","15":"tag-justice","16":"tag-mediapart","17":"tag-medias","18":"tag-news","19":"tag-nice","20":"tag-politique","21":"tag-provence-alpes-cote-dazur","22":"tag-republique-francaise"},"share_on_mastodon":{"url":"https:\/\/pubeurope.com\/@fr\/114799313146830719","error":""},"_links":{"self":[{"href":"https:\/\/www.europesays.com\/fr\/wp-json\/wp\/v2\/posts\/227523","targetHints":{"allow":["GET"]}}],"collection":[{"href":"https:\/\/www.europesays.com\/fr\/wp-json\/wp\/v2\/posts"}],"about":[{"href":"https:\/\/www.europesays.com\/fr\/wp-json\/wp\/v2\/types\/post"}],"author":[{"embeddable":true,"href":"https:\/\/www.europesays.com\/fr\/wp-json\/wp\/v2\/users\/2"}],"replies":[{"embeddable":true,"href":"https:\/\/www.europesays.com\/fr\/wp-json\/wp\/v2\/comments?post=227523"}],"version-history":[{"count":0,"href":"https:\/\/www.europesays.com\/fr\/wp-json\/wp\/v2\/posts\/227523\/revisions"}],"wp:featuredmedia":[{"embeddable":true,"href":"https:\/\/www.europesays.com\/fr\/wp-json\/wp\/v2\/media\/227524"}],"wp:attachment":[{"href":"https:\/\/www.europesays.com\/fr\/wp-json\/wp\/v2\/media?parent=227523"}],"wp:term":[{"taxonomy":"category","embeddable":true,"href":"https:\/\/www.europesays.com\/fr\/wp-json\/wp\/v2\/categories?post=227523"},{"taxonomy":"post_tag","embeddable":true,"href":"https:\/\/www.europesays.com\/fr\/wp-json\/wp\/v2\/tags?post=227523"}],"curies":[{"name":"wp","href":"https:\/\/api.w.org\/{rel}","templated":true}]}}