{"id":227528,"date":"2025-07-05T06:56:09","date_gmt":"2025-07-05T06:56:09","guid":{"rendered":"https:\/\/www.europesays.com\/fr\/227528\/"},"modified":"2025-07-05T06:56:09","modified_gmt":"2025-07-05T06:56:09","slug":"la-cimade-denonce-lexpulsion-illegale-dun-demandeur-dasile-par-la-prefecture-de-la-gironde","status":"publish","type":"post","link":"https:\/\/www.europesays.com\/fr\/227528\/","title":{"rendered":"La Cimade d\u00e9nonce \u00ab\u00a0l&rsquo;expulsion ill\u00e9gale\u00a0\u00bb d\u2019un demandeur d\u2019asile par la pr\u00e9fecture de la Gironde"},"content":{"rendered":"<p class=\"wp-block-post-excerpt__excerpt\">Mercredi 25 juin, M. M. a \u00e9t\u00e9 expuls\u00e9 du territoire fran\u00e7ais deux jours avant son audience pr\u00e9vue au Tribunal administratif de Bordeaux. Alors qu\u2019il faisait l\u2019objet d\u2019un recours suspensif, rendant toute expulsion strictement ill\u00e9gale avant la d\u00e9cision administrative, l\u2019association La Cimade fustige \u00ab\u00a0une atteinte grave \u00e0 l\u2019\u00c9tat de droit\u00a0\u00bb. <\/p>\n<p class=\"font-sans\">\n\t\t\tCet article est en acc\u00e8s libre. Pour soutenir Rue89Bordeaux,<br \/>\n\t\t\t<a class=\"underline\" href=\"https:\/\/rue89bordeaux.com\/abonnement\/\" target=\"_blank\" rel=\"noopener\">abonnez-vous<\/a>.\n\t\t<\/p>\n<p>Jade Garnier<\/p>\n<p>Publi\u00e9 le 5 juillet 2025\u00a0\u00a0\u00b7\u00a0\u00a0<\/p>\n<p>Imprim\u00e9 le 5 juillet 2025 \u00e0 07h55\u00a0\u00a0\u00b7\u00a0\u00a0<\/p>\n<p>\t\t\t\t\t3\u00a0minutes\n<\/p>\n<p>Alors qu\u2019une assistante juridique de La Cimade, association de solidarit\u00e9 avec les personnes \u00e9trang\u00e8res, se rendait \u00e0 son rendez-vous au centre de r\u00e9tention administrative (CRA) de Bordeaux le mercredi 25 juin, elle a \u00e9t\u00e9 surprise de voir son client escort\u00e9 par la police aux fronti\u00e8res. M. M. faisait en effet l\u2019objet d\u2019un recours suspensif, dont l\u2019audience devait se d\u00e9rouler seulement deux jours plus tard au tribunal administratif de Bordeaux, afin de statuer sur sa demande d\u2019asile.<\/p>\n<p>Apr\u00e8s \u00eatre arriv\u00e9 en France, M. M. a fait une demande d\u2019asile aupr\u00e8s d\u2019un guichet unique, affirme l\u2019association. Cependant, sa demande n\u2019a pas \u00e9t\u00e9 introduite dans les d\u00e9lais aupr\u00e8s de l\u2019Office fran\u00e7ais de protection des r\u00e9fugi\u00e9s et apatrides (OFPRA), entrainant une cl\u00f4ture du dossier. C\u2019est donc la r\u00e9ouverture de ce dernier, permettant un examen du fond, qui faisait alors l\u2019objet d\u2019un recours suspensif. M. M. ne pouvait donc normalement pas \u00eatre expuls\u00e9 sans d\u00e9cision administrative ni notification pr\u00e9alable.<\/p>\n<blockquote class=\"wp-block-quote is-layout-flow wp-block-quote-is-layout-flow\">\n<p>\u00ab\u00a0La personne n\u2019a pas \u00e9t\u00e9 notifi\u00e9e comme cela aurait d\u00fb \u00eatre le cas. \u00c7a a \u00e9t\u00e9 un concours de circonstances, ma coll\u00e8gue \u00e9tait juste l\u00e0 au bon moment pour constater l\u2019expulsion\u00a0\u00bb, explique Marine Giorgis, membre de La Cimade. <\/p>\n<\/blockquote>\n<p>\t\tUn positionnement de la Justice ? <\/p>\n<p>La Cimade a donc imm\u00e9diatement pris contact avec le Tribunal administratif de Bordeaux, et s\u2019est vue confirmer que le recours \u00e9tait toujours en cours. Malgr\u00e9 les sollicitations de l\u2019association ainsi que de la greffe du Tribunal administratif, la pr\u00e9fecture girondine ne s\u2019en est pas expliqu\u00e9e. M. M. a donc \u00e9t\u00e9 renvoy\u00e9 dans son pays d\u2019origine, selon les autorit\u00e9s, La Cimade ayant perdu contact avec lui.<\/p>\n<p>SI l\u2019audience a \u00e9t\u00e9 renvoy\u00e9e en Chambre \u00e0 une date inconnue, M. M. pourra difficilement \u00eatre pr\u00e9sent afin de faire valoir ses droits. Cependant, un renvoi en Chambre n\u2019est pas anodin : cette division, qui compte plusieurs juges, examine souvent des dossiers importants n\u00e9cessitant une d\u00e9cision coll\u00e9giale.<\/p>\n<blockquote class=\"wp-block-quote is-layout-flow wp-block-quote-is-layout-flow\">\n<p>\u00ab\u00a0G\u00e9n\u00e9ralement les d\u00e9cisions prises en Chambre sont des moments o\u00f9 la juridiction veut prendre une position importante sur un dossier. En tout cas c\u2019est ce qu\u2019on peut esp\u00e9rer, mais \u00e9tant donn\u00e9 que c\u2019est la premi\u00e8re fois qu\u2019on est face \u00e0 cette situation, on ne sait pas encore tr\u00e8s bien \u00e0 quoi s\u2019attendre\u00a0\u00bb, poursuit Marine Giorgis.<\/p>\n<\/blockquote>\n<p>\t\tContexte politique et \u00c9tat de droit <\/p>\n<p>La Cimade d\u00e9nonce dans un communiqu\u00e9 \u00ab\u00a0un climat politique pr\u00e9occupant, o\u00f9 les pratiques pr\u00e9fectorales ill\u00e9gales se multiplient\u00a0\u00bb, et s\u2019inqui\u00e8te de ces attaques envers la d\u00e9mocratie et l\u2019\u00c9tat de droit. Face \u00e0 ce non-respect des droits des personnes \u00e9trang\u00e8res, l\u2019association a m\u00eame mis fin \u00e0 ses activit\u00e9s au sein de certains CRA, comme celui de Mesnil-Amelot.<\/p>\n<p>Mais au-del\u00e0 d\u2019un contexte national alarmant, l\u2019antenne bordelaise de l\u2019association remarque un glissement dans les pratiques de la pr\u00e9fecture de Gironde, puisque les expulsions ill\u00e9gales ne sont pas communes.<\/p>\n<blockquote class=\"wp-block-quote is-layout-flow wp-block-quote-is-layout-flow\">\n<p>\u00ab\u00a0Une raison de plus de marquer le coup et de souligner que c\u2019est arriv\u00e9\u00a0\u00bb, conclut Marine Giorgis. <\/p>\n<\/blockquote>\n<p>Contact\u00e9e par Rue89 Bordeaux, la pr\u00e9fecture de la Gironde n\u2019a pas donn\u00e9 suite. <\/p>\n<p>Rue89 Bordeaux a besoin de vos dons<\/p>\n<p>Chaque don \u2013 d\u00e9ductible des imp\u00f4ts \u00e0 hauteur de 66% \u2013 compte pour atteindre notre objectif de 10\u00a0000\u00a0\u20ac le plus rapidement possible, id\u00e9alement avant la fin juin. Cette somme, manquante \u00e0 notre tr\u00e9sorerie apr\u00e8s le d\u00e9sengagement d\u2019un annonceur important en 2025, Bordeaux M\u00e9tropole, nous permettra de r\u00e9gler les factures en retard et de retrouver une stabilit\u00e9 financi\u00e8re indispensable \u00e0 la poursuite de notre mission.<\/p>\n","protected":false},"excerpt":{"rendered":"Mercredi 25 juin, M. M. a \u00e9t\u00e9 expuls\u00e9 du territoire fran\u00e7ais deux jours avant son audience pr\u00e9vue au&hellip;\n","protected":false},"author":2,"featured_media":227529,"comment_status":"","ping_status":"","sticky":false,"template":"","format":"standard","meta":{"footnotes":""},"categories":[2817],"tags":[1111,11,1997,19046,1777,674,5341,1011,27,1061,36578,12,2219,7131,25],"class_list":{"0":"post-227528","1":"post","2":"type-post","3":"status-publish","4":"format-standard","5":"has-post-thumbnail","7":"category-bordeaux","8":"tag-actu","9":"tag-actualites","10":"tag-bordeaux","11":"tag-demandeurs-dasile","12":"tag-eu","13":"tag-europe","14":"tag-expulsions","15":"tag-fr","16":"tag-france","17":"tag-immigration","18":"tag-la-cimade","19":"tag-news","20":"tag-nouvelle-aquitaine","21":"tag-prefecture-de-la-gironde","22":"tag-republique-francaise"},"share_on_mastodon":{"url":"https:\/\/pubeurope.com\/@fr\/114799324996090624","error":""},"_links":{"self":[{"href":"https:\/\/www.europesays.com\/fr\/wp-json\/wp\/v2\/posts\/227528","targetHints":{"allow":["GET"]}}],"collection":[{"href":"https:\/\/www.europesays.com\/fr\/wp-json\/wp\/v2\/posts"}],"about":[{"href":"https:\/\/www.europesays.com\/fr\/wp-json\/wp\/v2\/types\/post"}],"author":[{"embeddable":true,"href":"https:\/\/www.europesays.com\/fr\/wp-json\/wp\/v2\/users\/2"}],"replies":[{"embeddable":true,"href":"https:\/\/www.europesays.com\/fr\/wp-json\/wp\/v2\/comments?post=227528"}],"version-history":[{"count":0,"href":"https:\/\/www.europesays.com\/fr\/wp-json\/wp\/v2\/posts\/227528\/revisions"}],"wp:featuredmedia":[{"embeddable":true,"href":"https:\/\/www.europesays.com\/fr\/wp-json\/wp\/v2\/media\/227529"}],"wp:attachment":[{"href":"https:\/\/www.europesays.com\/fr\/wp-json\/wp\/v2\/media?parent=227528"}],"wp:term":[{"taxonomy":"category","embeddable":true,"href":"https:\/\/www.europesays.com\/fr\/wp-json\/wp\/v2\/categories?post=227528"},{"taxonomy":"post_tag","embeddable":true,"href":"https:\/\/www.europesays.com\/fr\/wp-json\/wp\/v2\/tags?post=227528"}],"curies":[{"name":"wp","href":"https:\/\/api.w.org\/{rel}","templated":true}]}}