{"id":227539,"date":"2025-07-05T07:04:14","date_gmt":"2025-07-05T07:04:14","guid":{"rendered":"https:\/\/www.europesays.com\/fr\/227539\/"},"modified":"2025-07-05T07:04:14","modified_gmt":"2025-07-05T07:04:14","slug":"voici-le-parcours-de-la-marche-des-fiertes","status":"publish","type":"post","link":"https:\/\/www.europesays.com\/fr\/227539\/","title":{"rendered":"voici le parcours de la Marche des fiert\u00e9s"},"content":{"rendered":"<p>            Par<br \/>\n        <strong><br \/>\n            <a href=\"https:\/\/actu.fr\/auteur\/thibault-nadal-actu-fr\" title=\"Consulter tous les articles de Thibault Nadal\" target=\"_blank\" rel=\"noopener\">Thibault Nadal<\/a><br \/>\n        <\/strong><\/p>\n<p>        Publi\u00e9 le<\/p>\n<p>            5 juil. 2025 \u00e0 8h20        <\/p>\n<p><img decoding=\"async\" loading=\"lazy\" src=\"https:\/\/www.europesays.com\/fr\/wp-content\/uploads\/2025\/07\/b0550a3338c0694550a3338c068550v-960x640.jpg\" alt=\"Lille Pride : d\u00e9couvrez le parcours de la Marche des fiert\u00e9s pr\u00e9vue ce samedi 15 juin 2024 dans la capitale des Flandres.\" width=\"960\" height=\"640\"\/>Des milliers de personnes sont attendues ce samedi 5\u00a0juillet \u00e0 2025 \u00e0 Marseille pour la Pride (\u00a9Illustration \/ Julien Bouteiller)<\/p>\n<p class=\" wall-content\">Pour <strong>\u00ab\u2009briser la vague\u2009\u00bb<\/strong>. Ce samedi 5\u00a0juillet 2025, <a href=\"https:\/\/actu.fr\/marseille\/\" target=\"_blank\" rel=\"noopener\">Marseille<\/a> sera aux couleurs des <a href=\"https:\/\/actu.fr\/tag\/lgbt\" target=\"_blank\" rel=\"noopener\">LGBTQIA+<\/a>. <strong>La Marche des fiert\u00e9s<\/strong> revient pour une 32e \u00e9dition <strong>dans le centre-ville<\/strong> de la cit\u00e9 phoc\u00e9enne. Avec un mot d\u2019ordre\u2009: \u00ab\u2009Brandissez vos pancartes et vos drapeaux, la rue vous appartient\u2009\u00bb, \u00e9crivent les organisateurs sur <a href=\"https:\/\/www.pride-marseille.com\/marche-des-fiertes\/\" target=\"_blank\" rel=\"noopener\">leur site<\/a>.<\/p>\n<p class=\" wall-content\">Voici le <strong>parcours<\/strong> de <a href=\"https:\/\/actu.fr\/tag\/manifestations\" target=\"_blank\" rel=\"noopener\">la manifestation<\/a>.<\/p>\n<p>Du boulevard Longchamp \u00e0 l\u2019H\u00f4tel de Ville<\/p>\n<p class=\" wall-content\"><strong>Le rendez-vous est fix\u00e9 \u00e0 16h<\/strong> sur le boulevard Longchamp, \u00e0 l\u2019entr\u00e9e du parc, c\u00f4t\u00e9 fontaine, dans le 4e arrondissement. Le cort\u00e8ge descendra ensuite le boulevard de la Lib\u00e9ration, puis la <a href=\"https:\/\/actu.fr\/tag\/canebiere\" target=\"_blank\" rel=\"noopener\">Canebi\u00e8re<\/a> (1er), avant de bifurquer vers le Cours Belsunce, la rue Colbert et <a href=\"https:\/\/actu.fr\/provence-alpes-cote-d-azur\/marseille_13055\/dans-cette-rue-emblematique-de-marseille-on-travaille-tous-les-jours-avec-la-peur_62693786.html\" target=\"_blank\" rel=\"noopener\">la rue de la R\u00e9publique<\/a>.<\/p>\n<p class=\" wall-content\"><strong>La fin de la manifestation est pr\u00e9vue \u00e0 18h30<\/strong>, quai de la Fraternit\u00e9, juste devant l\u2019H\u00f4tel de Ville, \u00e0 deux pas du <a href=\"https:\/\/actu.fr\/tag\/vieux-port\" target=\"_blank\" rel=\"noopener\">Vieux-Port<\/a> (1er).<\/p>\n<p>Vid\u00e9os : en ce moment sur Actu<\/p>\n<p class=\" wall-content\">Avant cela, <strong>des activit\u00e9s seront propos\u00e9es toute la journ\u00e9e<\/strong>. Elles commenceront d\u00e8s 10h place Bargemon dans le 2e arrondissement. Sur place, un village sera am\u00e9nag\u00e9 pour des moments d\u2019\u00e9change avec des associations.<\/p>\n<p class=\" wall-content\">Enfin, apr\u00e8s la marche, un ap\u00e9ro se tiendra au centre LGBTQIA+ de Marseille (rue du Chevalier Roze, 2e), avant un concert sur le Port dans le cadre de l\u2019\u00c9t\u00e9 Marseillais.<\/p>\n<p class=\" wall-content\">Suivez toute l\u2019actualit\u00e9 de vos villes et m\u00e9dias favoris en vous inscrivant \u00e0 <a href=\"https:\/\/moncompte.actu.fr\" title=\"D\u00e9couvez Mon Actu\" rel=\"nofollow noopener\" data-trk=\"{&quot;cta&quot;:{&quot;action&quot;:&quot;https:\\\/\\\/moncompte.actu.fr&quot;,&quot;category&quot;:&quot;mon compte&quot;,&quot;from&quot;:&quot;article footer&quot;,&quot;name&quot;:&quot;Mon actu&quot;,&quot;type&quot;:&quot;cta&quot;}}\" target=\"_blank\">Mon Actu<\/a>.<\/p>\n","protected":false},"excerpt":{"rendered":"Par Thibault Nadal Publi\u00e9 le 5 juil. 2025 \u00e0 8h20 Des milliers de personnes sont attendues ce samedi&hellip;\n","protected":false},"author":2,"featured_media":227540,"comment_status":"","ping_status":"","sticky":false,"template":"","format":"standard","meta":{"footnotes":""},"categories":[2814],"tags":[1111,11,1777,674,1011,27,9087,1272,884,12,882,25,104],"class_list":{"0":"post-227539","1":"post","2":"type-post","3":"status-publish","4":"format-standard","5":"has-post-thumbnail","7":"category-marseille","8":"tag-actu","9":"tag-actualites","10":"tag-eu","11":"tag-europe","12":"tag-fr","13":"tag-france","14":"tag-lgbt","15":"tag-manifestations","16":"tag-marseille","17":"tag-news","18":"tag-provence-alpes-cote-dazur","19":"tag-republique-francaise","20":"tag-societe"},"share_on_mastodon":{"url":"https:\/\/pubeurope.com\/@fr\/114799356421633385","error":""},"_links":{"self":[{"href":"https:\/\/www.europesays.com\/fr\/wp-json\/wp\/v2\/posts\/227539","targetHints":{"allow":["GET"]}}],"collection":[{"href":"https:\/\/www.europesays.com\/fr\/wp-json\/wp\/v2\/posts"}],"about":[{"href":"https:\/\/www.europesays.com\/fr\/wp-json\/wp\/v2\/types\/post"}],"author":[{"embeddable":true,"href":"https:\/\/www.europesays.com\/fr\/wp-json\/wp\/v2\/users\/2"}],"replies":[{"embeddable":true,"href":"https:\/\/www.europesays.com\/fr\/wp-json\/wp\/v2\/comments?post=227539"}],"version-history":[{"count":0,"href":"https:\/\/www.europesays.com\/fr\/wp-json\/wp\/v2\/posts\/227539\/revisions"}],"wp:featuredmedia":[{"embeddable":true,"href":"https:\/\/www.europesays.com\/fr\/wp-json\/wp\/v2\/media\/227540"}],"wp:attachment":[{"href":"https:\/\/www.europesays.com\/fr\/wp-json\/wp\/v2\/media?parent=227539"}],"wp:term":[{"taxonomy":"category","embeddable":true,"href":"https:\/\/www.europesays.com\/fr\/wp-json\/wp\/v2\/categories?post=227539"},{"taxonomy":"post_tag","embeddable":true,"href":"https:\/\/www.europesays.com\/fr\/wp-json\/wp\/v2\/tags?post=227539"}],"curies":[{"name":"wp","href":"https:\/\/api.w.org\/{rel}","templated":true}]}}