{"id":227548,"date":"2025-07-05T07:09:08","date_gmt":"2025-07-05T07:09:08","guid":{"rendered":"https:\/\/www.europesays.com\/fr\/227548\/"},"modified":"2025-07-05T07:09:08","modified_gmt":"2025-07-05T07:09:08","slug":"florilege-des-trouvailles-les-plus-folles-dans-la-seine-a-paris","status":"publish","type":"post","link":"https:\/\/www.europesays.com\/fr\/227548\/","title":{"rendered":"floril\u00e8ge des trouvailles les plus folles dans la Seine \u00e0 Paris"},"content":{"rendered":"<p>            Par<br \/>\n        <strong><br \/>\n            <a href=\"https:\/\/actu.fr\/auteur\/thomas-martin\" title=\"Consulter tous les articles de Thomas Martin\" target=\"_blank\" rel=\"noopener\">Thomas Martin<\/a><br \/>\n        <\/strong><\/p>\n<p>        Publi\u00e9 le<\/p>\n<p>            5 juil. 2025 \u00e0 8h39        <\/p>\n<p><a href=\"https:\/\/actu.fr\/tag\/la-seine\" target=\"_blank\" rel=\"noopener\">La Seine<\/a>, au c\u0153ur des festivit\u00e9s des Jeux olympiques de Paris en 2024, est de nouveau la star de l\u2019\u00e9t\u00e9 dans la capitale avec l\u2019ouverture au public de trois lieux de <a href=\"https:\/\/actu.fr\/ile-de-france\/paris_75056\/paris-ouverture-de-la-seine-a-la-baignade-tout-ce-qu-il-faut-savoir-avant-de-piquer-une-tete-dans-le-fleuve_62868473.html\" target=\"_blank\" rel=\"noopener\">baignade<\/a> ce samedi 5 juillet. Pollution, eaux us\u00e9es, s\u00e9curit\u00e9\u2026 Des am\u00e9nagements \u2013 co\u00fbteux \u2013 ont \u00e9t\u00e9 engag\u00e9s pour rendre la baignade \u00e0 nouveau possible. Les \u00e2mes sensibles s\u2019abstiendront de penser aux 50 \u00e0 60 cadavres humains qui sont rep\u00each\u00e9s chaque ann\u00e9e dans les eaux du fleuve. Et la brigade fluviale n\u2019est pas au bout de ses surprises\u2026<\/p>\n<p>Les d\u00e9couvertes insolites faites dans la Seine \u00e0 Paris<\/p>\n<p class=\" wall-content\">Voici un floril\u00e8ge des trouvailles les plus folles faites jusqu\u2019alors :<\/p>\n<ul class=\" wall-content\">\n<li>un <strong>python<\/strong> de trois m\u00e8tres de long, mort bien s\u00fbr : Le 12 juillet 2012,\u00a0la brigade fluviale avait rep\u00each\u00e9 dans\u00a0la Seine\u00a0un python de 3\u00a0m\u00e8tres de long pour 40\u00a0kilos, en \u00e9tat de d\u00e9composition avanc\u00e9e.\u00a0\u00abTriste destin pour un de ces nouveaux animaux de compagnie\u00bb, avait alors comment\u00e9 la Pr\u00e9fecture de police. \u00c0 taille adulte, ceux-ci finissent souvent par poser un v\u00e9ritable probl\u00e8me de cohabitation en milieu urbain, dans des espaces et sous des climats inappropri\u00e9s.\u00bb<\/li>\n<li>Un <strong>piranha<\/strong> \u00e0 la r\u00e9putation sulfureuse : Il \u00e9tait entre 13h\u00a0 et 14h , ce mercredi 1er ao\u00fbt 2012, quai de Jemmapes (10\u00e8me arrondissement) quand un p\u00eacheur de 29 ans, travaillant dans une boutique d\u2019app\u00e2ts pour poissons, avait remont\u00e9 un <a href=\"https:\/\/actu.fr\/ile-de-france\/paris_75056\/le-jour-ou-un-piranha-a-ete-peche-dans-la-canal-saint-martin-paris_43572664.html\" target=\"_blank\" rel=\"noopener\">piranha<\/a> d\u2019une vingtaine de centim\u00e8tres. \u00ab Il flottait entre deux eaux. Il n\u2019avait pas l\u2019air tr\u00e8s en forme, expliquait-il \u00e0 l\u2019\u00e9poque au Parisien.\u00a0 Ce poisson d\u2019Amazonie aime l\u2019eau chaude et propre. Le canal, ce n\u2019\u00e9tait pas l\u2019id\u00e9al \u00bb. Le poisson avait ensuite \u00e9t\u00e9 rejet\u00e9 \u00e0 l\u2019eau, avec une faible esp\u00e9rance de survie. L\u2019\u00e9t\u00e9 suivant, c\u2019est un pacu, un gros poisson sud-am\u00e9ricain issu de la famille des piranhas, \u00e0 la r\u00e9putation de \u00ab mangeur de testicules \u00bb, qui sera \u00e9galement p\u00each\u00e9 dans la Seine.\u00a0<\/li>\n<li><strong>Une bombe et des obus<\/strong> : une bombe am\u00e9ricaine l\u00e2ch\u00e9e en 1943 avait \u00e9t\u00e9 retrouv\u00e9e dans le fleuve. En 2022, la brigade fluviale de la Direction de l\u2019ordre public et de la circulation (DOPC) de la Pr\u00e9fecture de police de Paris avait \u00e9galement rep\u00each\u00e9 plus de 150 obus datant de la seconde guerre mondiale<\/li>\n<li>une <strong>statuette vol\u00e9e<\/strong> attribu\u00e9e au couple Rodin-Claudel : elle avait \u00e9t\u00e9 retrouv\u00e9e\u00a0 dans le Port de l\u2019Arsenal \u00e0 Paris par la brigade fluviale (BF) \u00ab\u00a0au prix de multiples plong\u00e9es\u00a0\u00bb. Les voleurs, qui avaient \u00e9t\u00e9 interpell\u00e9s, avaient indiqu\u00e9 avoir jet\u00e9 dans la Seine une partie de cette oeuvre vol\u00e9e dans des circonstances non pr\u00e9cis\u00e9es. La perte de la statuette, d\u2019une hauteur de 15 \u00e0 20 cm, \u00e9tait \u00ab\u00a0inestimable car c\u2019est l\u2019une des rares attribu\u00e9es au c\u00e9l\u00e8bre couple\u00a0\u00bb, avait alors indiqu\u00e9 le commissaire Fran\u00e7ois Cerdan, chef de la BF.<\/li>\n<li>Le <strong>troph\u00e9e du tournoi des Six Nations<\/strong>, remport\u00e9 en 2022 par les Bleus, a fini \u00e0 l\u2019eau lors d\u2019une soir\u00e9e arros\u00e9e en p\u00e9niche. Mais a aussit\u00f4t \u00e9t\u00e9 r\u00e9cup\u00e9r\u00e9.<\/li>\n<li>Une nuit, dans les ann\u00e9es 70, les pompiers ont aussi d\u00fb intervenir pour secourir\u2026<a href=\"https:\/\/actu.fr\/tag\/jane-birkin\" target=\"_blank\" rel=\"noopener\"> Jane Birkin<\/a>. Apr\u00e8s une dispute avec Serge Gainsbourg, son compagnon d\u2019alors, la chanteuse -qui ne savait pas nager !- s\u2019\u00e9tait sur un coup de t\u00eate jet\u00e9e \u00e0 l\u2019eau.<\/li>\n<\/ul>\n<p class=\" wall-content\">D\u2019autres <a href=\"https:\/\/actu.fr\/ile-de-france\/paris_75056\/ces-animaux-insolites-retrouves-dans-la-seine-a-paris_52986545.html\" target=\"_blank\" rel=\"noopener\">animaux insolites<\/a>, une poup\u00e9e vaudou ou encore une \u00e9p\u00e9e m\u00e9di\u00e9vale font \u00e9galement partie des trouvailles faites dans la Seine.\u00a0<\/p>\n<p class=\" wall-content\"><strong>Avec AFP<\/strong><\/p>\n<p class=\" wall-content\">Suivez toute l\u2019actualit\u00e9 de vos villes et m\u00e9dias favoris en vous inscrivant \u00e0 <a href=\"https:\/\/moncompte.actu.fr\" title=\"D\u00e9couvez Mon Actu\" rel=\"nofollow noopener\" data-trk=\"{&quot;cta&quot;:{&quot;action&quot;:&quot;https:\\\/\\\/moncompte.actu.fr&quot;,&quot;category&quot;:&quot;mon compte&quot;,&quot;from&quot;:&quot;article footer&quot;,&quot;name&quot;:&quot;Mon actu&quot;,&quot;type&quot;:&quot;cta&quot;}}\" target=\"_blank\">Mon Actu<\/a>.<\/p>\n","protected":false},"excerpt":{"rendered":"Par Thomas Martin Publi\u00e9 le 5 juil. 2025 \u00e0 8h39 La Seine, au c\u0153ur des festivit\u00e9s des Jeux&hellip;\n","protected":false},"author":2,"featured_media":227549,"comment_status":"","ping_status":"","sticky":false,"template":"","format":"standard","meta":{"footnotes":""},"categories":[1888],"tags":[1111,1928,11,1927,1777,674,1011,27,1757,5353,12,1926,626,1925,25],"class_list":{"0":"post-227548","1":"post","2":"type-post","3":"status-publish","4":"format-standard","5":"has-post-thumbnail","7":"category-paris","8":"tag-actu","9":"tag-actu-paris","10":"tag-actualites","11":"tag-actualites-paris","12":"tag-eu","13":"tag-europe","14":"tag-fr","15":"tag-france","16":"tag-insolite","17":"tag-la-seine","18":"tag-news","19":"tag-news-paris","20":"tag-paris","21":"tag-paris-news","22":"tag-republique-francaise"},"share_on_mastodon":{"url":"https:\/\/pubeurope.com\/@fr\/114799376074097711","error":""},"_links":{"self":[{"href":"https:\/\/www.europesays.com\/fr\/wp-json\/wp\/v2\/posts\/227548","targetHints":{"allow":["GET"]}}],"collection":[{"href":"https:\/\/www.europesays.com\/fr\/wp-json\/wp\/v2\/posts"}],"about":[{"href":"https:\/\/www.europesays.com\/fr\/wp-json\/wp\/v2\/types\/post"}],"author":[{"embeddable":true,"href":"https:\/\/www.europesays.com\/fr\/wp-json\/wp\/v2\/users\/2"}],"replies":[{"embeddable":true,"href":"https:\/\/www.europesays.com\/fr\/wp-json\/wp\/v2\/comments?post=227548"}],"version-history":[{"count":0,"href":"https:\/\/www.europesays.com\/fr\/wp-json\/wp\/v2\/posts\/227548\/revisions"}],"wp:featuredmedia":[{"embeddable":true,"href":"https:\/\/www.europesays.com\/fr\/wp-json\/wp\/v2\/media\/227549"}],"wp:attachment":[{"href":"https:\/\/www.europesays.com\/fr\/wp-json\/wp\/v2\/media?parent=227548"}],"wp:term":[{"taxonomy":"category","embeddable":true,"href":"https:\/\/www.europesays.com\/fr\/wp-json\/wp\/v2\/categories?post=227548"},{"taxonomy":"post_tag","embeddable":true,"href":"https:\/\/www.europesays.com\/fr\/wp-json\/wp\/v2\/tags?post=227548"}],"curies":[{"name":"wp","href":"https:\/\/api.w.org\/{rel}","templated":true}]}}