{"id":227552,"date":"2025-07-05T07:11:13","date_gmt":"2025-07-05T07:11:13","guid":{"rendered":"https:\/\/www.europesays.com\/fr\/227552\/"},"modified":"2025-07-05T07:11:13","modified_gmt":"2025-07-05T07:11:13","slug":"train-rer-et-metros-en-juillet-pas-de-vacances-pour-les-chantiers-et-les-fermetures-de-lignes","status":"publish","type":"post","link":"https:\/\/www.europesays.com\/fr\/227552\/","title":{"rendered":"Train, RER et m\u00e9tros\u00a0: en juillet, pas de vacances pour les chantiers\u2026 et les fermetures de lignes"},"content":{"rendered":"<p class=\"paragraph text_align_left lp-f-body-02\">C\u2019est parti pour <a href=\"https:\/\/www.leparisien.fr\/info-paris-ile-de-france-oise\/transports\/lete-la-pire-periode-dans-les-transports-en-ile-de-france-17-07-2023-5BQYZSNKN5GDBDYVIXPYD5ZJEI.php\" target=\"_self\" rel=\"noopener\">la saison des chantiers sur le r\u00e9seau<\/a> ferr\u00e9 d\u2019\u00cele-de-France. Comme chaque ann\u00e9e, les op\u00e9rateurs de transports profitent de la baisse de fr\u00e9quentation estivale pour programmer les travaux de maintenance les plus perturbants. Mais en 2025, il faut, en plus, compter avec un effet rattrapage apr\u00e8s la tr\u00eave olympique de Paris 2024, et donc avec une inflation du nombre de fermetures. Rien qu\u2019<a href=\"https:\/\/www.leparisien.fr\/info-paris-ile-de-france-oise\/transports\/rer-b-lignes-3-et-4-du-metro-les-perturbations-du-week-end-des-5-et-6-juillet-dans-les-transports-04-07-2025-LBQAOWLQAJGXJAAPC7YCWYISSY.php\" target=\"_self\" rel=\"noopener\">en juillet,<\/a> pr\u00e8s de 10 lignes sont concern\u00e9es. Tour d\u2019horizon.<\/p>\n<p>M\u00e9tro<\/p>\n<p class=\"paragraph text_align_left lp-f-body-02\"><b>La ligne 3 r\u00e9duite de moiti\u00e9.<\/b> Les nombreux travaux programm\u00e9s (r\u00e9fection du tunnel, cr\u00e9ation d\u2019une station de lavage au terminus, d\u2019une voie de garage \u00e0 Gambetta) n\u00e9cessitent la fermeture de la moiti\u00e9 de la ligne, entre Op\u00e9ra et Gallieni, durant cinq semaines. Le tron\u00e7on, ferm\u00e9 depuis le 28 juin ne rouvrira que le lundi 5 ao\u00fbt. D\u2019ici l\u00e0, des bus de substitution sont mis en place, entre Gallieni et le \u00ab hub \u00bb de correspondance de R\u00e9publique.<\/p>\n<p><img decoding=\"async\" class=\"image \" loading=\"lazy\" src=\"https:\/\/www.europesays.com\/fr\/wp-content\/uploads\/2025\/07\/44QFGYFND5E5FFWLMTNWAR3EXM.jpg\" alt=\"\" align=\"\" data-rubrique-principale=\"\" data-article-type=\"\" fetchpriority=\"auto\"\/><\/p>\n<p class=\"paragraph text_align_left lp-f-body-02\"><b>La ligne 4 ferm\u00e9e rive gauche.<\/b> Pour permettre la r\u00e9novation des infrastructures, la ligne 4 ferme d\u00e8s ce week-end, entre la station Les Halles et Porte-d\u2019Orl\u00e9ans, et ce jusqu\u2019au lundi 14 juillet inclus. Un bus de remplacement assurera la liaison entre Porte-d\u2019Orl\u00e9ans et Denfert-Rochereau.<\/p>\n<p class=\"paragraph text_align_left lp-f-body-02\"><b>La ligne 7, terminus \u00e0 Chauss\u00e9e-d\u2019Antin.<\/b> Une semaine sans m\u00e9tro \u00e9galement pour La Courneuve. La ligne 7 sera ferm\u00e9e, du vendredi 18 juillet au jeudi 24 juillet inclus, entre Chauss\u00e9e- d\u2019Antin et le terminus de La Courneuve-8-mai-1945. Le service de bus de substitution mis en place ira du terminus \u00e0 Stalingrad (correspondance avec les lignes 2 et 5).<\/p>\n<p class=\"paragraph text_align_left lp-f-body-02\"><b>La ligne 13 priv\u00e9e de trois stations.<\/b> Des travaux de modernisation des stations n\u00e9cessitent la fermeture de trois d\u2019entre elles pour des dur\u00e9es allant de 3 jours\u2026 \u00e0 6 semaines. La station Ga\u00eet\u00e9 ne fermera que pour un long week-end, du 18 au 20 juillet. Les m\u00e9tros ne marqueront pas d\u2019arr\u00eat \u00e0 la station Pernety du 21 juillet au 31 ao\u00fbt. Quant \u00e0 la station Gabriel-P\u00e9ri, elle sera ferm\u00e9e d\u00e8s le lundi 14 juillet et rouvrira le 1er septembre.<\/p>\n<p class=\"paragraph text_align_left lp-f-body-02\"><b>La ligne 14 s\u2019arr\u00eate plus t\u00f4t. <\/b>Pas de fermeture de longue dur\u00e9e mais une s\u00e9rie de \u00ab fins de service \u00bb anticip\u00e9es au menu de la ligne 14 en juillet. Elle sera ferm\u00e9e aux voyageurs (de Saint-Denis &#8211; Pleyel \u00e0 Orly), \u00e0 partir de 22 heures les mercredis 9, 16 et 23 juillet.<\/p>\n<p>RER et Transiliens<\/p>\n<p class=\"paragraph text_align_left lp-f-body-02\"><b>Pas de RER B pour Massy. <\/b>Les usagers de la branche sud du RER doivent miser sur un allongement des temps de parcours entre les gares de Massy-Palaiseau et Croix-de-Berny presque tout l\u2019\u00e9t\u00e9. Le trafic ferroviaire sur ce tron\u00e7on sera interrompu \u00e0 partir du 15 juillet, et ce jusqu\u2019au 27 ao\u00fbt. L\u00e0 encore des liaisons en bus seront mises en place.<\/p>\n<p><img decoding=\"async\" class=\"image \" loading=\"lazy\" src=\"https:\/\/www.europesays.com\/fr\/wp-content\/uploads\/2025\/07\/D3EWKEA2ARHY3GPDZAKQWESGJ4.jpg\" alt=\"\" align=\"\" data-rubrique-principale=\"\" data-article-type=\"\" fetchpriority=\"auto\"\/><\/p>\n<p class=\"paragraph text_align_left lp-f-body-02\"><b>Le RER C en pointill\u00e9<\/b>. Gare aux fermetures de longue dur\u00e9e sur la ligne<a href=\"https:\/\/www.leparisien.fr\/info-paris-ile-de-france-oise\/transports\/pourquoi-les-travaux-dete-du-rer-c-durent-depuis-25-ans-02-08-2022-6C57NDFCJZCPJHTZ6CFVVG3EF4.php\" target=\"_self\" rel=\"noopener\"> la plus \u00ab complexe \u00bb du r\u00e9seau, coup\u00e9e chaque \u00e9t\u00e9<\/a> (sauf en 2024) notamment pour r\u00e9nover son tron\u00e7on central qui longe la Seine. Cette ann\u00e9e, la ligne sera ferm\u00e9e de la gare de Paris-Austerlitz \u00e0 l\u2019est jusqu\u2019\u00e0 la gare Avenue-Henri-Martin et les branches desservant Versailles-Ch\u00e2teau et Saint-Quentin-en-Yvelines \u00e0 l\u2019ouest. La fermeture est programm\u00e9e pendant six semaines, du 12 juillet au 23 ao\u00fbt. M\u00eames dates de fermetures \u00e0 pr\u00e9voir sur la branche Massy &#8211; Pont-de-Rungis. Le tron\u00e7on Henri-Martin\/Pontoise sera quant \u00e0 lui ferm\u00e9 une seule journ\u00e9e en juillet (le samedi 26)\u2026 avant d\u2019autres fermetures en ao\u00fbt.<\/p>\n<p class=\"paragraph text_align_left lp-f-body-02\"><b>La ligne K interrompue le week-end du 14 juillet.<\/b> Aucun train de la ligne K ne circulera entre la gare de Paris-Nord et Aulnay, du samedi 12 au lundi 14 juillet. Cette fermeture est li\u00e9e \u00e0 l\u2019avant-derni\u00e8re \u00e9tape du <a href=\"https:\/\/www.leparisien.fr\/info-paris-ile-de-france-oise\/transports\/remplacement-du-pont-ferroviaire-du-faisceau-nord-les-grandes-manoeuvres-commencent-a-saint-denis-18-10-2024-WRZ2GCWNJBDTPBKORXQHYRMY3A.php\" target=\"_self\" rel=\"noopener\">chantier g\u00e9ant de remplacement du \u00ab pont des cath\u00e9drales \u00bb<\/a> qui passe au dessus de la ligne. Ce chantier entra\u00eenera des perturbations (mais pas de fermetures) sur les RER B et D ainsi que sur la ligne H qui empruntent le m\u00eame faisceau ferroviaire.<\/p>\n<p>Tramway<\/p>\n<p class=\"paragraph text_align_left lp-f-body-02\"><b>T1.<\/b> Le plus vieux tram d\u2019\u00cele-de-France (dont<a href=\"https:\/\/www.leparisien.fr\/seine-saint-denis-93\/il-etait-temps-de-changer-plus-spacieuses-plus-modernes-les-nouvelles-rames-du-t1-ravissent-les-usagers-23-01-2025-2PTZ3QNWC5EHBK3VRBAPTAQ5CU.php\" target=\"_self\" rel=\"noopener\"> le mat\u00e9riel roulant est en cours de renouvellement<\/a>) n\u00e9cessite des travaux de r\u00e9novation de la plateforme de voies. Cons\u00e9quences : la ligne sera ferm\u00e9e pendant deux semaines, du 15 au 31 juillet, entre les arr\u00eats Gare-de-Saint-Denis et H\u00f4pital-Delafontaine. Un service de bus remplacera les trams sur le tron\u00e7on en travaux.<\/p>\n","protected":false},"excerpt":{"rendered":"C\u2019est parti pour la saison des chantiers sur le r\u00e9seau ferr\u00e9 d\u2019\u00cele-de-France. Comme chaque ann\u00e9e, les op\u00e9rateurs de&hellip;\n","protected":false},"author":2,"featured_media":227553,"comment_status":"","ping_status":"","sticky":false,"template":"","format":"standard","meta":{"footnotes":""},"categories":[1888],"tags":[11,1777,674,1011,27,1944,12,626,25,2382],"class_list":{"0":"post-227552","1":"post","2":"type-post","3":"status-publish","4":"format-standard","5":"has-post-thumbnail","7":"category-paris","8":"tag-actualites","9":"tag-eu","10":"tag-europe","11":"tag-fr","12":"tag-france","13":"tag-ma-ville","14":"tag-news","15":"tag-paris","16":"tag-republique-francaise","17":"tag-transport-idf-oise"},"share_on_mastodon":{"url":"","error":""},"_links":{"self":[{"href":"https:\/\/www.europesays.com\/fr\/wp-json\/wp\/v2\/posts\/227552","targetHints":{"allow":["GET"]}}],"collection":[{"href":"https:\/\/www.europesays.com\/fr\/wp-json\/wp\/v2\/posts"}],"about":[{"href":"https:\/\/www.europesays.com\/fr\/wp-json\/wp\/v2\/types\/post"}],"author":[{"embeddable":true,"href":"https:\/\/www.europesays.com\/fr\/wp-json\/wp\/v2\/users\/2"}],"replies":[{"embeddable":true,"href":"https:\/\/www.europesays.com\/fr\/wp-json\/wp\/v2\/comments?post=227552"}],"version-history":[{"count":0,"href":"https:\/\/www.europesays.com\/fr\/wp-json\/wp\/v2\/posts\/227552\/revisions"}],"wp:featuredmedia":[{"embeddable":true,"href":"https:\/\/www.europesays.com\/fr\/wp-json\/wp\/v2\/media\/227553"}],"wp:attachment":[{"href":"https:\/\/www.europesays.com\/fr\/wp-json\/wp\/v2\/media?parent=227552"}],"wp:term":[{"taxonomy":"category","embeddable":true,"href":"https:\/\/www.europesays.com\/fr\/wp-json\/wp\/v2\/categories?post=227552"},{"taxonomy":"post_tag","embeddable":true,"href":"https:\/\/www.europesays.com\/fr\/wp-json\/wp\/v2\/tags?post=227552"}],"curies":[{"name":"wp","href":"https:\/\/api.w.org\/{rel}","templated":true}]}}