{"id":227554,"date":"2025-07-05T07:12:15","date_gmt":"2025-07-05T07:12:15","guid":{"rendered":"https:\/\/www.europesays.com\/fr\/227554\/"},"modified":"2025-07-05T07:12:15","modified_gmt":"2025-07-05T07:12:15","slug":"a-paris-les-premieres-baignades-dans-la-seine-sous-etroite-surveillance-05-07-2025-a-0859","status":"publish","type":"post","link":"https:\/\/www.europesays.com\/fr\/227554\/","title":{"rendered":"A Paris, les premi\u00e8res baignades dans la Seine sous \u00e9troite surveillance &#8211; 05\/07\/2025 \u00e0 08:59"},"content":{"rendered":"<p>        <img fetchpriority=\"high\" decoding=\"async\" src=\"https:\/\/www.europesays.com\/fr\/wp-content\/uploads\/2025\/07\/2f881a84cea60c4fe1249a140b356aaf-760x506.jpg\" alt=\"Premiers baigneurs dans la Seine depuis 1923, Paris, le 5 juillet 2025 ( AFP \/ JULIEN DE ROSA )\" loading=\"eager\" width=\"760\" height=\"506\" style=\"max-width: 100%!important; height: auto;\"\/><\/p>\n<p class=\"c-image-news__legend\">Premiers baigneurs dans la Seine depuis 1923, Paris, le 5 juillet 2025 ( AFP \/ JULIEN DE ROSA )<\/p>\n<p>\n Un an apr\u00e8s les athl\u00e8tes olympiques et sous \u00e9troite surveillance, le grand public a enfin pu renouer samedi avec les joies de la baignade dans la Seine en plein coeur de Paris, o\u00f9 celle-ci \u00e9tait interdite depuis 1923.\n<\/p>\n<p>\n Quelques premi\u00e8res dizaines de nageurs se sont \u00e9lanc\u00e9s d\u00e8s 08H00 depuis des pontons am\u00e9nag\u00e9s de bancs et de casiers pour ranger leurs affaires sur le bras Marie, en face de l&rsquo;\u00eele Saint-Louis, sous le regard attentif de nombreux ma\u00eetres nageurs en T-shirts jaune fluo et shorts rouge vif, assortis \u00e0 leur sifflet, et sous la surveillance de bateaux pneumatiques de la pr\u00e9fecture de police de Paris.\n<\/p>\n<p>\n Chaque nageur \u00e9tait \u00e9quip\u00e9 d&rsquo;un flotteur jaune reli\u00e9 \u00e0 un cordon ceint autour de la taille. La baignade se d\u00e9roulait dans un p\u00e9rim\u00e8tre entour\u00e9 d&rsquo;un cordon de s\u00e9curit\u00e9.\n<\/p>\n<p>\n \u00ab\u00a0La qualit\u00e9 de l&rsquo;eau est conforme\u00a0\u00bb aux normes sanitaires et celle-ci est \u00e0 \u00ab\u00a025 degr\u00e9s\u00a0\u00bb, a pr\u00e9cis\u00e9 Pierre Rabadan, adjoint aux sports \u00e0 la mairie de Paris samedi sur RMC. L&rsquo;\u00e9lu comptait lui-m\u00eame se baigner samedi sur le site de Bercy (est de Paris), pr\u00e9cisant que pour la maire de la capitale, Anne Hidalgo, cela n&rsquo;\u00e9tait \u00ab\u00a0pas s\u00fbr\u00a0\u00bb.\n<\/p>\n<p>\n Celle-ci s&rsquo;est rendue sur le ponton, aux c\u00f4t\u00e9s du pr\u00e9fet de police de Paris Laurent Nunez et de la ministre des Sports Marie Barsacq, peu avant 08H30. \u00ab\u00a0J&rsquo;aurais tr\u00e8s envie de sauter (dans l&rsquo;eau). Elle a l&rsquo;air tr\u00e8s bonne\u00a0\u00bb, a-t-elle indiqu\u00e9 \u00e0 l&rsquo;AFP, avant de faire des selfies avec des nageurs en bonnet de bain. L&rsquo;une d&rsquo;entre eux lui crie depuis l&rsquo;eau: \u00ab\u00a0Merci Madame Hidalgo, c&rsquo;est trop chouette!\u00a0\u00bb.\n<\/p>\n<p>\n \u00ab\u00a0C&rsquo;est un r\u00eave de gosse de faire nager les gens dans la Seine\u00a0\u00bb, r\u00e9pond l&rsquo;\u00e9dile.\n<\/p>\n<p>\n Apr\u00e8s cette premi\u00e8re ouverture de site de baignade, deux autres ouvriront dans la matin\u00e9e: l&rsquo;un au bras de Grenelle pr\u00e8s de la tour Eiffel et l&rsquo;autre \u00e0 Bercy face \u00e0 la biblioth\u00e8que Fran\u00e7ois-Mitterrand. Des bassins y sont l\u00e0 aussi am\u00e9nag\u00e9s avec pontons, \u00e9chelles, mobilier baln\u00e9aire, douches et vestiaires.\n<\/p>\n<p>\n La baignade, gratuite, y sera ouverte, jusqu&rsquo;au 31 ao\u00fbt, si la m\u00e9t\u00e9o le permet.\n<\/p>\n<p>\n Le bras Marie peut accueillir 150 personnes en simultan\u00e9, Bercy jusqu&rsquo;\u00e0 700 personnes, dont 300 dans la zone de baignade. Le site de Grenelle, seul \u00e0 disposer d&rsquo;un bassin s\u00e9curis\u00e9 pour les familles avec un fond, a lui une capacit\u00e9 de 200 personnes \u00e0 la fois. Une base nautique y proposera gratuitement la pratique du kayak.\n<\/p>\n<p>        <img decoding=\"async\" src=\"https:\/\/www.europesays.com\/fr\/wp-content\/uploads\/2025\/07\/88382e5e0f6f70604bb9164b616c67d4-760x507.jpg\" alt=\"Un maitre-nageur surveille les baigneurs, Paris, le 5 juillet 2025 ( AFP \/ JULIEN DE ROSA )\" loading=\"eager\" width=\"760\" height=\"507\" style=\"max-width: 100%!important; height: auto;\"\/><\/p>\n<p class=\"c-image-news__legend\">Un maitre-nageur surveille les baigneurs, Paris, le 5 juillet 2025 ( AFP \/ JULIEN DE ROSA )<\/p>\n<p>\n C&rsquo;est sur le bras Marie que la maire de Paris s&rsquo;\u00e9tait immerg\u00e9e l&rsquo;an dernier avant le d\u00e9but des JO, plus de 30 ans apr\u00e8s la promesse de Jacques Chirac.\n<\/p>\n<p>\n \u00ab\u00a0L&rsquo;un de mes pr\u00e9d\u00e9cesseurs, alors maire de Paris, a r\u00eav\u00e9 d&rsquo;une Seine o\u00f9 chacun pourrait nager. Demain sa promesse sera tenue\u00a0\u00bb, a \u00e9crit vendredi sur X Emmanuel Macron, parlant de \u00ab\u00a0fiert\u00e9 pour le pays\u00a0\u00bb.\n<\/p>\n<p>\n H\u00e9ritage promis des JO, la baignade dans la Seine r\u00e9pond d&rsquo;abord \u00e0 un besoin d&rsquo;adaptation au changement climatique de la capitale, o\u00f9 les \u00e9pisodes de canicule vont se multiplier et s&rsquo;intensifier.\n<\/p>\n<p>\n Plus de 1,4 milliard d&rsquo;euros ont \u00e9t\u00e9 investis pour am\u00e9liorer la qualit\u00e9 de l&rsquo;eau en amont du fleuve, avec des travaux de captation des eaux us\u00e9es pour \u00e9viter qu&rsquo;elles ne s&rsquo;y d\u00e9versent.\n<\/p>\n<p>        <img decoding=\"async\" src=\"https:\/\/www.europesays.com\/fr\/wp-content\/uploads\/2025\/07\/d5a7cec5e02a09082014363429fa9ec2-760x507.jpg\" alt=\"Des riverains nagent dans la Seine, le 17 juillet 2024 ( AFP \/ JULIEN DE ROSA )\" loading=\"eager\" width=\"760\" height=\"507\" style=\"max-width: 100%!important; height: auto;\"\/><\/p>\n<p class=\"c-image-news__legend\">Des riverains nagent dans la Seine, le 17 juillet 2024 ( AFP \/ JULIEN DE ROSA )<\/p>\n<p>\n Mais \u00e9tant donn\u00e9 qu&rsquo;\u00e0 Paris, eaux de pluie et eaux us\u00e9es se m\u00e9langent dans un unique r\u00e9seau, la seule solution en cas de pr\u00e9cipitations abondantes est de d\u00e9verser le trop-plein dans la Seine.\n<\/p>\n<p>\n Les pluies record enregistr\u00e9es pendant les JO avaient souvent rendu l&rsquo;eau impropre \u00e0 la baignade pour les athl\u00e8tes.\n<\/p>\n<p>\n Cet \u00e9t\u00e9 comme \u00e0 la plage, des drapeaux (verts, jaunes, rouges) permettront de conna\u00eetre le d\u00e9bit de la Seine et la qualit\u00e9 de l&rsquo;eau, analys\u00e9e par des sondes en instantan\u00e9 et des pr\u00e9l\u00e8vements en culture. Si les voyants sont au rouge, la baignade sera ferm\u00e9e.\n<\/p>\n<p> &#8211; Milieu dangereux &#8211;<\/p>\n<p>\n Th\u00e9oriquement, avant toute baignade, chaque baigneur devra faire \u00e9valuer son aisance aquatique par un ma\u00eetre-nageur avant de nager en autonomie dans les bassins &#8211; la plupart sans fond avec une profondeur de 3,50 m\u00e8tres en moyenne.\n<\/p>\n<p>\n Car le fleuve est un plan d&rsquo;eau vivante qui reste un milieu dangereux, rappellent les autorit\u00e9s. \u00ab\u00a0Il y a un risque de noyade \u00e0 cause de la vase et des plantes agrippantes, de forts courants, le risque d&rsquo;hydrocution et le trafic fluvial\u00a0\u00bb, a rappel\u00e9 la sous-pr\u00e9f\u00e8te Elise Lavielle, pr\u00e9cisant qu&rsquo;il y avait eu \u00ab\u00a013 d\u00e9c\u00e8s dans la Seine en 2024\u00a0\u00bb et d\u00e9j\u00e0 \u00ab\u00a0trois cette ann\u00e9e\u00a0\u00bb.\n<\/p>\n<p>        <img decoding=\"async\" src=\"https:\/\/www.europesays.com\/fr\/wp-content\/uploads\/2025\/07\/dc6d70e8ea1158dc0d2fdf950b6e5378-760x507.jpg\" alt=\"La maire de Paris Anne Hidalgo nage dans la Seine, \u00e0 Paris, le 17 juillet 2024 ( AFP \/ JULIEN DE ROSA )\" loading=\"eager\" width=\"760\" height=\"507\" style=\"max-width: 100%!important; height: auto;\"\/><\/p>\n<p class=\"c-image-news__legend\">La maire de Paris Anne Hidalgo nage dans la Seine, \u00e0 Paris, le 17 juillet 2024 ( AFP \/ JULIEN DE ROSA )<\/p>\n<p>\n Alors que les fortes chaleurs pourraient tenter certains de se jeter \u00e0 l&rsquo;eau en dehors des lieux autoris\u00e9s, un arr\u00eat\u00e9 pr\u00e9fectoral a \u00e9t\u00e9 pris fin juin pour verbaliser la baignade sauvage.\n<\/p>\n<p>\n Les contr\u00f4les fluviaux sont \u00e9galement renforc\u00e9s \u00e0 Paris, premier port fluvial europ\u00e9en pour le transport de passagers, aupr\u00e8s des conducteurs de bateaux.\n<\/p>\n<p>\n Le site du bras Marie, point n\u00e9vralgique de la circulation fluviale, ne sera ouvert que le matin. Pour l&rsquo;\u00e9t\u00e9 2026, d&rsquo;autres sites alternatifs p\u00e9rennes sont \u00e0 l&rsquo;\u00e9tude.\n<\/p>\n<p>\n La poursuite des travaux de d\u00e9pollution du fleuve en aval de la Seine laisse esp\u00e9rer l&rsquo;installation l&rsquo;an prochain de nouvelles zones de baignade \u00e0 la sortie de la capitale, comme l&rsquo;\u00eele Monsieur (Hauts-de-Seine) et l&rsquo;\u00eele Saint-Denis (Seine-Saint-Denis).\n<\/p>\n<p>\n Quatre sites ont par ailleurs d\u00e9j\u00e0 ouvert aux baigneurs dans la Marne, dont celui embl\u00e9matique de Joinville-le-Pont (Val-de-Marne). Le principal affluent de la Seine \u00e9tait interdit \u00e0 la baignade depuis les ann\u00e9es 1970.<\/p>\n","protected":false},"excerpt":{"rendered":"Premiers baigneurs dans la Seine depuis 1923, Paris, le 5 juillet 2025 ( AFP \/ JULIEN DE ROSA&hellip;\n","protected":false},"author":2,"featured_media":227555,"comment_status":"","ping_status":"","sticky":false,"template":"","format":"standard","meta":{"footnotes":""},"categories":[1888],"tags":[400,11,398,408,405,1777,674,1011,27,403,402,399,404,12,626,25,401,406,407],"class_list":{"0":"post-227554","1":"post","2":"type-post","3":"status-publish","4":"format-standard","5":"has-post-thumbnail","7":"category-paris","8":"tag-action-cac-40","9":"tag-actualites","10":"tag-bourse-de-paris","11":"tag-boursorama","12":"tag-cotations","13":"tag-eu","14":"tag-europe","15":"tag-fr","16":"tag-france","17":"tag-indices-devises","18":"tag-investir","19":"tag-investissement","20":"tag-marche-boursier","21":"tag-news","22":"tag-paris","23":"tag-republique-francaise","24":"tag-sicav","25":"tag-trackers","26":"tag-warrants"},"share_on_mastodon":{"url":"","error":""},"_links":{"self":[{"href":"https:\/\/www.europesays.com\/fr\/wp-json\/wp\/v2\/posts\/227554","targetHints":{"allow":["GET"]}}],"collection":[{"href":"https:\/\/www.europesays.com\/fr\/wp-json\/wp\/v2\/posts"}],"about":[{"href":"https:\/\/www.europesays.com\/fr\/wp-json\/wp\/v2\/types\/post"}],"author":[{"embeddable":true,"href":"https:\/\/www.europesays.com\/fr\/wp-json\/wp\/v2\/users\/2"}],"replies":[{"embeddable":true,"href":"https:\/\/www.europesays.com\/fr\/wp-json\/wp\/v2\/comments?post=227554"}],"version-history":[{"count":0,"href":"https:\/\/www.europesays.com\/fr\/wp-json\/wp\/v2\/posts\/227554\/revisions"}],"wp:featuredmedia":[{"embeddable":true,"href":"https:\/\/www.europesays.com\/fr\/wp-json\/wp\/v2\/media\/227555"}],"wp:attachment":[{"href":"https:\/\/www.europesays.com\/fr\/wp-json\/wp\/v2\/media?parent=227554"}],"wp:term":[{"taxonomy":"category","embeddable":true,"href":"https:\/\/www.europesays.com\/fr\/wp-json\/wp\/v2\/categories?post=227554"},{"taxonomy":"post_tag","embeddable":true,"href":"https:\/\/www.europesays.com\/fr\/wp-json\/wp\/v2\/tags?post=227554"}],"curies":[{"name":"wp","href":"https:\/\/api.w.org\/{rel}","templated":true}]}}