{"id":227564,"date":"2025-07-05T07:17:11","date_gmt":"2025-07-05T07:17:11","guid":{"rendered":"https:\/\/www.europesays.com\/fr\/227564\/"},"modified":"2025-07-05T07:17:11","modified_gmt":"2025-07-05T07:17:11","slug":"une-decision-inattendue-lallemagne-mise-sur-ces-dizaines-de-nouvelles-centrales-a-gaz-fossile-malgre-les-defis-climatiques-majeurs-en-europe","status":"publish","type":"post","link":"https:\/\/www.europesays.com\/fr\/227564\/","title":{"rendered":"Une d\u00e9cision inattendue : l&rsquo;Allemagne mise sur ces dizaines de nouvelles centrales \u00e0 gaz fossile malgr\u00e9 les d\u00e9fis climatiques majeurs en Europe"},"content":{"rendered":"<tr>\n<td><strong>EN BREF<\/strong><\/td>\n<\/tr>\n<tr>\n<td>\n<ul>\n<li>\u26a1 L\u2019Allemagne pr\u00e9voit de <strong>doubler<\/strong> sa capacit\u00e9 de production de centrales \u00e0 gaz fossile pour garantir la stabilit\u00e9 \u00e9nerg\u00e9tique.<\/li>\n<li>\ud83d\udcc8 Cette d\u00e9cision intervient malgr\u00e9 l\u2019objectif de couvrir 80 % des besoins en \u00e9lectricit\u00e9 par les \u00e9nergies renouvelables d\u2019ici 2030.<\/li>\n<li>\ud83c\udf0d Les critiques soulignent l\u2019impact environnemental, notamment en raison des \u00e9missions \u00e9lev\u00e9es du gaz naturel liqu\u00e9fi\u00e9 provenant des \u00c9tats-Unis.<\/li>\n<li>\ud83d\udd27 Des infrastructures suppl\u00e9mentaires, comme des terminaux de gaz, sont en d\u00e9veloppement pour diversifier les approvisionnements et r\u00e9duire la d\u00e9pendance au gaz russe.<\/li>\n<\/ul>\n<\/td>\n<\/tr>\n<p>L\u2019Allemagne, souvent per\u00e7ue comme un leader dans le domaine des \u00e9nergies renouvelables, a r\u00e9cemment surpris le monde entier par sa d\u00e9cision de doubler la capacit\u00e9 de ses centrales \u00e0 gaz fossile. Cette d\u00e9cision intervient dans un contexte de crise \u00e9nerg\u00e9tique mondiale, exacerb\u00e9e par la guerre en Ukraine et la d\u00e9pendance historique de l\u2019Allemagne aux importations de gaz russe. Cependant, cette strat\u00e9gie s\u2019inscrit dans un plan plus large visant \u00e0 maintenir la stabilit\u00e9 \u00e9nerg\u00e9tique du pays tout en poursuivant des objectifs ambitieux en mati\u00e8re de transition \u00e9nerg\u00e9tique. Quelle est donc la logique derri\u00e8re cette d\u00e9cision et quelles en sont les implications pour l\u2019avenir \u00e9nerg\u00e9tique de l\u2019Allemagne et de l\u2019Europe ?<\/p>\n<p>Les raisons d\u2019un pari sur le gaz<\/p>\n<p>L\u2019Allemagne a toujours \u00e9t\u00e9 \u00e0 la pointe de la transition \u00e9nerg\u00e9tique, mettant l\u2019accent sur le d\u00e9veloppement des \u00e9nergies renouvelables telles que le solaire et l\u2019\u00e9olien. Pourtant, la r\u00e9alit\u00e9 a montr\u00e9 que ces sources d\u2019\u00e9nergie, bien que cruciales, sont parfois insuffisantes pour r\u00e9pondre \u00e0 la demande nationale en \u00e9lectricit\u00e9. L\u2019ajout de <strong>17 \u00e0 21 gigawatts<\/strong> \u00e0 la capacit\u00e9 actuelle des centrales \u00e0 gaz est per\u00e7u comme une r\u00e9ponse pragmatique pour garantir la fiabilit\u00e9 du r\u00e9seau \u00e9lectrique. <\/p>\n<p>Dans ce contexte, le gaz fossile est vu comme une alternative temporaire mais n\u00e9cessaire pour combler les lacunes d\u2019un syst\u00e8me \u00e9nerg\u00e9tique encore en transition. Cette strat\u00e9gie permet \u00e9galement de compenser l\u2019arr\u00eat progressif des centrales nucl\u00e9aires et au charbon, tout en \u00e9vitant les coupures d\u2019\u00e9lectricit\u00e9 qui pourraient d\u00e9stabiliser l\u2019\u00e9conomie allemande. Le choix du gaz, malgr\u00e9 ses controverses, est donc justifi\u00e9 par des imp\u00e9ratifs de s\u00e9curit\u00e9 \u00e9nerg\u00e9tique et de continuit\u00e9 de service.<\/p>\n<blockquote class=\"wp-embedded-content\" data-secret=\"UAccBgKvKx\">\n<p><a href=\"https:\/\/www.le-gaz.fr\/2025\/06\/17\/panique-a-boulogne-sur-mer-une-fuite-de-gaz-force-levacuation-spectaculaire-de-plus-de-700-eleves-dun-college-en-pleine-journee-de-cours\/\" rel=\"nofollow noopener\" target=\"_blank\">Panique \u00e0 Boulogne-sur-Mer : une fuite de gaz force l\u2019\u00e9vacuation spectaculaire de plus de 700 \u00e9l\u00e8ves d\u2019un coll\u00e8ge en pleine journ\u00e9e de cours<\/a><\/p>\n<\/blockquote>\n<p>Les implications climatiques de ce choix<\/p>\n<p>La d\u00e9cision d\u2019augmenter la capacit\u00e9 des centrales \u00e0 gaz fossile soul\u00e8ve des pr\u00e9occupations importantes concernant l\u2019impact environnemental. Le gaz naturel liqu\u00e9fi\u00e9 (GNL), principalement import\u00e9 des \u00c9tats-Unis, est souvent extrait par fracturation hydraulique, une m\u00e9thode qui g\u00e9n\u00e8re des \u00e9missions de gaz \u00e0 effet de serre consid\u00e9rablement plus \u00e9lev\u00e9es que les m\u00e9thodes conventionnelles. De plus, le transport et la transformation du GNL ajoutent encore \u00e0 l\u2019empreinte carbone.<\/p>\n<p>Certains experts estiment que l\u2019Allemagne pourrait obtenir des r\u00e9sultats similaires en termes de production \u00e9nerg\u00e9tique en modernisant ses centrales nucl\u00e9aires existantes, qui \u00e9mettent beaucoup moins de CO2. Cependant, le choix de Berlin semble privil\u00e9gier une approche mixte, combinant l\u2019extension temporaire des capacit\u00e9s fossiles avec une acc\u00e9l\u00e9ration des investissements dans les \u00e9nergies renouvelables et le stockage d\u2019\u00e9nergie. <strong>Cet \u00e9quilibre d\u00e9licat entre pragmatisme \u00e9nerg\u00e9tique et engagement climatique reste au c\u0153ur du d\u00e9bat \u00e9nerg\u00e9tique allemand.<\/strong><\/p>\n<blockquote class=\"wp-embedded-content\" data-secret=\"VL30VPi4VJ\">\n<p><a href=\"https:\/\/www.le-gaz.fr\/2025\/06\/18\/des-milliers-de-foyers-trompes-ils-paient-plein-tarif-pour-leur-chauffage-au-gaz-depuis-3-ans-malgre-une-aide-automatique-en-place-depuis-2021\/\" rel=\"nofollow noopener\" target=\"_blank\">Des milliers de foyers tromp\u00e9s : ils paient plein tarif pour leur chauffage au gaz depuis 3 ans malgr\u00e9 une aide automatique en place depuis 2021<\/a><\/p>\n<\/blockquote>\n<p>Des infrastructures gazi\u00e8res en expansion<\/p>\n<p>L\u2019Allemagne ne se contente pas d\u2019augmenter sa capacit\u00e9 de production ; elle investit \u00e9galement massivement dans des infrastructures pour accueillir du GNL. Plusieurs terminaux flottants et terrestres sont en cours de d\u00e9veloppement, avec une capacit\u00e9 d\u2019importation pr\u00e9vue de <strong>30 milliards de m\u00e8tres cubes de GNL par an<\/strong>. Ces installations, d\u00e9j\u00e0 op\u00e9rationnelles pour certaines, t\u00e9moignent d\u2019une volont\u00e9 de diversifier les sources d\u2019approvisionnement et de r\u00e9duire la d\u00e9pendance au gaz russe.<\/p>\n<p>Ces projets, bien qu\u2019ambitieux, font l\u2019objet de critiques, certains les qualifiant de \u00ab\u00a0compl\u00e8tement d\u00e9connect\u00e9s de la r\u00e9alit\u00e9\u00a0\u00bb en raison de l\u2019urgence climatique. Toutefois, pour l\u2019Allemagne, ces infrastructures sont vues comme une assurance contre les fluctuations du march\u00e9 \u00e9nerg\u00e9tique global et une garantie de flexibilit\u00e9 op\u00e9rationnelle dans un paysage \u00e9nerg\u00e9tique en mutation rapide.<\/p>\n<p>Vers une transition \u00e9nerg\u00e9tique r\u00e9ussie ?<\/p>\n<p>Malgr\u00e9 les d\u00e9fis pos\u00e9s par l\u2019extension des centrales \u00e0 gaz, l\u2019Allemagne s\u2019efforce de maintenir son cap vers une transition \u00e9nerg\u00e9tique durable. Le gouvernement mise sur le d\u00e9veloppement des technologies de stockage d\u2019\u00e9nergie pour pallier l\u2019intermittence des \u00e9nergies renouvelables. Cette strat\u00e9gie pourrait permettre de r\u00e9duire la d\u00e9pendance aux centrales \u00e0 gaz \u00e0 long terme.<\/p>\n<p>Le succ\u00e8s de cette transition d\u00e9pendra de la capacit\u00e9 de l\u2019Allemagne \u00e0 innover et \u00e0 investir dans des technologies \u00e9mergentes qui am\u00e9liorent l\u2019efficacit\u00e9 et la durabilit\u00e9. Les efforts en mati\u00e8re de recherche et d\u00e9veloppement, combin\u00e9s \u00e0 un cadre r\u00e9glementaire favorable, pourraient bien positionner l\u2019Allemagne comme un mod\u00e8le de transition \u00e9nerg\u00e9tique, malgr\u00e9 son recours temporaire au gaz fossile.<\/p>\n<p>L\u2019Allemagne est \u00e0 un carrefour \u00e9nerg\u00e9tique, o\u00f9 chaque d\u00e9cision aura des r\u00e9percussions \u00e0 long terme sur son \u00e9conomie et son engagement climatique. <strong>Comment cette strat\u00e9gie influencera-t-elle la transition \u00e9nerg\u00e9tique de l\u2019Union europ\u00e9enne<\/strong> et quelles le\u00e7ons d\u2019adaptation les autres nations pourront-elles tirer de l\u2019exp\u00e9rience allemande ?<\/p>\n<p>L\u2019auteur s\u2019est appuy\u00e9 sur l\u2019intelligence artificielle pour enrichir cet article.<\/p>\n<p id=\"rating\">\u00c7a vous a plu ?\u00a04.6\/5 (25)<\/p>\n","protected":false},"excerpt":{"rendered":"EN BREF \u26a1 L\u2019Allemagne pr\u00e9voit de doubler sa capacit\u00e9 de production de centrales \u00e0 gaz fossile pour garantir&hellip;\n","protected":false},"author":2,"featured_media":227565,"comment_status":"","ping_status":"","sticky":false,"template":"","format":"standard","meta":{"footnotes":""},"categories":[1587],"tags":[11,672,1804,1805,1803,1777,674,1801,12,1802],"class_list":{"0":"post-227564","1":"post","2":"type-post","3":"status-publish","4":"format-standard","5":"has-post-thumbnail","7":"category-allemagne","8":"tag-actualites","9":"tag-allemagne","10":"tag-bundesrepublik-deutschland","11":"tag-de","12":"tag-deutschland","13":"tag-eu","14":"tag-europe","15":"tag-germany","16":"tag-news","17":"tag-republique-federale-dallemagne"},"share_on_mastodon":{"url":"","error":""},"_links":{"self":[{"href":"https:\/\/www.europesays.com\/fr\/wp-json\/wp\/v2\/posts\/227564","targetHints":{"allow":["GET"]}}],"collection":[{"href":"https:\/\/www.europesays.com\/fr\/wp-json\/wp\/v2\/posts"}],"about":[{"href":"https:\/\/www.europesays.com\/fr\/wp-json\/wp\/v2\/types\/post"}],"author":[{"embeddable":true,"href":"https:\/\/www.europesays.com\/fr\/wp-json\/wp\/v2\/users\/2"}],"replies":[{"embeddable":true,"href":"https:\/\/www.europesays.com\/fr\/wp-json\/wp\/v2\/comments?post=227564"}],"version-history":[{"count":0,"href":"https:\/\/www.europesays.com\/fr\/wp-json\/wp\/v2\/posts\/227564\/revisions"}],"wp:featuredmedia":[{"embeddable":true,"href":"https:\/\/www.europesays.com\/fr\/wp-json\/wp\/v2\/media\/227565"}],"wp:attachment":[{"href":"https:\/\/www.europesays.com\/fr\/wp-json\/wp\/v2\/media?parent=227564"}],"wp:term":[{"taxonomy":"category","embeddable":true,"href":"https:\/\/www.europesays.com\/fr\/wp-json\/wp\/v2\/categories?post=227564"},{"taxonomy":"post_tag","embeddable":true,"href":"https:\/\/www.europesays.com\/fr\/wp-json\/wp\/v2\/tags?post=227564"}],"curies":[{"name":"wp","href":"https:\/\/api.w.org\/{rel}","templated":true}]}}