{"id":227568,"date":"2025-07-05T07:19:12","date_gmt":"2025-07-05T07:19:12","guid":{"rendered":"https:\/\/www.europesays.com\/fr\/227568\/"},"modified":"2025-07-05T07:19:12","modified_gmt":"2025-07-05T07:19:12","slug":"un-sommet-a-chisinau-a-valeur-de-test-pour-lunion-europeenne","status":"publish","type":"post","link":"https:\/\/www.europesays.com\/fr\/227568\/","title":{"rendered":"un sommet \u00e0 Chisinau \u00e0 valeur de test pour l&rsquo;Union europ\u00e9enne"},"content":{"rendered":"<p>C\u2019est une \u00e9tape importante vers l\u2019entr\u00e9e de la Moldavie dans l\u2019UE. Chisinau, la capitale moldave, accueillait ce vendredi 4 juillet les pr\u00e9sidents du Conseil et de la Commission europ\u00e9enne, Antonio Costa et Ursula von der Leyen pour un sommet, le premier du genre. Avec les autorit\u00e9s moldaves, les dirigeants europ\u00e9ens venaient \u00e9valuer les progr\u00e8s r\u00e9alis\u00e9s par ce petit pays tr\u00e8s pauvre qui rev\u00eat une importance strat\u00e9gique pour les acteurs de la r\u00e9gion.<\/p>\n<p>\u00c0 la cl\u00f4ture du sommet, la pr\u00e9sidente de la Commission europ\u00e9enne Ursula von der Leyen s&rsquo;est dit impressionn\u00e9 de la rapidit\u00e9 et efficacit\u00e9 avec laquelle la Moldavie a r\u00e9ussi \u00e0 avancer dans le processus d&rsquo;adh\u00e9sion.<\/p>\n<p>\u00ab Il y a 12 mois, nous avons ouvert les n\u00e9gociations d\u2019adh\u00e9sion. Il y a neuf mois, nous nous sommes mis d\u2019accord sur le plan de croissance de la Moldavie. Et il y a huit mois, le peuple moldave a inscrit son avenir europ\u00e9en dans sa Constitution. Quel t\u00e9moignage de notre ind\u00e9fectible engagement r\u00e9ciproque. Ce m\u00eame engagement, que la Moldavie, ne cesse de prouver dans les progr\u00e8s du processus d\u2019adh\u00e9sion. La Commission a men\u00e9 son \u00e9valuation et fait sa recommandation au Conseil europ\u00e9en. Il s\u2019agit d\u2019une simple phrase. La Moldavie est pr\u00eate \u00e0 ouvrir les n\u00e9gociations sur les fondamentaux. Et nous sommes impatients d\u2019ouvrir d\u00e8s que possible tous les groupes de n\u00e9gociations qui permettront l\u2019adh\u00e9sion de la Moldavie \u00bb, a d\u00e9clar\u00e9 <strong><a href=\"https:\/\/www.rfi.fr\/fr\/tag\/ursula-von-der-leyen\/\" class=\"link \" rel=\"nofollow noopener\" target=\"_blank\" data-ylk=\"slk:Ursula von der Leyen;elm:context_link;itc:0;sec:content-canvas\">Ursula von der Leyen<\/a><\/strong>.<\/p>\n<p>Elle a r\u00e9affirm\u00e9 que l&rsquo;Union europ\u00e9enne se tenait aux c\u00f4t\u00e9s de la Moldavie face aux menaces auxquelles elle fait face :<\/p>\n<p><a href=\"https:\/\/www.rfi.fr\/fr\/europe\/20250704-moldavie-un-sommet-%C3%A0-chisinau-%C3%A0-valeur-de-test-pour-l-union-europ%C3%A9enne\" rel=\"nofollow noopener\" target=\"_blank\" data-ylk=\"slk:Lire la suite sur RFI;elm:context_link;itc:0;sec:content-canvas\" class=\"link \">Lire la suite sur RFI<\/a><\/p>\n","protected":false},"excerpt":{"rendered":"C\u2019est une \u00e9tape importante vers l\u2019entr\u00e9e de la Moldavie dans l\u2019UE. Chisinau, la capitale moldave, accueillait ce vendredi&hellip;\n","protected":false},"author":2,"featured_media":227569,"comment_status":"","ping_status":"","sticky":false,"template":"","format":"standard","meta":{"footnotes":""},"categories":[1586],"tags":[11,15715,36580,2196,1777,674,1779,1011,27,11095,12,36579,25,1778,364,2544],"class_list":{"0":"post-227568","1":"post","2":"type-post","3":"status-publish","4":"format-standard","5":"has-post-thumbnail","7":"category-europe","8":"tag-actualites","9":"tag-antonio-costa","10":"tag-chisinau","11":"tag-commission-europeenne","12":"tag-eu","13":"tag-europe","14":"tag-european-union","15":"tag-fr","16":"tag-france","17":"tag-moldavie","18":"tag-news","19":"tag-presidents-du-conseil","20":"tag-republique-francaise","21":"tag-ue","22":"tag-union-europeenne","23":"tag-ursula-von-der-leyen"},"share_on_mastodon":{"url":"","error":""},"_links":{"self":[{"href":"https:\/\/www.europesays.com\/fr\/wp-json\/wp\/v2\/posts\/227568","targetHints":{"allow":["GET"]}}],"collection":[{"href":"https:\/\/www.europesays.com\/fr\/wp-json\/wp\/v2\/posts"}],"about":[{"href":"https:\/\/www.europesays.com\/fr\/wp-json\/wp\/v2\/types\/post"}],"author":[{"embeddable":true,"href":"https:\/\/www.europesays.com\/fr\/wp-json\/wp\/v2\/users\/2"}],"replies":[{"embeddable":true,"href":"https:\/\/www.europesays.com\/fr\/wp-json\/wp\/v2\/comments?post=227568"}],"version-history":[{"count":0,"href":"https:\/\/www.europesays.com\/fr\/wp-json\/wp\/v2\/posts\/227568\/revisions"}],"wp:featuredmedia":[{"embeddable":true,"href":"https:\/\/www.europesays.com\/fr\/wp-json\/wp\/v2\/media\/227569"}],"wp:attachment":[{"href":"https:\/\/www.europesays.com\/fr\/wp-json\/wp\/v2\/media?parent=227568"}],"wp:term":[{"taxonomy":"category","embeddable":true,"href":"https:\/\/www.europesays.com\/fr\/wp-json\/wp\/v2\/categories?post=227568"},{"taxonomy":"post_tag","embeddable":true,"href":"https:\/\/www.europesays.com\/fr\/wp-json\/wp\/v2\/tags?post=227568"}],"curies":[{"name":"wp","href":"https:\/\/api.w.org\/{rel}","templated":true}]}}