{"id":227575,"date":"2025-07-05T07:23:15","date_gmt":"2025-07-05T07:23:15","guid":{"rendered":"https:\/\/www.europesays.com\/fr\/227575\/"},"modified":"2025-07-05T07:23:15","modified_gmt":"2025-07-05T07:23:15","slug":"dough-ghim-fait-le-show-victor-perez-et-les-tetes-daffiche-du-tournoi-a-la-trappe","status":"publish","type":"post","link":"https:\/\/www.europesays.com\/fr\/227575\/","title":{"rendered":"Dough Ghim fait le show, Victor Perez et les t\u00eates d&rsquo;affiche du tournoi \u00e0 la trappe !"},"content":{"rendered":"<p>\t\t\t\t\t\t<img width=\"770\" height=\"556\" src=\"https:\/\/www.europesays.com\/fr\/wp-content\/uploads\/2025\/07\/doug-ghim-pga-tour-770x556.jpg\" class=\"img-responsive wp-post-image\" alt=\"\" decoding=\"async\" fetchpriority=\"high\"  \/>\t\t\t\t\t<\/p>\n<p>\t\t\t\t\t\t Partager cet article <\/p>\n<p class=\"screen-reader-text juiz_sps_maybe_hidden_text\">Partager la publication \u00ab\u00a0Dough Ghim fait le show, Victor Perez et les t\u00eates d\u2019affiche du tournoi \u00e0 la trappe !\u00a0\u00bb<\/p>\n<p><strong>Le classement s\u2019est resserr\u00e9 vendredi \u00e0 Silvis dans le John Deere Classic avec d\u00e9sormais 12 joueurs simplement s\u00e9par\u00e9s par deux coups. Si le deuxi\u00e8me tour a souri au tenant du titre, il a \u00e9t\u00e9 fatal au Fran\u00e7ais Victor Perez et aux quatre joueurs du top 30 de la FedEx !<\/strong><\/p>\n<p>\u00a0<\/p>\n<p>Le natif de Des Plaines, une ville situ\u00e9e dans la banlieue de Chicago va-t-il s\u2019imposer pour la premi\u00e8re fois de sa carri\u00e8re chez lui dans l\u2019Illinois ?\u00a0<\/p>\n<p>Les plan\u00e8tes semblent en tout cas align\u00e9es cette semaine \u00e0 Silvis puisque pour la deuxi\u00e8me fois en deux jours <strong>Doug Ghim,<\/strong> qui dispute son 163e tournoi du PGA Tour, a rentr\u00e9 un coup de fer pour eagle sur un par 4. Apr\u00e8s un wedge \u00e0 environ 80 m\u00e8tres du trou sur le trou 6 jeudi, l\u2019Am\u00e9ricain de 29 ans a exp\u00e9di\u00e9 son fer 8 \u00e0 164 m\u00e8tres sur le 15 directement dans le trou.<\/p>\n<p>\u00ab \u00c7a fait deux ans que je n\u2019avais pas rentr\u00e9 de coups depuis le fairway. Encha\u00eener deux jours de suite, c\u2019est g\u00e9nial. \u00bb a d\u00e9clar\u00e9 Ghim<\/p>\n<p>\t\t\t\t\t<a id=\"177181\" href=\"http:\/\/charleskent-golf.com\/andalucia-majors\/\" target=\"_blank\" rel=\"sponsorised nofollow noopener\"><img decoding=\"async\" src=\"https:\/\/www.europesays.com\/fr\/wp-content\/uploads\/2025\/06\/charleskent-e03-andalucia-majors-1170x275-1.gif\" class=\"img-responsive\" alt=\"\"\/><\/a><\/p>\n<p>Auteur d\u2019une carte de 68, malgr\u00e9 un ultime bogey au 9, Ghim est toujours seul aux commandes du tournoi. C\u2019est la premi\u00e8re fois que l\u2019ancien partenaire de Scottie Scheffler \u00e0 l\u2019Universit\u00e9 du Texas d\u2019Austin occupe la t\u00eate apr\u00e8s 36 trous, mais il demeure sous la menace de nombreux pr\u00e9tendants.<\/p>\n<p>\u00a0<\/p>\n<blockquote class=\"twitter-tweet\" data-media-max-width=\"560\">\n<p dir=\"ltr\" lang=\"en\">Doug Ghim pulls ahead of the rest <a href=\"https:\/\/twitter.com\/JDCLASSIC?ref_src=twsrc%5Etfw\" rel=\"nofollow noopener\" target=\"_blank\">@JDCLASSIC<\/a> \ud83d\udc4f<\/p>\n<p>1. Doug Ghim (-12)<br \/>T2. Davis Thompson (-11)<br \/>T2. Brian Campbell<br \/>T2. David Lipsky<br \/>T2. Max Homa<br \/>T2. Kevin Yu <a href=\"https:\/\/t.co\/8qoIuwYQdT\" rel=\"nofollow\">pic.twitter.com\/8qoIuwYQdT<\/a><\/p>\n<p>\u2014 PGA TOUR (@PGATOUR) <a href=\"https:\/\/twitter.com\/PGATOUR\/status\/1941238674462736452?ref_src=twsrc%5Etfw\" rel=\"nofollow noopener\" target=\"_blank\">July 4, 2025<\/a><\/p>\n<\/blockquote>\n<p>\u00a0<\/p>\n<p>Homa croise les doigts<\/p>\n<p>Dauphin de Ghim au soir du premier tour, <strong>Max Homa<\/strong> a de nouveau conclu sa journ\u00e9e par un bogey et compte toujours un petit coup de retard sur le leader. Mais l\u2019espoir est bien palpable et l\u2019ancien n\u00b05 mondial entrevoit la lumi\u00e8re au bout d\u2019un tunnel de plusieurs mois ! En effet cela fait plus d\u2019un an que le Californien n\u2019a pas sign\u00e9 le moindre top 10 en tournoi. Entre mai 2024 et juin 2025, le sextuple vainqueur de tournoi du PGA Tour a aussi manqu\u00e9 10 cuts.<\/p>\n<p>Mesur\u00e9 dans ses propos Homa ne veut pas s\u2019emballer.<\/p>\n<p>\u00ab Il va falloir viser tr\u00e8s bas. Si vous essayez de forcer les choses, je ne suis pas s\u00fbr que cela fonctionne. Quelqu\u2019un peut jouer 11 coups sous le par et devancer tout le monde. Je vais simplement attendre de voir o\u00f9 je me trouve au moment d\u2019aborder les neuf derniers trous dimanche.\u00bb\u00a0<\/p>\n<p>\u00a0<\/p>\n<p>Le tenant du titre se replace<\/p>\n<p>La carte du jour est l\u2019oeuvre du tenant du titre <strong>Davis<\/strong> <strong>Thompson<\/strong>. Le joueur d\u2019Atlanta n\u2019a gu\u00e8re brill\u00e9 cette saison avec un seul top 10 (The Players) \u00e0 son actif. Depuis sa victoire le joueur de 26 ans n\u2019a enregistr\u00e9 que 3 top 15 et pointe actuellement au 70e rang du classement FedEx.<\/p>\n<p>Vendredi Thomspon a rendu une carte de 63 et son total de 11 coups sous le par lui permet d\u2019int\u00e9grer le groupe des cinq joueurs qui vont s\u2019\u00e9lancer samedi avec un coup de retard sur le leader. A noter que depuis le tripl\u00e9 de <strong>Steve Stricker<\/strong> entre 2009 et 2011 personne n\u2019a r\u00e9ussi \u00e0 d\u00e9fendre son titre victorieusement dans ce tournoi.<\/p>\n<p>Egalement dans la course aux 70 premi\u00e8res places de la FedEx Cup qualificatives pour la premi\u00e8re \u00e9tape des Playoffs dans un mois (FedEx St. Jude Championship), <strong>Rickie Fowler<\/strong> (72e) a fait le chemin inverse avec une carte de +1. La faute \u00e0 un passage \u00e0 vide \u00e0 l\u2019entame du dernier tiers du parcours sanctionn\u00e9 par un enchainement bogey-bogey-par-double.<\/p>\n<p>\u00a0<\/p>\n<p>Deux petits tours et puis s\u2019en vont\u2026<\/p>\n<p>A noter la pr\u00e9sence dans le top 10, du Sud Africain <a href=\"https:\/\/www.golfplanete.com\/actualites\/aldrich-potgieter-sort-vainqueur-dun-play-off-a-trois-a-detroit-week-end-a-oublier-pour-perez-et-rozner\/\" rel=\"nofollow noopener\" target=\"_blank\">Aldrich Potgieter vainqueur la semaine pass\u00e9e \u00e0 Detroit<\/a>. Il fait partie des rares joueurs que les organisateurs esp\u00e9raient voir briller cette semaine sur le <strong>TPC Deere Run<\/strong>.<\/p>\n<p>\t\t\t\t\t<a id=\"178032\" href=\"https:\/\/www.golfy.fr\/landing\/golf-planete-decouvrez-les-golfs-collections-du-reseau-golfy?utm_source=golf_planete&amp;utm_medium=display&amp;utm_campaign=golfs_collection_2025\" target=\"_blank\" rel=\"sponsorised nofollow noopener\"><img decoding=\"async\" src=\"data:image\/svg+xml,%3Csvg%20xmlns=\" http:=\"\" class=\"img-responsive\" alt=\"\" data-lazy-src=\"https:\/\/www.europesays.com\/fr\/wp-content\/uploads\/2025\/06\/golfy-e06-golfs-collection-france-ete-1170x275-1.jpg\"\/><\/a><\/p>\n<p>En effet les t\u00eates sont tomb\u00e9es \u00e0 l\u2019issue d\u2019un deuxi\u00e8me tour o\u00f9 le cut a navigu\u00e9 entre -5 et -4 tout l\u2019apr\u00e8s-midi. Exit donc <strong>Ben Griffin<\/strong> (6e de la FedEx) mais aussi <strong>Sungjae<\/strong> <strong>Im<\/strong>, <strong>Jason<\/strong> <strong>Day<\/strong> et <strong>Michael<\/strong> <strong>Kim<\/strong>, les trois autres membres du top 30 du classement g\u00e9n\u00e9ral.<\/p>\n<p>\u00a0<\/p>\n<p>Dernier trou fatal \u00e0 Perez\u00a0<\/p>\n<p>Sanction identique pour le seul fran\u00e7ais pr\u00e9sent dans l\u2019Illinois puisque la s\u00e9rie de cuts franchis cons\u00e9cutivement par <strong>Victor Perez<\/strong> va rester bloqu\u00e9e \u00e0 quatre. C\u2019est dans le bunker de fairway du 18 que les espoirs du tricolore se sont envol\u00e9s.<\/p>\n<p>Apr\u00e8s avoir \u00e9gar\u00e9 sa mise en jeu dans cet obstacle, le Tarbais n\u2019est pas parvenu \u00e0 s\u2019en extraire \u00e0 son premier essai. Il a ensuite atteint le bord du green en 3 mais n\u2019a pu faire mieux qu\u2019un bogey sur ce par 4, deuxi\u00e8me trou le plus difficile du tournoi.<\/p>\n<p>\u00a0<\/p>\n<p><img loading=\"lazy\" decoding=\"async\" class=\"size-large wp-image-178534\" src=\"data:image\/svg+xml,%3Csvg%20xmlns=\" http:=\"\" alt=\"&#10;perez-18-silvis-pga-tour-John Deere Classic\" width=\"770\" height=\"317\" data-lazy- data-lazy- data-lazy-src=\"https:\/\/www.europesays.com\/fr\/wp-content\/uploads\/2025\/07\/perez-18-silvis-pga-tour-john-deere-classic-770x317.jpg\"\/><\/p>\n<p style=\"text-align:left;\" class=\"wp-caption-text\">\u00a9Capture Ecran PGA Tour<\/p>\n<p>\u00a0<\/p>\n<p>Le leaderboard<\/p>\n<p><img loading=\"lazy\" decoding=\"async\" class=\"alignnone wp-image-178531 size-image-largeur-770\" src=\"data:image\/svg+xml,%3Csvg%20xmlns=\" http:=\"\" alt=\"\" width=\"770\" height=\"952\" data-lazy- data-lazy- data-lazy-src=\"https:\/\/www.europesays.com\/fr\/wp-content\/uploads\/2025\/07\/score-silvis-pga-tour-john-deere-classic-770x952.jpg\"\/><\/p>\n<p>\u00a0<\/p>\n<p>\u00a9PGA Tour<\/p>\n<p>\t\t\t<script async src=\"https:\/\/platform.twitter.com\/widgets.js\" charset=\"utf-8\"><\/script><\/p>\n","protected":false},"excerpt":{"rendered":"Partager cet article Partager la publication \u00ab\u00a0Dough Ghim fait le show, Victor Perez et les t\u00eates d\u2019affiche du&hellip;\n","protected":false},"author":2,"featured_media":227576,"comment_status":"","ping_status":"","sticky":false,"template":"","format":"standard","meta":{"footnotes":""},"categories":[1418],"tags":[1011,27,1472,60],"class_list":{"0":"post-227575","1":"post","2":"type-post","3":"status-publish","4":"format-standard","5":"has-post-thumbnail","7":"category-golf","8":"tag-fr","9":"tag-france","10":"tag-golf","11":"tag-sports"},"share_on_mastodon":{"url":"","error":""},"_links":{"self":[{"href":"https:\/\/www.europesays.com\/fr\/wp-json\/wp\/v2\/posts\/227575","targetHints":{"allow":["GET"]}}],"collection":[{"href":"https:\/\/www.europesays.com\/fr\/wp-json\/wp\/v2\/posts"}],"about":[{"href":"https:\/\/www.europesays.com\/fr\/wp-json\/wp\/v2\/types\/post"}],"author":[{"embeddable":true,"href":"https:\/\/www.europesays.com\/fr\/wp-json\/wp\/v2\/users\/2"}],"replies":[{"embeddable":true,"href":"https:\/\/www.europesays.com\/fr\/wp-json\/wp\/v2\/comments?post=227575"}],"version-history":[{"count":0,"href":"https:\/\/www.europesays.com\/fr\/wp-json\/wp\/v2\/posts\/227575\/revisions"}],"wp:featuredmedia":[{"embeddable":true,"href":"https:\/\/www.europesays.com\/fr\/wp-json\/wp\/v2\/media\/227576"}],"wp:attachment":[{"href":"https:\/\/www.europesays.com\/fr\/wp-json\/wp\/v2\/media?parent=227575"}],"wp:term":[{"taxonomy":"category","embeddable":true,"href":"https:\/\/www.europesays.com\/fr\/wp-json\/wp\/v2\/categories?post=227575"},{"taxonomy":"post_tag","embeddable":true,"href":"https:\/\/www.europesays.com\/fr\/wp-json\/wp\/v2\/tags?post=227575"}],"curies":[{"name":"wp","href":"https:\/\/api.w.org\/{rel}","templated":true}]}}