{"id":227594,"date":"2025-07-05T07:35:25","date_gmt":"2025-07-05T07:35:25","guid":{"rendered":"https:\/\/www.europesays.com\/fr\/227594\/"},"modified":"2025-07-05T07:35:25","modified_gmt":"2025-07-05T07:35:25","slug":"clemence-maries-au-premier-regard-revele-combien-de-kilos-elle-a-perdu-apres-sa-rupture-avec-malik","status":"publish","type":"post","link":"https:\/\/www.europesays.com\/fr\/227594\/","title":{"rendered":"Cl\u00e9mence (Mari\u00e9s au premier regard) r\u00e9v\u00e8le combien de kilos elle a perdu apr\u00e8s sa rupture avec Malik"},"content":{"rendered":"<p>Apr\u00e8s avoir annonc\u00e9 sa rupture avec Malik, Cl\u00e9mence (Mari\u00e9s au premier regard) reprend pied peu \u00e0 peu. Ce vendredi 4 juillet, elle a d\u00e9voil\u00e9 sur Instagram le nombre de kilos qu&rsquo;elle avait perdus apr\u00e8s leur s\u00e9paration. <\/p>\n<p>Les histoires d&rsquo;amour se sont termin\u00e9es particuli\u00e8rement mal dans la saison 9 de Mari\u00e9s au premier regard. Si de nombreux couples avaient pr\u00e9f\u00e9r\u00e9 annoncer leur s\u00e9paration avant m\u00eame le bilan avec les expertes, d&rsquo;autres ont choisi de se donner une seconde chance hors cam\u00e9ras, \u00e0 l&rsquo;image de <a href=\"https:\/\/www.programme-tv.net\/news\/tele-realite\/381523-apres-son-divorce-avec-coralie-bruno-maries-au-premier-regard-2025-part-en-week-end-chez-une-autre-candidate-de-l-emission\/\" data-api-deeplink=\"teleloisirs:\/\/news\/381523\" target=\"_blank\" rel=\"noopener\">Coralie et Bruno<\/a> ou de Cl\u00e9mence et Malik. La candidate qui tentait sa chance pour la deuxi\u00e8me fois dans l&rsquo;\u00e9mission de M6 semblait particuli\u00e8rement confiante dans son idylle. <a href=\"https:\/\/www.programme-tv.net\/news\/tele-realite\/380423-on-a-une-petite-surprise-clemence-et-malik-maries-au-premier-regard-2025-vont-faire-une-grande-annonce-dans-les-prochains-episodes\/\" data-api-deeplink=\"teleloisirs:\/\/news\/380423\" target=\"_blank\" rel=\"noopener\">Les deux participants avaient m\u00eame r\u00e9serv\u00e9 une jolie surprise \u00e0 Estelle Dossin et Marie Tapernoux lors de leur derni\u00e8re entrevue<\/a>. Mais quelques jours apr\u00e8s la fin de la saison, <a href=\"https:\/\/www.programme-tv.net\/news\/tele-realite\/381662-il-ne-se-battra-pas-pour-notre-couple-clemence-maries-au-premier-regard-annonce-sa-separation-avec-malik-apres-le-bilan\/\" data-api-deeplink=\"teleloisirs:\/\/news\/381662\" target=\"_blank\" rel=\"noopener\">Cl\u00e9mence s&rsquo;est empar\u00e9e de son compte Instagram pour communiquer une triste nouvelle<\/a>. \u00ab\u00a01 heure plus tard, sur la route, je re\u00e7ois un coup de fil de Malik qui va tout faire basculer : &lsquo;Le soufflet est tomb\u00e9, mes sentiments s&rsquo;\u00e9tiolent, on est peut-\u00eatre trop compatibles. C&rsquo;est comme si j&rsquo;avais pass\u00e9 le week-end avec ma pote&#8230; Quand il y a un doute, y a plus de doute&rsquo;. Je suis effondr\u00e9e par ses mots, je ne comprends rien \u00e0 ce revirement brutal et il ne se battra pas pour notre couple\u00a0\u00bb, avait-elle post\u00e9 sur le r\u00e9seau social.<\/p>\n<p>                        Cl\u00e9mence (Mari\u00e9s au premier regard) avait d\u00e9voil\u00e9 les cons\u00e9quences de sa rupture sur sa sant\u00e9<\/p>\n<p>Cl\u00e9mence s&rsquo;est expliqu\u00e9e sur sa publication aupr\u00e8s du Parisien et avait r\u00e9v\u00e9l\u00e9 au passage que <a href=\"https:\/\/www.programme-tv.net\/news\/tele-realite\/381937-jai-perdu-beaucoup-de-poids-clemence-maries-au-premier-regard-2025-revele-les-consequences-de-sa-rupture-avec-malik-sur-sa-sante\/\" data-api-deeplink=\"teleloisirs:\/\/news\/381937\" target=\"_blank\" rel=\"noopener\">cette rupture douloureuse avait eu des cons\u00e9quences n\u00e9fastes sur sa sant\u00e9<\/a>. \u00ab\u00a0Je n\u2019en pouvais plus de mentir \u00e0 tout le monde, j\u2019ai perdu beaucoup de poids, cela se voit physiquement et j\u2019ai voulu simplement raconter mon ressenti dans ce post. Apr\u00e8s le bilan, tout le monde me demandait o\u00f9 il \u00e9tait, donc je devais r\u00e9v\u00e9ler la v\u00e9rit\u00e9\u00a0\u00bb, avait-elle d\u00e9clar\u00e9. Apr\u00e8s une courte pause sur les r\u00e9seaux sociaux, Cl\u00e9mence a fait son retour sur la Toile. Elle a notamment d\u00e9voil\u00e9 une nouvelle coupe de cheveux. Ce vendredi 4 juillet, la Bordelaise a cette fois tenu \u00e0 souligner qu&rsquo;elle avait repris une activit\u00e9 physique. \u00ab\u00a0Reprise de la boxe apr\u00e8s 15 jours de stop obligatoire pour laisser r\u00e9cup\u00e9rer mon corps\u00a0\u00bb, a-t-elle \u00e9crit. Elle a r\u00e9pondu au passage \u00e0 une question qui taraudait ses abonn\u00e9s.<b> \u00ab\u00a0Vous me demandez beaucoup&#8230; Oui j&rsquo;ai perdu 4 kg mais je suis dans la place, plus forte que jamais\u00a0\u00bb<\/b>, a-t-elle positiv\u00e9.<\/p>\n<p>            Malik (Mari\u00e9s au premier regard)  avait regrett\u00e9 la m\u00e9diatisation de leur rupture<\/p>\n<p>Malik avait regrett\u00e9 que Cl\u00e9mence ait m\u00e9diatis\u00e9 les circonstances de leur s\u00e9paration. \u00ab\u00a0Je suis extr\u00eamement bless\u00e9. Tout s\u2019affiche publiquement, je ne voulais pas en arriver l\u00e0. J\u2019aurais pr\u00e9f\u00e9r\u00e9 en discuter avec Cl\u00e9mence, mettre un point final en face-\u00e0-face avec elle. L\u00e0, j\u2019ai l\u2019impression d\u2019\u00eatre un paria et c\u2019est tr\u00e8s injuste\u00a0\u00bb, avait-il fait savoir dans Le Parisien. <a href=\"https:\/\/www.programme-tv.net\/news\/tele-realite\/381945-mon-fils-a-essuye-des-moqueries-a-lecole-malik-maries-au-premier-regard-2025-en-veut-a-clemence-d-avoir-revele-leur-rupture-sur-les-reseaux-sociaux\/\" data-api-deeplink=\"teleloisirs:\/\/news\/381945\" target=\"_blank\" rel=\"noopener\">Il avait regrett\u00e9, en plus, que sa rupture ait eu une incidence sur son fils<\/a><\/p>\n<p>.<\/p>\n","protected":false},"excerpt":{"rendered":"Apr\u00e8s avoir annonc\u00e9 sa rupture avec Malik, Cl\u00e9mence (Mari\u00e9s au premier regard) reprend pied peu \u00e0 peu. Ce&hellip;\n","protected":false},"author":2,"featured_media":227595,"comment_status":"","ping_status":"","sticky":false,"template":"","format":"standard","meta":{"footnotes":""},"categories":[1356],"tags":[5636,244,58,59,1011,27,494,5637,5214,13559,252,1364],"class_list":{"0":"post-227594","1":"post","2":"type-post","3":"status-publish","4":"format-standard","5":"has-post-thumbnail","7":"category-television","8":"tag-clu00e9mence-mariu00e9s-au-premier-regard-8","9":"tag-commentaire","10":"tag-divertissement","11":"tag-entertainment","12":"tag-fr","13":"tag-france","14":"tag-m6","15":"tag-malik-mariu00e9s-au-premier-regard-9","16":"tag-mariu00e9s-au-premier-regard","17":"tag-rupture","18":"tag-television","19":"tag-tv"},"share_on_mastodon":{"url":"","error":""},"_links":{"self":[{"href":"https:\/\/www.europesays.com\/fr\/wp-json\/wp\/v2\/posts\/227594","targetHints":{"allow":["GET"]}}],"collection":[{"href":"https:\/\/www.europesays.com\/fr\/wp-json\/wp\/v2\/posts"}],"about":[{"href":"https:\/\/www.europesays.com\/fr\/wp-json\/wp\/v2\/types\/post"}],"author":[{"embeddable":true,"href":"https:\/\/www.europesays.com\/fr\/wp-json\/wp\/v2\/users\/2"}],"replies":[{"embeddable":true,"href":"https:\/\/www.europesays.com\/fr\/wp-json\/wp\/v2\/comments?post=227594"}],"version-history":[{"count":0,"href":"https:\/\/www.europesays.com\/fr\/wp-json\/wp\/v2\/posts\/227594\/revisions"}],"wp:featuredmedia":[{"embeddable":true,"href":"https:\/\/www.europesays.com\/fr\/wp-json\/wp\/v2\/media\/227595"}],"wp:attachment":[{"href":"https:\/\/www.europesays.com\/fr\/wp-json\/wp\/v2\/media?parent=227594"}],"wp:term":[{"taxonomy":"category","embeddable":true,"href":"https:\/\/www.europesays.com\/fr\/wp-json\/wp\/v2\/categories?post=227594"},{"taxonomy":"post_tag","embeddable":true,"href":"https:\/\/www.europesays.com\/fr\/wp-json\/wp\/v2\/tags?post=227594"}],"curies":[{"name":"wp","href":"https:\/\/api.w.org\/{rel}","templated":true}]}}