{"id":22762,"date":"2025-04-13T18:00:12","date_gmt":"2025-04-13T18:00:12","guid":{"rendered":"https:\/\/www.europesays.com\/fr\/22762\/"},"modified":"2025-04-13T18:00:12","modified_gmt":"2025-04-13T18:00:12","slug":"la-chute-de-popularite-de-bayrou-se-poursuit-surtout-au-sein-de-son-camp","status":"publish","type":"post","link":"https:\/\/www.europesays.com\/fr\/22762\/","title":{"rendered":"La chute de popularit\u00e9 de Bayrou se poursuit, surtout au sein de son camp"},"content":{"rendered":"<p>La d\u00e9fiance vis-\u00e0-vis de <a href=\"https:\/\/www.20minutes.fr\/politique\/francois_bayrou\/\" target=\"_blank\" class=\"color-ultramarine c-link\" rel=\"noopener\">Fran\u00e7ois Bayrou<\/a> continue de monter. Surtout, le Premier ministre ne peut m\u00eame plus se tourner vers son camp pour se rassurer.<\/p>\n<p>Quatre mois apr\u00e8s sa nomination, l\u2019impopularit\u00e9 du locataire de Matignon continue en effet de grandir, selon un sondage Ipsos pour la <a href=\"https:\/\/www.latribune.fr\/la-tribune-dimanche\/politique\/barometre-exclusif-bayrou-dans-le-rouge-macron-en-baisse-le-pen-stable-1022735.html\" rel=\"nofollow noopener\" target=\"_blank\" class=\"color-ultramarine c-link\">Tribune dimanche<\/a>. Selon ce barom\u00e8tre mensuel, r\u00e9alis\u00e9 du 9 au 10\u00a0avril, 67\u00a0% des Fran\u00e7ais portent un jugement d\u00e9favorable sur l\u2019action du Premier ministre, soit trois points de plus que le mois dernier. Ils sont 24\u00a0% \u00e0 penser le contraire (-1 point).<\/p>\n<p>Le m\u00e9contentement monte dans le bloc central<\/p>\n<p>C\u2019est chez les sympathisants Renaissance-MoDem-Horizons, les partis du bloc central, qu\u2019il enregistre sa plus forte baisse de popularit\u00e9, 12 points de moins par rapport \u00e0 mars, avec seulement 53\u00a0% d\u2019opinions favorables.<\/p>\n<\/p>\n<p>\u00ab\u00a0Le pays a le sentiment qu\u2019on fait la planche, qu\u2019on flotte, qu\u2019on se laisse d\u00e9river\u00a0\u00bb, analyse le directeur g\u00e9n\u00e9ral d\u00e9l\u00e9gu\u00e9 d\u2019Ipsos Brice Teinturier. Selon lui, c\u2019est l\u2019un des principaux moteurs de l\u2019impopularit\u00e9 de Fran\u00e7ois Bayrou\u00a0: \u00ab\u00a0Alors que les partis, que ce soit le Rassemblement national, LR ou le Parti socialiste, se parlent beaucoup \u00e0 eux-m\u00eames, que les \u00e9v\u00e9nements internationaux dominent l\u2019actualit\u00e9, le gouvernement donne le sentiment de ne pas parler aux Fran\u00e7ais\u00a0\u00bb.<\/p>\n<p>Les r\u00e9centes prises de position du Premier ministre sur l\u2019ex\u00e9cution provisoire de la peine d\u2019in\u00e9ligibilit\u00e9 de <a href=\"https:\/\/www.20minutes.fr\/politique\/marine-le-pen\/\" target=\"_blank\" class=\"color-ultramarine c-link\" rel=\"noopener\">Marine Le\u00a0Pen<\/a>, dont il s\u2019est dit \u00ab\u00a0troubl\u00e9\u00a0\u00bb, ou sur l\u2019affaire B\u00e9tharram ont aussi suscit\u00e9 des interrogations.<\/p>\n<p>Macron relativement stable<\/p>\n<p>Au sein du couple ex\u00e9cutif, <a href=\"https:\/\/www.20minutes.fr\/politique\/emmanuel-macron\/\" target=\"_blank\" class=\"color-ultramarine c-link\" rel=\"noopener\">Emmanuel Macron<\/a> est, lui, relativement stable avec 26\u00a0% de jugements favorables (-1 point) et 70\u00a0% d\u00e9favorables (+1 point). Au sein du gouvernement, le ministre de l\u2019Int\u00e9rieur LR <a href=\"https:\/\/www.20minutes.fr\/dossier\/bruno_retailleau\" target=\"_blank\" class=\"color-ultramarine c-link\" rel=\"noopener\">Bruno Retailleau<\/a> (33\u00a0%) et celui de la Justice <a href=\"https:\/\/www.20minutes.fr\/dossier\/gerald_darmanin\" target=\"_blank\" class=\"color-ultramarine c-link\" rel=\"noopener\">G\u00e9rald Darmanin<\/a> (33\u00a0%) restent les plus appr\u00e9ci\u00e9s des Fran\u00e7ais, loin devant <a href=\"https:\/\/www.20minutes.fr\/politique\/rachida_dati\" target=\"_blank\" class=\"color-ultramarine c-link\" rel=\"noopener\">Rachida Dati<\/a>, en troisi\u00e8me position (16\u00a0%).<\/p>\n<p><a href=\"https:\/\/www.20minutes.fr\/politique\/\" target=\"_blank\" class=\"c-link c-btn c-btn--primary\" rel=\"noopener\">Notre dossier Politique<\/a><\/p>\n<p>De nouveau ce mois, le barom\u00e8tre des potentiels successeurs d\u2019Emmanuel Macron place en t\u00eate les RN, Jordan Bardella qui stagne \u00e0 34\u00a0% par rapport \u00e0 mars et Marine Le\u00a0Pen qui le talonne \u00e0 33\u00a0% mais gagne deux points. En troisi\u00e8me position, l\u2019ancien Premier ministre Edouard Philippe c\u00e8de 1 point \u00e0 31\u00a0%, devant Bruno Retailleau qui perd aussi 1 point \u00e0 27\u00a0%.<\/p>\n","protected":false},"excerpt":{"rendered":"La d\u00e9fiance vis-\u00e0-vis de Fran\u00e7ois Bayrou continue de monter. Surtout, le Premier ministre ne peut m\u00eame plus se&hellip;\n","protected":false},"author":2,"featured_media":22763,"comment_status":"","ping_status":"","sticky":false,"template":"","format":"standard","meta":{"footnotes":""},"categories":[4],"tags":[47,11,1073,1011,27,431,3540,430,2759,12,316,8417,25,133],"class_list":{"0":"post-22762","1":"post","2":"type-post","3":"status-publish","4":"format-standard","5":"has-post-thumbnail","7":"category-france","8":"tag-actualite","9":"tag-actualites","10":"tag-emmanuel-macron","11":"tag-fr","12":"tag-france","13":"tag-francois-bayrou","14":"tag-horizons","15":"tag-marine-le-pen","16":"tag-modem","17":"tag-news","18":"tag-politique","19":"tag-renaissance-parti-politique","20":"tag-republique-francaise","21":"tag-video"},"share_on_mastodon":{"url":"https:\/\/pubeurope.com\/@fr\/114331964138301099","error":""},"_links":{"self":[{"href":"https:\/\/www.europesays.com\/fr\/wp-json\/wp\/v2\/posts\/22762","targetHints":{"allow":["GET"]}}],"collection":[{"href":"https:\/\/www.europesays.com\/fr\/wp-json\/wp\/v2\/posts"}],"about":[{"href":"https:\/\/www.europesays.com\/fr\/wp-json\/wp\/v2\/types\/post"}],"author":[{"embeddable":true,"href":"https:\/\/www.europesays.com\/fr\/wp-json\/wp\/v2\/users\/2"}],"replies":[{"embeddable":true,"href":"https:\/\/www.europesays.com\/fr\/wp-json\/wp\/v2\/comments?post=22762"}],"version-history":[{"count":0,"href":"https:\/\/www.europesays.com\/fr\/wp-json\/wp\/v2\/posts\/22762\/revisions"}],"wp:featuredmedia":[{"embeddable":true,"href":"https:\/\/www.europesays.com\/fr\/wp-json\/wp\/v2\/media\/22763"}],"wp:attachment":[{"href":"https:\/\/www.europesays.com\/fr\/wp-json\/wp\/v2\/media?parent=22762"}],"wp:term":[{"taxonomy":"category","embeddable":true,"href":"https:\/\/www.europesays.com\/fr\/wp-json\/wp\/v2\/categories?post=22762"},{"taxonomy":"post_tag","embeddable":true,"href":"https:\/\/www.europesays.com\/fr\/wp-json\/wp\/v2\/tags?post=22762"}],"curies":[{"name":"wp","href":"https:\/\/api.w.org\/{rel}","templated":true}]}}