{"id":227628,"date":"2025-07-05T07:53:09","date_gmt":"2025-07-05T07:53:09","guid":{"rendered":"https:\/\/www.europesays.com\/fr\/227628\/"},"modified":"2025-07-05T07:53:09","modified_gmt":"2025-07-05T07:53:09","slug":"le-polygone-se-transforme-en-veritable-piste-de-danse","status":"publish","type":"post","link":"https:\/\/www.europesays.com\/fr\/227628\/","title":{"rendered":"Le Polygone se transforme en v\u00e9ritable piste de danse"},"content":{"rendered":"<p>            Par<br \/>\n        <strong><br \/>\n            <a href=\"https:\/\/actu.fr\/auteur\/j-phan\" title=\"Consulter tous les articles de Jordan Phan\" target=\"_blank\" rel=\"noopener\">Jordan Phan<\/a><br \/>\n        <\/strong><\/p>\n<p>        Publi\u00e9 le<\/p>\n<p>            5 juil. 2025 \u00e0 9h31        <\/p>\n<p><strong>Danse avec les stars<\/strong> version montpelli\u00e9rain, c\u2019\u00e9tait possible ce <strong>mercredi 2 juillet<\/strong> o\u00f9 les danseurs professionnels <strong>Jo\u00ebl Luzolo<\/strong> et <strong>Kader Belmoktar<\/strong> ont enseign\u00e9 cet art au <strong>Polygone<\/strong>. Ils \u00e9taient pr\u00e9sents de 10h \u00e0 11h pour \u00ab\u00a0<strong>La Grande Le\u00e7on<\/strong>\u00ab\u00a0, juste devant la Fnac et Histoire d\u2019Or, afin de faire d\u00e9couvrir aux plus curieux la <strong>danse Hip-Hop<\/strong> et la compagnie dans laquelle ils se trouvent, <strong>K\u00e4fig<\/strong>.<\/p>\n<p>Un \u00e9v\u00e9nement ouvert \u00e0 tous<\/p>\n<p class=\" wall-content\">Si cet attroupement de personnes en plein c\u0153ur du centre commercial pouvaient en intimider plus d\u2019un, ils \u00e9taient tout de m\u00eame pr\u00e8s d\u2019une <strong>centaine<\/strong> \u00e0 se pr\u00eater au jeu et aux instructions des professionnels. Femmes, hommes, enfants, un v\u00e9ritable melting pot se d\u00e9couvrait lors de cette Grande Le\u00e7on.<\/p>\n<p class=\" wall-content\">\u00ab J\u2019ai rencontr\u00e9 des gens, il y avait du contact humain, de la vie et de l\u2019\u00e9nergie, nous \u00e9tions tous ensemble \u00e0 faire quelque chose dans un lieu public. C\u2019\u00e9tait vraiment g\u00e9nial \u00bb, s\u2019\u00e9crie Patrick, lui qui h\u00e9site maintenant \u00e0 s\u2019inscrire \u00e0 un club de danse. \u00ab J\u2019ai trouv\u00e9 \u00e7a fantastique que l\u2019enseignement des danseurs puissent s\u2019adapter \u00e0 <strong>tous les niveaux <\/strong>\u00bb, sourit H\u00e9l\u00e8ne apr\u00e8s s\u2019\u00eatre d\u00e9pens\u00e9e \u00e0 100%.<\/p>\n<p class=\" wall-content\"><strong>Retrouvez notre vid\u00e9o de La Grande Le\u00e7on sur notre <a href=\"https:\/\/www.instagram.com\/metropolitainfr?utm_source=ig_web_button_share_sheet&amp;igsh=NTB5dHdjdmVkN3Jr\" target=\"_blank\" rel=\"noopener\">compte Instagram<\/a><\/strong> :<\/p>\n<p class=\" wall-content\"><a href=\"https:\/\/www.instagram.com\/p\/DLrk1VOiihq\/embed\" title=\"Ouvrir le lien sur Instagram\" target=\"_blank\" rel=\"noopener\">Visualiser le contenu sur Instagram<\/a><\/p>\n<p>Le Festival Montpellier Danse<br \/>\n    <a href=\"https:\/\/www.google.com\/maps\/embed?pb=!1m18!1m12!1m3!1d2888.907758888545!2d3.882198575107543!3d43.608462155324844!2m3!1f0!2f0!3f0!3m2!1i1024!2i768!4f13.1!3m3!1m2!1s0x12b6afa047b78a77%3A0x2a496e9a99a5d4a5!2sPolygone%20Montpellier!5e0!3m2!1sfr!2sfr!4v1751700504036!5m2!1sfr!2sfr\" title=\"Ouvrie le lien\" target=\"_blank\" rel=\"noopener\">Cliquez ici pour visualiser le contenu<\/a><\/p>\n<p>Vid\u00e9os : en ce moment sur Actu<\/p>\n<p class=\" wall-content\">En parall\u00e8le des cours qu\u2019ils donnent au Polygone, Jo\u00ebl Luzolo et Kader Belmoktar performent pour le <strong>Festival Montpellier Danse<\/strong>, qui prendra fin le <strong>samedi 5 juillet<\/strong>, avec un <strong>grand spectacle gratuit<\/strong> sur la <strong>Com\u00e9die<\/strong> le soir, sign\u00e9 le chor\u00e9graphe <strong>Mourad Merzouki<\/strong>.<\/p>\n<p class=\" wall-content\">Suivez toute l\u2019actualit\u00e9 de vos villes et m\u00e9dias favoris en vous inscrivant \u00e0 <a href=\"https:\/\/moncompte.actu.fr\" title=\"D\u00e9couvez Mon Actu\" rel=\"nofollow noopener\" data-trk=\"{&quot;cta&quot;:{&quot;action&quot;:&quot;https:\\\/\\\/moncompte.actu.fr&quot;,&quot;category&quot;:&quot;mon compte&quot;,&quot;from&quot;:&quot;article footer&quot;,&quot;name&quot;:&quot;Mon actu&quot;,&quot;type&quot;:&quot;cta&quot;}}\" target=\"_blank\">Mon Actu<\/a>.<\/p>\n<p>                    <script async src=\"\/\/www.instagram.com\/embed.js\"><\/script><\/p>\n","protected":false},"excerpt":{"rendered":"Par Jordan Phan Publi\u00e9 le 5 juil. 2025 \u00e0 9h31 Danse avec les stars version montpelli\u00e9rain, c\u2019\u00e9tait possible&hellip;\n","protected":false},"author":2,"featured_media":227629,"comment_status":"","ping_status":"","sticky":false,"template":"","format":"standard","meta":{"footnotes":""},"categories":[9599],"tags":[1111,11,5972,1777,674,1011,27,1652,2208,12,2680,25,71],"class_list":{"0":"post-227628","1":"post","2":"type-post","3":"status-publish","4":"format-standard","5":"has-post-thumbnail","7":"category-montpellier","8":"tag-actu","9":"tag-actualites","10":"tag-danse","11":"tag-eu","12":"tag-europe","13":"tag-fr","14":"tag-france","15":"tag-loisirs-culture","16":"tag-montpellier","17":"tag-news","18":"tag-occitanie","19":"tag-republique-francaise","20":"tag-sante"},"share_on_mastodon":{"url":"","error":""},"_links":{"self":[{"href":"https:\/\/www.europesays.com\/fr\/wp-json\/wp\/v2\/posts\/227628","targetHints":{"allow":["GET"]}}],"collection":[{"href":"https:\/\/www.europesays.com\/fr\/wp-json\/wp\/v2\/posts"}],"about":[{"href":"https:\/\/www.europesays.com\/fr\/wp-json\/wp\/v2\/types\/post"}],"author":[{"embeddable":true,"href":"https:\/\/www.europesays.com\/fr\/wp-json\/wp\/v2\/users\/2"}],"replies":[{"embeddable":true,"href":"https:\/\/www.europesays.com\/fr\/wp-json\/wp\/v2\/comments?post=227628"}],"version-history":[{"count":0,"href":"https:\/\/www.europesays.com\/fr\/wp-json\/wp\/v2\/posts\/227628\/revisions"}],"wp:featuredmedia":[{"embeddable":true,"href":"https:\/\/www.europesays.com\/fr\/wp-json\/wp\/v2\/media\/227629"}],"wp:attachment":[{"href":"https:\/\/www.europesays.com\/fr\/wp-json\/wp\/v2\/media?parent=227628"}],"wp:term":[{"taxonomy":"category","embeddable":true,"href":"https:\/\/www.europesays.com\/fr\/wp-json\/wp\/v2\/categories?post=227628"},{"taxonomy":"post_tag","embeddable":true,"href":"https:\/\/www.europesays.com\/fr\/wp-json\/wp\/v2\/tags?post=227628"}],"curies":[{"name":"wp","href":"https:\/\/api.w.org\/{rel}","templated":true}]}}