{"id":227642,"date":"2025-07-05T08:01:14","date_gmt":"2025-07-05T08:01:14","guid":{"rendered":"https:\/\/www.europesays.com\/fr\/227642\/"},"modified":"2025-07-05T08:01:14","modified_gmt":"2025-07-05T08:01:14","slug":"ancien-de-ligue-2-robin-risser-passe-de-strasbourg-a-un-autre-club-de-ligue-1","status":"publish","type":"post","link":"https:\/\/www.europesays.com\/fr\/227642\/","title":{"rendered":"Ancien de Ligue 2 &#8211; Robin Risser passe de Strasbourg \u00e0 un autre club de Ligue 1"},"content":{"rendered":"<p style=\"text-align: justify;\">L\u2019OGC Nice, le Stade Rennais et le Stade Brestois ont successivement \u00e9t\u00e9 cit\u00e9s en tant que courtisans de <strong>Robin Risser<\/strong> cet \u00e9t\u00e9, et cela n\u2019a finalement rien de surprenant. Grand artisan du maintien du <strong>Red Star FC<\/strong> en <strong>Ligue 2<\/strong>, le portier international espoir fran\u00e7ais a confirm\u00e9 qu\u2019il \u00e9tait sur la bonne voie pour devenir une r\u00e9f\u00e9rence au poste, lui qui n\u2019a encore que 20 ans. Revenu \u00e0 <strong>Strasbourg<\/strong> suite \u00e0 son pr\u00eat chez les Audoniens, l\u2019ex-Dijonnais est toujours en qu\u00eate d\u2019un temps de jeu dont il ne devrait pas pouvoir b\u00e9n\u00e9ficier de mani\u00e8re r\u00e9guli\u00e8re en Alsace. Et c\u2019est finalement une autre \u00e9curie de <strong>Ligue 1<\/strong> qui a fini par rafler la mise.<\/p>\n<p>\u00c0 lire aussi &gt;&gt;\u00a0<a href=\"https:\/\/maligue2.fr\/2025\/06\/13\/ligue-1-apres-nice-un-autre-club-de-lelite-entre-dans-la-danse-pour-risser-strasbourg\/\" target=\"_blank\" rel=\"noopener\">Ligue 1 \u2013 Apr\u00e8s Nice, deux autres clubs de l\u2019\u00e9lite entrent dans la danse pour Risser (Strasbourg)<\/a><\/p>\n<p style=\"text-align: justify;\">Il ne s\u2019agit ni des Aiglons, des Bretons ou des Pirates, mais bien des Sang et Or du <strong>RC Lens<\/strong>. La possibilit\u00e9 d\u2019un d\u00e9part de Risser vers le club art\u00e9sien avait pris de l\u2019ampleur depuis plusieurs jours, et ce vendredi, le RCL a officialis\u00e9 l\u2019arriv\u00e9e de son nouveau gardien. Le tout avec une annonce fa\u00e7on Simpson dont le service communication lensois a le secret.<\/p>\n<blockquote class=\"twitter-tweet\">\n<p>: Gardien valid\u00e9, surface prot\u00e9g\u00e9e.<\/p>\n<p>. \u270d<a href=\"https:\/\/twitter.com\/hashtag\/LesLensois?src=hash&amp;ref_src=twsrc%5Etfw\" target=\"_blank\" rel=\"noopener\">#LesLensois<\/a> <a href=\"https:\/\/t.co\/OEbGf6jWHb\">pic.twitter.com\/OEbGf6jWHb<\/a><\/p>\n<p>\u2014 Racing Club de Lens (@RCLens) <a href=\"https:\/\/twitter.com\/RCLens\/status\/1941150042644943012?ref_src=twsrc%5Etfw\" target=\"_blank\" rel=\"noopener\">July 4, 2025<\/a><\/p>\n<\/blockquote>\n<p>Photo Baptiste Fernandez\/Icon Sport<\/p>\n<p>\t\t<script async src=\"https:\/\/platform.twitter.com\/widgets.js\" charset=\"utf-8\"><\/script><\/p>\n","protected":false},"excerpt":{"rendered":"L\u2019OGC Nice, le Stade Rennais et le Stade Brestois ont successivement \u00e9t\u00e9 cit\u00e9s en tant que courtisans de&hellip;\n","protected":false},"author":2,"featured_media":174182,"comment_status":"","ping_status":"","sticky":false,"template":"","format":"standard","meta":{"footnotes":""},"categories":[2820],"tags":[1111,11,1777,674,1011,27,775,4253,12,25,30933,640],"class_list":{"0":"post-227642","1":"post","2":"type-post","3":"status-publish","4":"format-standard","5":"has-post-thumbnail","7":"category-strasbourg","8":"tag-actu","9":"tag-actualites","10":"tag-eu","11":"tag-europe","12":"tag-fr","13":"tag-france","14":"tag-grand-est","15":"tag-lens","16":"tag-news","17":"tag-republique-francaise","18":"tag-robin-risser","19":"tag-strasbourg"},"share_on_mastodon":{"url":"","error":""},"_links":{"self":[{"href":"https:\/\/www.europesays.com\/fr\/wp-json\/wp\/v2\/posts\/227642","targetHints":{"allow":["GET"]}}],"collection":[{"href":"https:\/\/www.europesays.com\/fr\/wp-json\/wp\/v2\/posts"}],"about":[{"href":"https:\/\/www.europesays.com\/fr\/wp-json\/wp\/v2\/types\/post"}],"author":[{"embeddable":true,"href":"https:\/\/www.europesays.com\/fr\/wp-json\/wp\/v2\/users\/2"}],"replies":[{"embeddable":true,"href":"https:\/\/www.europesays.com\/fr\/wp-json\/wp\/v2\/comments?post=227642"}],"version-history":[{"count":0,"href":"https:\/\/www.europesays.com\/fr\/wp-json\/wp\/v2\/posts\/227642\/revisions"}],"wp:featuredmedia":[{"embeddable":true,"href":"https:\/\/www.europesays.com\/fr\/wp-json\/wp\/v2\/media\/174182"}],"wp:attachment":[{"href":"https:\/\/www.europesays.com\/fr\/wp-json\/wp\/v2\/media?parent=227642"}],"wp:term":[{"taxonomy":"category","embeddable":true,"href":"https:\/\/www.europesays.com\/fr\/wp-json\/wp\/v2\/categories?post=227642"},{"taxonomy":"post_tag","embeddable":true,"href":"https:\/\/www.europesays.com\/fr\/wp-json\/wp\/v2\/tags?post=227642"}],"curies":[{"name":"wp","href":"https:\/\/api.w.org\/{rel}","templated":true}]}}