{"id":227647,"date":"2025-07-05T08:04:08","date_gmt":"2025-07-05T08:04:08","guid":{"rendered":"https:\/\/www.europesays.com\/fr\/227647\/"},"modified":"2025-07-05T08:04:08","modified_gmt":"2025-07-05T08:04:08","slug":"l214-organise-une-action-contre-un-supermarche-pres-de-nantes","status":"publish","type":"post","link":"https:\/\/www.europesays.com\/fr\/227647\/","title":{"rendered":"L214 organise une action contre un supermarch\u00e9 pr\u00e8s de Nantes"},"content":{"rendered":"<p>            Par<br \/>\n        <strong><br \/>\n            <a href=\"https:\/\/actu.fr\/auteur\/clemence-pays02-actu-fr\" title=\"Consulter tous les articles de Cl\u00e9mence Pays\" target=\"_blank\" rel=\"noopener\">Cl\u00e9mence Pays<\/a><br \/>\n        <\/strong><\/p>\n<p>        Publi\u00e9 le<\/p>\n<p>            5 juil. 2025 \u00e0 9h06        <\/p>\n<p>Apr\u00e8s avoir invit\u00e9 les citoyens et citoyennes \u00e0 <a href=\"https:\/\/actu.fr\/pays-de-la-loire\/nantes_44109\/l-association-l214-organise-une-action-a-nantes-pour-lancer-le-sauvetage-du-siecle_62756360.html\" target=\"_blank\" rel=\"noopener\">participer au \u00ab\u2009sauvetage du si\u00e8cle\u2009\u00bb<\/a> et <a href=\"https:\/\/actu.fr\/pays-de-la-loire\/saint-herblain_44162\/grand-frais-grande-cruaute-l-association-l214-annonce-une-action-dans-un-supermarche-pres-de-nantes_62645694.html\" target=\"_blank\" rel=\"noopener\">manifest\u00e9 devant le supermarch\u00e9 Grand Frais<\/a> de Saint-Herblain et <a href=\"https:\/\/actu.fr\/pays-de-la-loire\/orvault_44114\/maltraitance-dans-les-elevages-de-cochons-l214-manifeste-devant-ce-e-leclerc-pres-de-nantes_62503086.html\" target=\"_blank\" rel=\"noopener\">E.Leclerc Paridis<\/a>, l\u2019association de d\u00e9fense des animaux, <strong>L214,<\/strong> annonce une nouvelle action dans le secteur de Nantes.<\/p>\n<p class=\" wall-content\">Celle-ci aura lieu ce <strong>samedi 5\u00a0juillet 2025,<\/strong> devant le magasin E.Leclerc de <a href=\"https:\/\/actu.fr\/pays-de-la-loire\/reze_44143\" target=\"_blank\" rel=\"noopener\">Rez\u00e9<\/a>, <strong>de 14h30 \u00e0 16h30.<\/strong><\/p>\n<p>Des pratiques ill\u00e9gales dans les \u00e9levages<\/p>\n<p class=\" wall-content\">Depuis mars\u00a02024, L214 a r\u00e9v\u00e9l\u00e9 des <strong>images \u00ab\u2009accablantes\u2009\u00bb<\/strong> provenant de <strong>dix \u00e9levages de cochons,<\/strong> fournisseurs de l\u2019enseigne E.Leclerc. \u00ab\u2009Partout, des <strong>situations ill\u00e9gales<\/strong> ont \u00e9t\u00e9 observ\u00e9es\u2009\u00bb, affirme l\u2019association qui cite par exemple des conditions \u00ab\u2009d\u2019insalubrit\u00e9 g\u00e9n\u00e9ralis\u00e9e\u2009\u00bb, mais aussi des cadavres laiss\u00e9s au sol ou encore des animaux malades laiss\u00e9s sans soin.<\/p>\n<blockquote class=\"ac-article-quote wall-content\">\n<p>Par ailleurs, les truies sont enferm\u00e9es pendant la moiti\u00e9 de leur vie dans des cages tellement petites qu\u2019elles ne peuvent pas se retourner sur elles-m\u00eames. Leurs porcelets t\u00e8tent \u00e0 travers les barreaux. Priv\u00e9es de paille pour construire leur nid, incapables d\u2019exprimer des comportements essentiels, ces truies souffrent de stress intense, de l\u00e9sions aux pattes et d\u00e9veloppent fr\u00e9quemment des escarres.<\/p>\n<p>    <strong>L214<\/strong>\n            <\/p><\/blockquote>\n<p class=\" wall-content\">Depuis, L214 demande \u00e0 l\u2019enseigne de <strong>s\u2019engager \u00ab\u2009d\u2019ici 2030\u2009\u00bb<\/strong> \u00e0 ne plus s\u2019approvisionner aupr\u00e8s de ces \u00e9levages, au profit d\u2019\u00e9levages respectant la r\u00e9glementation en vigueur et renon\u00e7ant \u00e0 l\u2019enfermement des truies reproductrices en cages.<\/p>\n<p>Vid\u00e9os : en ce moment sur Actu<\/p>\n<p class=\" wall-content\">\u00ab\u2009Ces crit\u00e8res constituent le strict minimum pour <strong>r\u00e9duire les souffrances animales<\/strong> dans les \u00e9levages intensifs\u2009\u00bb, estime l\u2019association.<\/p>\n<p class=\" wall-content\">Une <strong>p\u00e9tition<\/strong> allant en ce sens a \u00e9galement \u00e9t\u00e9 lanc\u00e9e et sign\u00e9e par \u00ab\u2009plus de 100\u2009000\u00a0personnes\u2009\u00bb.<\/p>\n<p>Ce qui est pr\u00e9vu \u00e0 Rez\u00e9<\/p>\n<p class=\" wall-content\">\u00c0 Rez\u00e9 et dans 30 autres villes de France, les b\u00e9n\u00e9voles de l\u2019association vont donc mener une action, samedi 5\u00a0juillet, pour <strong>d\u00e9noncer la commercialisation par E.Leclerc<\/strong> de produits issus d\u2019\u00e9levages de cochons ne respectant pas la r\u00e9glementation.<\/p>\n<p class=\" wall-content\">Les militants d\u00e9ploieront devant le supermarch\u00e9 de Rez\u00e9 une <strong>banderole<\/strong> \u00ab\u2009Ill\u00e9gale en \u00e9levage, vendu chez E.Leclerc\u2009\u00bb.<\/p>\n<p class=\" wall-content\">Des <strong>panneaux<\/strong> et <strong>catalogues parodiques<\/strong> listant les principales ill\u00e9galit\u00e9s relev\u00e9es dans les \u00e9levages seront aussi utilis\u00e9s.<\/p>\n<p class=\" wall-content\">Des <strong>autocollants<\/strong> \u00ab\u2009avis de souffrance\u2009\u00bb seront coll\u00e9s sur les vitrines des rayons frais et des stickers \u00ab\u2009produit issu de pratiques ill\u00e9gales\u2009\u00bb seront appos\u00e9s sur les barquettes de viande de cochons. Ces derniers seront \u00e9galement <strong>mis \u00e0 disposition du public<\/strong> \u00ab\u2009afin que les clients de l\u2019enseigne puissent les apposer directement sur les barquettes de viande de cochons vendues chez E.Leclerc\u2009\u00bb, termine L214.<\/p>\n<p><strong>Infos pratiques\u2009:<\/strong><br \/>Samedi 5\u00a0juillet 2025, de 14h30 \u00e0 16h30, mobilisation de L214 au E.Leclerc, 10, rond-point de la Corbinerie, Rez\u00e9.<\/p>\n<p class=\" wall-content\">Suivez toute l\u2019actualit\u00e9 de vos villes et m\u00e9dias favoris en vous inscrivant \u00e0 <a href=\"https:\/\/moncompte.actu.fr\" title=\"D\u00e9couvez Mon Actu\" rel=\"nofollow noopener\" data-trk=\"{&quot;cta&quot;:{&quot;action&quot;:&quot;https:\\\/\\\/moncompte.actu.fr&quot;,&quot;category&quot;:&quot;mon compte&quot;,&quot;from&quot;:&quot;article footer&quot;,&quot;name&quot;:&quot;Mon actu&quot;,&quot;type&quot;:&quot;cta&quot;}}\" target=\"_blank\">Mon Actu<\/a>.<\/p>\n","protected":false},"excerpt":{"rendered":"Par Cl\u00e9mence Pays Publi\u00e9 le 5 juil. 2025 \u00e0 9h06 Apr\u00e8s avoir invit\u00e9 les citoyens et citoyennes \u00e0&hellip;\n","protected":false},"author":2,"featured_media":227648,"comment_status":"","ping_status":"","sticky":false,"template":"","format":"standard","meta":{"footnotes":""},"categories":[2818],"tags":[1111,11,258,1777,674,1011,27,6795,766,12,2636,52,25],"class_list":{"0":"post-227647","1":"post","2":"type-post","3":"status-publish","4":"format-standard","5":"has-post-thumbnail","7":"category-nantes","8":"tag-actu","9":"tag-actualites","10":"tag-alimentation","11":"tag-eu","12":"tag-europe","13":"tag-fr","14":"tag-france","15":"tag-maltraitance-animale","16":"tag-nantes","17":"tag-news","18":"tag-pays-de-la-loire","19":"tag-planete","20":"tag-republique-francaise"},"share_on_mastodon":{"url":"","error":""},"_links":{"self":[{"href":"https:\/\/www.europesays.com\/fr\/wp-json\/wp\/v2\/posts\/227647","targetHints":{"allow":["GET"]}}],"collection":[{"href":"https:\/\/www.europesays.com\/fr\/wp-json\/wp\/v2\/posts"}],"about":[{"href":"https:\/\/www.europesays.com\/fr\/wp-json\/wp\/v2\/types\/post"}],"author":[{"embeddable":true,"href":"https:\/\/www.europesays.com\/fr\/wp-json\/wp\/v2\/users\/2"}],"replies":[{"embeddable":true,"href":"https:\/\/www.europesays.com\/fr\/wp-json\/wp\/v2\/comments?post=227647"}],"version-history":[{"count":0,"href":"https:\/\/www.europesays.com\/fr\/wp-json\/wp\/v2\/posts\/227647\/revisions"}],"wp:featuredmedia":[{"embeddable":true,"href":"https:\/\/www.europesays.com\/fr\/wp-json\/wp\/v2\/media\/227648"}],"wp:attachment":[{"href":"https:\/\/www.europesays.com\/fr\/wp-json\/wp\/v2\/media?parent=227647"}],"wp:term":[{"taxonomy":"category","embeddable":true,"href":"https:\/\/www.europesays.com\/fr\/wp-json\/wp\/v2\/categories?post=227647"},{"taxonomy":"post_tag","embeddable":true,"href":"https:\/\/www.europesays.com\/fr\/wp-json\/wp\/v2\/tags?post=227647"}],"curies":[{"name":"wp","href":"https:\/\/api.w.org\/{rel}","templated":true}]}}