{"id":227652,"date":"2025-07-05T08:07:11","date_gmt":"2025-07-05T08:07:11","guid":{"rendered":"https:\/\/www.europesays.com\/fr\/227652\/"},"modified":"2025-07-05T08:07:11","modified_gmt":"2025-07-05T08:07:11","slug":"ou-voir-les-demi-finales-du-bordeaux-premier-padel-p2","status":"publish","type":"post","link":"https:\/\/www.europesays.com\/fr\/227652\/","title":{"rendered":"O\u00f9 voir les demi-finales du Bordeaux Premier Padel P2 ?"},"content":{"rendered":"<p>Ce <strong>samedi 5 juillet<\/strong>, les <strong>demi-finales du Bordeaux P2<\/strong> seront <strong>diffus\u00e9es en direct sur Canal+ Sport 360<\/strong> \u00e0 partir de <strong>13h<\/strong>, dans un <strong>dispositif sp\u00e9cial<\/strong> mis en place par le groupe Canal+ pour couvrir l\u2019\u00e9v\u00e9nement.<\/p>\n<p>Chez les femmes, <strong>Claudia Fern\u00e1ndez et Bea Gonz\u00e1lez<\/strong> (t\u00eate de s\u00e9rie 3) affronteront la paire surprise du tournoi, <strong>Bea Caldera et Carmen Goenaga<\/strong>, qui ont r\u00e9alis\u00e9 un parcours remarquable jusqu\u2019ici.<\/p>\n<p>Dans la premi\u00e8re demi-finale masculine, <strong>Arturo Coello et Agust\u00edn Tapia<\/strong>, la t\u00eate de s\u00e9rie 1, seront oppos\u00e9s \u00e0 <strong>Paquito Navarro et Lucas Bergamini<\/strong>, auteurs d\u2019un tr\u00e8s bon tournoi.<\/p>\n<p>Ensuite, toujours chez les dames, <strong>Alejandra Alonso et Claudia Jensen<\/strong> (t\u00eate de s\u00e9rie 7), tombeuses des num\u00e9ro 1 mondiales, seront oppos\u00e9es \u00e0 <strong>Sof\u00eda Ara\u00fajo et Andrea Ustero<\/strong> (t\u00eate de s\u00e9rie 4).<\/p>\n<p>Enfin, la journ\u00e9e se terminera par le choc entre <strong>Federico Chingotto et Alejandro Gal\u00e1n<\/strong> (t\u00eate de s\u00e9rie 2) et <strong>Juan Tello et Mart\u00edn Di Nenno<\/strong> (t\u00eate de s\u00e9rie 7).<\/p>\n<p><strong>Rendez-vous \u00e0 13h sur Canal+ Sport 360<\/strong> pour suivre en direct ces quatre demi-finales de tr\u00e8s haut niveau.<\/p>\n<p><img loading=\"lazy\" decoding=\"async\" data-del=\"avatar\" alt=\"Benjamin Dupouy\" src=\"https:\/\/www.europesays.com\/fr\/wp-content\/uploads\/2025\/04\/IMG_5219-150x150.jpg\" class=\"avatar pp-user-avatar avatar-100 photo \" height=\"100\" width=\"100\"\/><\/p>\n<p>J\u2019ai d\u00e9couvert le padel directement lors d\u2019un tournoi, et franchement, je n\u2019ai pas trop accroch\u00e9 au d\u00e9but. Mais la deuxi\u00e8me fois, \u00e7a a \u00e9t\u00e9 le coup de foudre, et depuis, je ne rate plus un seul match. Je suis m\u00eame pr\u00eat \u00e0 rester \u00e9veill\u00e9 jusqu\u2019\u00e0 3h du matin pour regarder une finale de Premier Padel !<\/p>\n<p class=\"related-title\">Sur le m\u00eame sujet<\/p>\n","protected":false},"excerpt":{"rendered":"Ce samedi 5 juillet, les demi-finales du Bordeaux P2 seront diffus\u00e9es en direct sur Canal+ Sport 360 \u00e0&hellip;\n","protected":false},"author":2,"featured_media":227653,"comment_status":"","ping_status":"","sticky":false,"template":"","format":"standard","meta":{"footnotes":""},"categories":[2817],"tags":[1111,11,1997,1777,674,1011,27,12,2219,30680,25],"class_list":{"0":"post-227652","1":"post","2":"type-post","3":"status-publish","4":"format-standard","5":"has-post-thumbnail","7":"category-bordeaux","8":"tag-actu","9":"tag-actualites","10":"tag-bordeaux","11":"tag-eu","12":"tag-europe","13":"tag-fr","14":"tag-france","15":"tag-news","16":"tag-nouvelle-aquitaine","17":"tag-premier-padel-bordeaux-p2","18":"tag-republique-francaise"},"share_on_mastodon":{"url":"","error":""},"_links":{"self":[{"href":"https:\/\/www.europesays.com\/fr\/wp-json\/wp\/v2\/posts\/227652","targetHints":{"allow":["GET"]}}],"collection":[{"href":"https:\/\/www.europesays.com\/fr\/wp-json\/wp\/v2\/posts"}],"about":[{"href":"https:\/\/www.europesays.com\/fr\/wp-json\/wp\/v2\/types\/post"}],"author":[{"embeddable":true,"href":"https:\/\/www.europesays.com\/fr\/wp-json\/wp\/v2\/users\/2"}],"replies":[{"embeddable":true,"href":"https:\/\/www.europesays.com\/fr\/wp-json\/wp\/v2\/comments?post=227652"}],"version-history":[{"count":0,"href":"https:\/\/www.europesays.com\/fr\/wp-json\/wp\/v2\/posts\/227652\/revisions"}],"wp:featuredmedia":[{"embeddable":true,"href":"https:\/\/www.europesays.com\/fr\/wp-json\/wp\/v2\/media\/227653"}],"wp:attachment":[{"href":"https:\/\/www.europesays.com\/fr\/wp-json\/wp\/v2\/media?parent=227652"}],"wp:term":[{"taxonomy":"category","embeddable":true,"href":"https:\/\/www.europesays.com\/fr\/wp-json\/wp\/v2\/categories?post=227652"},{"taxonomy":"post_tag","embeddable":true,"href":"https:\/\/www.europesays.com\/fr\/wp-json\/wp\/v2\/tags?post=227652"}],"curies":[{"name":"wp","href":"https:\/\/api.w.org\/{rel}","templated":true}]}}