{"id":22766,"date":"2025-04-13T18:04:42","date_gmt":"2025-04-13T18:04:42","guid":{"rendered":"https:\/\/www.europesays.com\/fr\/22766\/"},"modified":"2025-04-13T18:04:42","modified_gmt":"2025-04-13T18:04:42","slug":"une-passerelle-reliera-deux-quartiers-strasbourgeois-en-2028","status":"publish","type":"post","link":"https:\/\/www.europesays.com\/fr\/22766\/","title":{"rendered":"une passerelle reliera deux quartiers strasbourgeois en 2028"},"content":{"rendered":"<p>    <img loading=\"lazy\" width=\"1800\" height=\"900\" src=\"https:\/\/www.europesays.com\/fr\/wp-content\/uploads\/2025\/04\/jeanne-callthepolice.jpg\" class=\"attachment-full size-full\" alt=\"\" id=\"imageLove\" decoding=\"async\"  \/><\/p>\n<p id=\"breadcrumbs\"><a href=\"https:\/\/pokaa.fr\/\" rel=\"nofollow noopener\" target=\"_blank\">Accueil<\/a> \/ <a href=\"https:\/\/pokaa.fr\/categories\/actu\/\" rel=\"nofollow noopener\" target=\"_blank\">Info locale<\/a> \/ Pour les pi\u00e9tons et v\u00e9los : une passerelle reliera deux quartiers strasbourgeois en 2028<\/p>\n<p>                    Info locale<\/p>\n<p class=\"p1\"><b>D\u2019ici 2028, une nouvelle passerelle pi\u00e9tonne et cyclable s\u00e9curis\u00e9e reliera les quartiers du Hohberg et de Koenigshoffen. Un ouvrage au-dessus des voies ferr\u00e9es, accessible aux PMR, qui \u00e9vitera un d\u00e9tour de plus d\u2019un kilom\u00e8tre pour les habitant(e)s du secteur et qui leur permettra d\u2019acc\u00e9der plus facilement aux services publics.<\/b><\/p>\n<p class=\"p3\">\u00ab C\u2019est certainement l\u2019ouvrage pi\u00e9ton-v\u00e9lo le plus ambitieux qui a \u00e9t\u00e9 con\u00e7u sur Strasbourg, depuis celui avec le tram avec Kehl. \u00bb Alain Jund ne va pas par quatre chemins pour parler de <b>la future passerelle pi\u00e9tonne, cyclable et PMR (personnes \u00e0 mobilit\u00e9 r\u00e9duite) qui permettra, en 2028, de relier deux quartiers de l\u2019ouest strasbourgeois : le Hohberg et Koenigshoffen<\/b>.<\/p>\n<p class=\"p3\">Incluse dans le projet et le budget du tram Ouest, <b>elle passera au-dessus des voies ferr\u00e9es entre la rue du Rail et la rue du Vieux-Chemin<\/b>. Elle fera 530 m\u00e8tres de longueur pour l\u2019acc\u00e8s PMR, 7 m\u00e8tres de hauteur pour permettre le passage des trains et 4 m\u00e8tres de largeur pour que les v\u00e9los et les pi\u00e9tons puissent cohabiter sereinement. Enfin, aux entr\u00e9es et aux sorties de l\u2019ouvrage, des dispositifs emp\u00eachant l\u2019usage des deux roues motoris\u00e9s seront mis en place.<\/p>\n<p>                <a href=\"https:\/\/pokaa.fr\/2024\/08\/26\/tram-a-122-millions-de-a-strasbourg-le-premier-rail-de-lextension-de-la-ligne-f-a-ete-pose\/\" rel=\"nofollow noopener\" target=\"_blank\"><br \/>\n                    <img width=\"450\" height=\"270\" src=\"https:\/\/www.europesays.com\/fr\/wp-content\/uploads\/2025\/04\/img-2927-450x270.jpg\" class=\"attachment-card-horizontal--same-subject size-card-horizontal--same-subject wp-post-image\" alt=\"\" decoding=\"async\" loading=\"lazy\"\/>                <\/a><\/p>\n<p>                <img width=\"667\" height=\"500\" src=\"https:\/\/www.europesays.com\/fr\/wp-content\/uploads\/2025\/04\/img-8099-grande-667x500.jpeg\" class=\"attachment-gallery size-gallery\" alt=\"passerelle cyclable koenigshoffen\" data-full-url=\"https:\/\/pokaa.fr\/wp-content\/uploads\/2025\/04\/10\/img-8099-grande.jpeg\" decoding=\"async\" loading=\"lazy\"  \/>            <\/p>\n<p>                <img width=\"667\" height=\"500\" src=\"https:\/\/www.europesays.com\/fr\/wp-content\/uploads\/2025\/04\/img-8106-grande-667x500.jpeg\" class=\"attachment-gallery size-gallery\" alt=\"passerelle cyclable koenigshoffen\" data-full-url=\"https:\/\/pokaa.fr\/wp-content\/uploads\/2025\/04\/10\/img-8106-grande.jpeg\" decoding=\"async\" loading=\"lazy\"  \/>            <\/p>\n<p>                <img width=\"1084\" height=\"500\" src=\"https:\/\/www.europesays.com\/fr\/wp-content\/uploads\/2025\/04\/capture-decran-2025-04-10-a-151023-1084x500.png\" class=\"attachment-gallery size-gallery\" alt=\"passerelle cyclable koenigshoffen\" data-full-url=\"https:\/\/pokaa.fr\/wp-content\/uploads\/2025\/04\/10\/capture-decran-2025-04-10-a-151023.png\" decoding=\"async\" loading=\"lazy\"  \/>            <\/p>\n<p>                    1. 2. \u00a9\u00a0Nicolas Kaspar \/ Pokaa ; 3. \u00a9 Eurom\u00e9tropole de Strasbourg \/ Document remis<\/p>\n<p>Quel sera le r\u00f4le de cette passerelle ?<\/p>\n<p class=\"p3\">Selon le vice-pr\u00e9sident de l\u2019Eurom\u00e9tropole aux mobilit\u00e9s, <b>cette passerelle r\u00e9pond \u00ab aux coupures urbaines sur le quartier de Koenigshoffen \u00bb.<\/b> <\/p>\n<p class=\"p3\">Tr\u00e8s concr\u00e8tement, pour rejoindre aujourd\u2019hui la rue du Rail par celle du Vieux-Chemin, et inversement, il faut effectuer un d\u00e9tour d\u2019environ 1,2 km par la route des Romains [aujourd\u2019hui en travaux, ndlr] ou de 1,5 km par l\u2019all\u00e9e des Comtes. Ainsi, install\u00e9e au bout de la rue du Rail, <b>elle permettra une liaison entre Koenigshoffen et le Hohberg, en franchissant les voies ferr\u00e9es<\/b>.<\/p>\n<blockquote><p>\n        Cette passerelle permettra de vivre dans un environnement o\u00f9 l\u2019on peut aller simplement d\u2019un endroit \u00e0 l\u2019autre.    <\/p><\/blockquote>\n<p>            Alain Jund<\/p>\n<p>                <img width=\"667\" height=\"500\" src=\"https:\/\/www.europesays.com\/fr\/wp-content\/uploads\/2025\/04\/img-8107-grande-667x500.jpeg\" class=\"attachment-gallery size-gallery\" alt=\"voie ferr\u00e9e passerelle cyclable koenigshoffen\" data-full-url=\"https:\/\/pokaa.fr\/wp-content\/uploads\/2025\/04\/10\/img-8107-grande.jpeg\" decoding=\"async\" loading=\"lazy\"  \/>            <\/p>\n<p>                <img width=\"1069\" height=\"500\" src=\"https:\/\/www.europesays.com\/fr\/wp-content\/uploads\/2025\/04\/capture-decran-2025-04-10-a-145710-1069x500.png\" class=\"attachment-gallery size-gallery\" alt=\"passerelle cyclable koenigshoffen\" data-full-url=\"https:\/\/pokaa.fr\/wp-content\/uploads\/2025\/04\/10\/capture-decran-2025-04-10-a-145710.png\" decoding=\"async\" loading=\"lazy\"  \/>            <\/p>\n<p>                    C\u00f4t\u00e9 rue du Vieux-Chemin. 1. \u00a9 Nicolas Kaspar \/ Pokaa ; 2. \u00a9 Eurom\u00e9tropole de Strasbourg \/ Document remis<\/p>\n<p><b>Une bonne nouvelle notamment pour les familles, qui n\u2019auront plus \u00e0 faire de gros d\u00e9tours pour se rendre \u00e0 l\u2019\u00e9cole maternelle Camille-Claus, au centre socio-culturel ou encore au coll\u00e8ge Jacques-Twinger<\/b>.<\/p>\n<p>Mais \u00e9galement pour rejoindre les nombreux \u00e9quipements sportifs du secteur. Selon Alain Jund, cela permettra donc de \u00ab\u00a0d\u00e9senclaver le quartier\u00a0\u00bb. Le tout, pour un budget de 7,3 millions d\u2019euros, en grande majorit\u00e9 assum\u00e9 par l\u2019Eurom\u00e9tropole [la Ville participe \u00e0 hauteur de 244 200 \u20ac au titre des espaces verts, ndlr].<\/p>\n<p>                <img width=\"667\" height=\"500\" src=\"https:\/\/www.europesays.com\/fr\/wp-content\/uploads\/2025\/04\/img-8101-grande-667x500.jpeg\" class=\"attachment-gallery size-gallery\" alt=\"passerelle cyclable koenigshoffen\" data-full-url=\"https:\/\/pokaa.fr\/wp-content\/uploads\/2025\/04\/10\/img-8101-grande.jpeg\" decoding=\"async\" loading=\"lazy\"  \/>            <\/p>\n<p>                <img width=\"462\" height=\"500\" src=\"https:\/\/www.europesays.com\/fr\/wp-content\/uploads\/2025\/04\/capture-decran-2025-04-10-a-145734-462x500.png\" class=\"attachment-gallery size-gallery\" alt=\"passerelle cyclable koenigshoffen\" data-full-url=\"https:\/\/pokaa.fr\/wp-content\/uploads\/2025\/04\/10\/capture-decran-2025-04-10-a-145734.png\" decoding=\"async\" loading=\"lazy\"  \/>            <\/p>\n<p>                    C\u00f4t\u00e9 rue du Rail. 1. \u00a9 Nicolas Kaspar \/ Pokaa ; 2. \u00a9 Eurom\u00e9tropole de Strasbourg \/ Document remis<\/p>\n<p>Pourquoi une livraison aussi tard, en 2028 ?<\/p>\n<p class=\"p3\">Si le tram Ouest rentrera en service \u00e0 la fin de l\u2019ann\u00e9e 2025, il faudra n\u00e9anmoins attendre jusqu\u2019en 2028 pour franchir la passerelle pi\u00e9tonne et cyclable. Pourquoi un tel d\u00e9lai ? Selon Alain Jund : \u00ab\u00a0On est au-dessus d\u2019une voie de chemin de fer, <b>donc il faut r\u00e9server ce qu\u2019on appelle les faisceaux ferroviaires et s\u2019assurer que, pendant la dur\u00e9e des travaux, aucun train de fret ne circule<\/b>.\u00a0\u00bb Des n\u00e9gociations qui ont \u00e9t\u00e9 engag\u00e9es depuis 3 ans avec la SNCF.<\/p>\n<p class=\"p5\">Dans le m\u00eame temps, la r\u00e9alisation de la passerelle n\u00e9cessite l\u2019acquisition des terrains appartenant \u00e0 la SNCF de part et d\u2019autre de l\u2019ouvrage, pour l\u2019emprise des futures rampes. <b>Les travaux d\u00e9buteront \u00e0 la fin de l\u2019ann\u00e9e 2026 ou au d\u00e9but de l\u2019ann\u00e9e 2027<\/b>. Et en attendant, une maquette de la passerelle sera prochainement expos\u00e9e et une exposition itin\u00e9rante sera r\u00e9alis\u00e9e dans les quartiers du Hohberg et de Koenigshoffen. Pour d\u00e9couvrir en d\u00e9tail un ouvrage qui va changer la vie de nombreux\/ses habitant(e)s.<\/p>\n<p>    <img width=\"800\" height=\"600\" src=\"https:\/\/www.europesays.com\/fr\/wp-content\/uploads\/2025\/04\/img-8102-grande-800x600.jpeg\" class=\"attachment-image-size-L size-image-size-L\" alt=\"voie ferr\u00e9e passerelle cyclable koenigshoffen\" decoding=\"async\" loading=\"lazy\"  \/>         \u00a9 Nicolas Kaspar \/ Pokaa <\/p>\n","protected":false},"excerpt":{"rendered":"Accueil \/ Info locale \/ Pour les pi\u00e9tons et v\u00e9los : une passerelle reliera deux quartiers strasbourgeois en&hellip;\n","protected":false},"author":2,"featured_media":22767,"comment_status":"","ping_status":"","sticky":false,"template":"","format":"standard","meta":{"footnotes":""},"categories":[2820],"tags":[1111,11,1777,674,1011,27,775,8418,8419,12,25,640,8420],"class_list":{"0":"post-22766","1":"post","2":"type-post","3":"status-publish","4":"format-standard","5":"has-post-thumbnail","7":"category-strasbourg","8":"tag-actu","9":"tag-actualites","10":"tag-eu","11":"tag-europe","12":"tag-fr","13":"tag-france","14":"tag-grand-est","15":"tag-hohberg","16":"tag-koenigshoffen","17":"tag-news","18":"tag-republique-francaise","19":"tag-strasbourg","20":"tag-tram-ouest"},"share_on_mastodon":{"url":"https:\/\/pubeurope.com\/@fr\/114331980059683414","error":""},"_links":{"self":[{"href":"https:\/\/www.europesays.com\/fr\/wp-json\/wp\/v2\/posts\/22766","targetHints":{"allow":["GET"]}}],"collection":[{"href":"https:\/\/www.europesays.com\/fr\/wp-json\/wp\/v2\/posts"}],"about":[{"href":"https:\/\/www.europesays.com\/fr\/wp-json\/wp\/v2\/types\/post"}],"author":[{"embeddable":true,"href":"https:\/\/www.europesays.com\/fr\/wp-json\/wp\/v2\/users\/2"}],"replies":[{"embeddable":true,"href":"https:\/\/www.europesays.com\/fr\/wp-json\/wp\/v2\/comments?post=22766"}],"version-history":[{"count":0,"href":"https:\/\/www.europesays.com\/fr\/wp-json\/wp\/v2\/posts\/22766\/revisions"}],"wp:featuredmedia":[{"embeddable":true,"href":"https:\/\/www.europesays.com\/fr\/wp-json\/wp\/v2\/media\/22767"}],"wp:attachment":[{"href":"https:\/\/www.europesays.com\/fr\/wp-json\/wp\/v2\/media?parent=22766"}],"wp:term":[{"taxonomy":"category","embeddable":true,"href":"https:\/\/www.europesays.com\/fr\/wp-json\/wp\/v2\/categories?post=22766"},{"taxonomy":"post_tag","embeddable":true,"href":"https:\/\/www.europesays.com\/fr\/wp-json\/wp\/v2\/tags?post=22766"}],"curies":[{"name":"wp","href":"https:\/\/api.w.org\/{rel}","templated":true}]}}