{"id":227662,"date":"2025-07-05T08:13:16","date_gmt":"2025-07-05T08:13:16","guid":{"rendered":"https:\/\/www.europesays.com\/fr\/227662\/"},"modified":"2025-07-05T08:13:16","modified_gmt":"2025-07-05T08:13:16","slug":"premier-temps-fort-du-festival-dhistoire-publique-de-marseille","status":"publish","type":"post","link":"https:\/\/www.europesays.com\/fr\/227662\/","title":{"rendered":"Premier temps fort du festival d&rsquo;histoire publique de Marseille"},"content":{"rendered":"<p>Devant un auditorium rempli, le coup d\u2019envoi de l\u2019\u00e9v\u00e9nement in\u00e9dit qu\u2019est le premier festival d\u2019histoire publique de Marseille a \u00e9t\u00e9 lanc\u00e9 ce vendredi 4 juillet. Pens\u00e9 comme une exp\u00e9rimentation, cette Folle histoire de Marseille \u00ab\u00a0se veut tr\u00e8s participative, pour que tous les Marseillais puissent s\u2019emparer de l\u2019histoire de leur ville\u00a0\u00bb, souhaite Fabrice Denise, le directeur du mus\u00e9e d\u2019Histoire. Jean-Marc Coppola, adjoint au maire en charge de la culture, compl\u00e8te : \u00ab\u00a0L\u2019objectif de ce projet original est de penser l\u2019histoire autrement, \u00e0 la fois en lien, mais aussi en dehors du monde acad\u00e9mique.\u00a0\u00bb<\/p>\n<p>Maryline Crivello, vice-pr\u00e9sidente de l\u2019universit\u00e9 Aix-Marseille, \u00e9voque de son c\u00f4t\u00e9 \u00ab\u00a0l\u2019hospitalit\u00e9 et le respect de la science, de la l\u00e9gitimit\u00e9 et de l\u2019ind\u00e9pendance du savoir\u00a0\u00bb. <a href=\"https:\/\/www.laprovence.com\/article\/region\/2196995976990514\/luniversite-daix-marseille-ouvre-grand-les-bras-aux-chercheurs-americains\" target=\"_blank\" rel=\"nofollow noopener\">Dans un contexte international sensible<\/a>, l\u2019universitaire salue \u00ab\u00a0ce partage de l\u2019histoire de Marseille dans une forme d\u00e9mythifi\u00e9e, ouverte \u00e0 une lecture critique et r\u00e9flexive\u00a0\u00bb.<\/p>\n<p>Une vision partag\u00e9e<\/p>\n<p>Une vision partag\u00e9e \u00e9galement par la revue L\u2019Histoire, qui est \u00e0 l\u2019origine du projet avec la Ville. Val\u00e9rie Hannin, directrice de la r\u00e9daction, rappelle ainsi que le magazine explore depuis sa cr\u00e9ation \u00ab\u00a0la riche histoire de Marseille\u00a0\u00bb pour la mettre \u00e0 la port\u00e9e d\u2019un public \u00e9largi. Patrick Fancello, pour La Provence, \u00e9galement partenaire de l\u2019\u00e9v\u00e9nement, souligne une \u00ab\u00a0compl\u00e9mentarit\u00e9 \u00e9vidente\u00a0\u00bb entre le festival et le journal avec notamment des podcasts d\u00e9di\u00e9s \u00ab\u00a0r\u00e9alis\u00e9s au contact des Marseillais\u00a0\u00bb.<\/p>\n<p>Et dans la foul\u00e9e du lancement officiel, une premi\u00e8re table-ronde s\u2019est tenue. Sur sc\u00e8ne, quatre historiens, <a href=\"https:\/\/www.laprovence.com\/actu\/en-direct\/6878829\/il-faut-enseigner-davantage-lhistoire-de-la-colonisation-francaise-estime-benjamin-stora.html\" target=\"_blank\" rel=\"nofollow noopener\">Benjamin Stora<\/a>, Paulin Ismard, Gilbert Buti et C\u00e9line Regnard, ont apport\u00e9 des r\u00e9ponses \u00e0 la vaste interrogation de cette premi\u00e8re \u00e9dition\u00a0: \u00ab\u00a0Marseille\u00a0: porte du monde\u00a0?\u00a0\u00bb Le bouquet final du festival est pr\u00e9vu au printemps 2026. D\u2019ici-l\u00e0, les mots de l\u2019auteur Jean-Claude Izzo, mort il y a 25 ans, r\u00e9sonneront : \u00ab\u00a0Marseille appartient \u00e0 ceux qui y vivent.\u00a0\u00bb<\/p>\n","protected":false},"excerpt":{"rendered":"Devant un auditorium rempli, le coup d\u2019envoi de l\u2019\u00e9v\u00e9nement in\u00e9dit qu\u2019est le premier festival d\u2019histoire publique de Marseille&hellip;\n","protected":false},"author":2,"featured_media":227663,"comment_status":"","ping_status":"","sticky":false,"template":"","format":"standard","meta":{"footnotes":""},"categories":[2814],"tags":[17,1111,11,24071,1777,674,849,7482,1011,27,884,12,7910,882,12299,16,25,5426],"class_list":{"0":"post-227662","1":"post","2":"type-post","3":"status-publish","4":"format-standard","5":"has-post-thumbnail","7":"category-marseille","8":"tag-17","9":"tag-actu","10":"tag-actualites","11":"tag-dhistoire","12":"tag-eu","13":"tag-europe","14":"tag-festival","15":"tag-fort","16":"tag-fr","17":"tag-france","18":"tag-marseille","19":"tag-news","20":"tag-premier","21":"tag-provence-alpes-cote-dazur","22":"tag-publique","23":"tag-region","24":"tag-republique-francaise","25":"tag-temps"},"share_on_mastodon":{"url":"https:\/\/pubeurope.com\/@fr\/114799628167933060","error":""},"_links":{"self":[{"href":"https:\/\/www.europesays.com\/fr\/wp-json\/wp\/v2\/posts\/227662","targetHints":{"allow":["GET"]}}],"collection":[{"href":"https:\/\/www.europesays.com\/fr\/wp-json\/wp\/v2\/posts"}],"about":[{"href":"https:\/\/www.europesays.com\/fr\/wp-json\/wp\/v2\/types\/post"}],"author":[{"embeddable":true,"href":"https:\/\/www.europesays.com\/fr\/wp-json\/wp\/v2\/users\/2"}],"replies":[{"embeddable":true,"href":"https:\/\/www.europesays.com\/fr\/wp-json\/wp\/v2\/comments?post=227662"}],"version-history":[{"count":0,"href":"https:\/\/www.europesays.com\/fr\/wp-json\/wp\/v2\/posts\/227662\/revisions"}],"wp:featuredmedia":[{"embeddable":true,"href":"https:\/\/www.europesays.com\/fr\/wp-json\/wp\/v2\/media\/227663"}],"wp:attachment":[{"href":"https:\/\/www.europesays.com\/fr\/wp-json\/wp\/v2\/media?parent=227662"}],"wp:term":[{"taxonomy":"category","embeddable":true,"href":"https:\/\/www.europesays.com\/fr\/wp-json\/wp\/v2\/categories?post=227662"},{"taxonomy":"post_tag","embeddable":true,"href":"https:\/\/www.europesays.com\/fr\/wp-json\/wp\/v2\/tags?post=227662"}],"curies":[{"name":"wp","href":"https:\/\/api.w.org\/{rel}","templated":true}]}}