{"id":227664,"date":"2025-07-05T08:14:09","date_gmt":"2025-07-05T08:14:09","guid":{"rendered":"https:\/\/www.europesays.com\/fr\/227664\/"},"modified":"2025-07-05T08:14:09","modified_gmt":"2025-07-05T08:14:09","slug":"condamne-pour-avoir-menace-la-directrice-du-college-de-sa-fille-harcelee","status":"publish","type":"post","link":"https:\/\/www.europesays.com\/fr\/227664\/","title":{"rendered":"condamn\u00e9 pour avoir menac\u00e9 la directrice du coll\u00e8ge de sa fille harcel\u00e9e"},"content":{"rendered":"<p itemprop=\"description\"><strong>C&rsquo;est un homme d\u00e9j\u00e0 condamn\u00e9 \u00e0 plusieurs reprises et qui a un gros probl\u00e8me avec l&rsquo;alcool qui a \u00e9t\u00e9 jug\u00e9 par le tribunal correctionnel de Villefranche-sur-Sa\u00f4ne cette semaine.<\/strong><\/p>\n<p>Le 23 janvier dernier, ce quadrag\u00e9naire s&rsquo;\u00e9tait rendu au coll\u00e8ge de sa fille, harcel\u00e9e par des camarades.<\/p>\n<p>La veille, il s&rsquo;\u00e9tait d\u00e9j\u00e0 montr\u00e9 v\u00e9h\u00e9ment au t\u00e9l\u00e9phone avec la direction de l&rsquo;\u00e9tablissement. Arriv\u00e9 devant le coll\u00e8ge pour demander des comptes \u00e0 la directrice qu&rsquo;il accusait de laisser la situation de sa fille s&rsquo;envenimer, il l&rsquo;avait insult\u00e9e et menac\u00e9e, notamment en mimant un coup de fusil avec ses mains selon le Progr\u00e8s.<\/p>\n<p>Lors de la m\u00eame audience, il lui \u00e9tait \u00e9galement reproch\u00e9 d&rsquo;avoir injuri\u00e9 des policiers qui cherchaient \u00e0 lui faire quitter un restaurant McDonald&rsquo;s qui devait fermer ses portes. L\u00e0 encore, il \u00e9tait ivre.<\/p>\n<p>Le Caladois a partiellement reconnu les faits reproch\u00e9s face aux juges.<\/p>\n<p>Il a \u00e9cop\u00e9 de 4 mois de prison ferme, qu&rsquo;il effectuera sous bracelet \u00e9lectronique. Outre son amende de 500 euros, il a d\u00e9sormais l&rsquo;interdiction de se rendre devant le coll\u00e8ge de sa fille harcel\u00e9e.<\/p>\n","protected":false},"excerpt":{"rendered":"C&rsquo;est un homme d\u00e9j\u00e0 condamn\u00e9 \u00e0 plusieurs reprises et qui a un gros probl\u00e8me avec l&rsquo;alcool qui a&hellip;\n","protected":false},"author":2,"featured_media":227665,"comment_status":"","ping_status":"","sticky":false,"template":"","format":"standard","meta":{"footnotes":""},"categories":[1889],"tags":[1111,11,2813,2190,2430,1109,251,1112,2811,1777,674,118,1011,27,1922,1110,1114,2428,2810,12,241,316,25,2812,517,800],"class_list":{"0":"post-227664","1":"post","2":"type-post","3":"status-publish","4":"format-standard","5":"has-post-thumbnail","7":"category-lyon","8":"tag-actu","9":"tag-actualites","10":"tag-article","11":"tag-asvel","12":"tag-auvergne-rhone-alpes","13":"tag-breves","14":"tag-culture","15":"tag-depeches","16":"tag-economique","17":"tag-eu","18":"tag-europe","19":"tag-faits-divers","20":"tag-fr","21":"tag-france","22":"tag-info","23":"tag-informations","24":"tag-infos","25":"tag-lyon","26":"tag-lyonmag","27":"tag-news","28":"tag-ol","29":"tag-politique","30":"tag-republique-francaise","31":"tag-sociale","32":"tag-sport","33":"tag-transports"},"share_on_mastodon":{"url":"https:\/\/pubeurope.com\/@fr\/114799631792670749","error":""},"_links":{"self":[{"href":"https:\/\/www.europesays.com\/fr\/wp-json\/wp\/v2\/posts\/227664","targetHints":{"allow":["GET"]}}],"collection":[{"href":"https:\/\/www.europesays.com\/fr\/wp-json\/wp\/v2\/posts"}],"about":[{"href":"https:\/\/www.europesays.com\/fr\/wp-json\/wp\/v2\/types\/post"}],"author":[{"embeddable":true,"href":"https:\/\/www.europesays.com\/fr\/wp-json\/wp\/v2\/users\/2"}],"replies":[{"embeddable":true,"href":"https:\/\/www.europesays.com\/fr\/wp-json\/wp\/v2\/comments?post=227664"}],"version-history":[{"count":0,"href":"https:\/\/www.europesays.com\/fr\/wp-json\/wp\/v2\/posts\/227664\/revisions"}],"wp:featuredmedia":[{"embeddable":true,"href":"https:\/\/www.europesays.com\/fr\/wp-json\/wp\/v2\/media\/227665"}],"wp:attachment":[{"href":"https:\/\/www.europesays.com\/fr\/wp-json\/wp\/v2\/media?parent=227664"}],"wp:term":[{"taxonomy":"category","embeddable":true,"href":"https:\/\/www.europesays.com\/fr\/wp-json\/wp\/v2\/categories?post=227664"},{"taxonomy":"post_tag","embeddable":true,"href":"https:\/\/www.europesays.com\/fr\/wp-json\/wp\/v2\/tags?post=227664"}],"curies":[{"name":"wp","href":"https:\/\/api.w.org\/{rel}","templated":true}]}}