{"id":227677,"date":"2025-07-05T08:22:11","date_gmt":"2025-07-05T08:22:11","guid":{"rendered":"https:\/\/www.europesays.com\/fr\/227677\/"},"modified":"2025-07-05T08:22:11","modified_gmt":"2025-07-05T08:22:11","slug":"en-direct-guerre-en-ukraine-poutine-veut-juste-continuer-a-tuer-des-gens-sexaspere-trump","status":"publish","type":"post","link":"https:\/\/www.europesays.com\/fr\/227677\/","title":{"rendered":"EN DIRECT &#8211; Guerre en Ukraine : Poutine \u00ab\u00a0veut juste continuer \u00e0 tuer des gens\u00a0\u00bb, s&rsquo;exasp\u00e8re Trump"},"content":{"rendered":"<ul class=\"jsx-862013697 ArticleChapo__List\">\n<li class=\"jsx-862013697 ArticleChapo__List_Item flex\">Le pr\u00e9sident ukrainien s&rsquo;est de nouveau dit \u00ab\u00a0tr\u00e8s m\u00e9content\u00a0\u00bb vendredi de son dernier \u00e9change t\u00e9l\u00e9phonique avec Vladimir Poutine.<\/li>\n<li class=\"jsx-862013697 ArticleChapo__List_Item flex\">\u00ab\u00a0C&rsquo;est une situation tr\u00e8s difficile\u00a0\u00bb, estime-t-il.<\/li>\n<li class=\"jsx-862013697 ArticleChapo__List_Item flex\">Suivez les derni\u00e8res informations.<\/li>\n<\/ul>\n<p><a href=\"https:\/\/www.tf1info.fr\/actualite\/invasion-de-l-ukraine-par-la-russie-une-guerre-qui-dure-12951\/\" rel=\"noopener\" class=\"jsx-484472199 Link jsx-1428418400 jsx-554215408\" target=\"_blank\"><\/p>\n<p style=\"font-weight:400\" class=\"jsx-1837267516\">Suivez la couverture compl\u00e8te<\/p>\n<p style=\"font-weight:800\" class=\"jsx-1837267516\">Ukraine : 4\u1d49 ann\u00e9e de guerre<\/p>\n<p><\/a>Minute par minuteLES PERTES DE CES DERNI\u00c8RES 24H09:52<\/p>\n<p>En 24 heures, 1.050 soldats russes sont morts au combat selon l&rsquo;arm\u00e9e ukrainienne. 2 tanks et 56 syst\u00e8mes d&rsquo;artillerie ont aussi \u00e9t\u00e9 d\u00e9truits.<\/p>\n<blockquote data-testid=\"EmbedTwitter\" id=\"tweet-1941402701457392109-:Rsokqqb6ij9n79m:\" class=\"jsx-aeff1a1c40f54d7a twitter-tweet flex justify-center items-center\"><p>\u00ab\u00a0What then is freedom? The power to live as one wishes.\u00a0\u00bb Marcus Tullius Cicero The combat losses of the enemy from February 24, 2022 to July 5, 2025.  pic.twitter.com\/97PigZXgCx \u2014 Defense of Ukraine (@DefenceU)  July 5, 2025<\/p><\/blockquote>\n<p>UN \u00ab\u00a0APPEL TR\u00c8S STRAT\u00c9GIQUE\u00a0\u00bb07:46<\/p>\n<p>Donald Trump a expliqu\u00e9 qu&rsquo;il avait eu un \u00ab\u00a0appel tr\u00e8s strat\u00e9gique\u00a0\u00bb avec Volodymyr Zelensky vendredi, alors que les inqui\u00e9tudes grandissent \u00e0 Kiev concernant les livraisons d&rsquo;aide militaire am\u00e9ricaine.<\/p>\n<p>Le pr\u00e9sident ukrainien a indiqu\u00e9 que les deux dirigeants s&rsquo;\u00e9taient mis d&rsquo;accord pour travailler \u00e0 \u00ab\u00a0renforcer\u00a0\u00bb les d\u00e9fenses a\u00e9riennes de l&rsquo;Ukraine, apr\u00e8s la plus grande attaque de drones et de missiles subie par l&rsquo;Ukraine depuis le d\u00e9but de l&rsquo;invasion russe vendredi.\u00a0<\/p>\n<p>Donald Trump a d\u00e9clar\u00e9 avoir \u00e9galement discut\u00e9 de l&rsquo;envoi de syst\u00e8mes de d\u00e9fense a\u00e9rienne Patriot en Ukraine lors d&rsquo;un appel distinct avec le chancelier allemand Friedrich Merz vendredi, m\u00eame s&rsquo;il n&rsquo;avait pas d\u00e9cid\u00e9 encore de fournir cet \u00e9quipement cl\u00e9. Ce dernier \u00ab\u00a0estime qu&rsquo;ils doivent \u00eatre prot\u00e9g\u00e9s\u00a0\u00bb, a d\u00e9clar\u00e9 Trump en r\u00e9f\u00e9rence \u00e0 l&rsquo;Ukraine.<\/p>\n<p>TRUMP \u00ab\u00a0TR\u00c8S M\u00c9CONTENT\u00a0\u00bb07:38<\/p>\n<p>Le pr\u00e9sident am\u00e9ricain Donald Trump se dit \u00ab\u00a0tr\u00e8s m\u00e9content\u00a0\u00bb de son appel t\u00e9l\u00e9phonique vendredi avec Vladimir Poutine, qui n&rsquo;a pas permis de progr\u00e8s vers une fin de la guerre en Ukraine. \u00ab\u00a0C&rsquo;est une situation tr\u00e8s difficile. Je vous ai dit que j&rsquo;\u00e9tais tr\u00e8s m\u00e9content de ma conversation avec le pr\u00e9sident Poutine. Il veut aller jusqu&rsquo;au bout, juste continuer de tuer des gens, ce n&rsquo;est pas bien\u00a0\u00bb, a affirm\u00e9 le pr\u00e9sident am\u00e9ricain \u00e0 la presse \u00e0 bord d&rsquo;Air Force One.<\/p>\n<p>Il a \u00e9galement laiss\u00e9 entendre qu&rsquo;il pourrait \u00eatre pr\u00eat \u00e0 durcir les sanctions contre la Russie, apr\u00e8s avoir \u00e9vit\u00e9 pendant ces six derniers mois d&rsquo;y recourir alors qu&rsquo;il tentait de persuader son homologue russe de mettre fin \u00e0 la guerre. \u00ab\u00a0Nous parlons beaucoup des sanctions\u00a0\u00bb, a d\u00e9clar\u00e9 Donald Trump \u00e0 propos de ses conversations avec Vladimir Poutine. \u00ab\u00a0Il comprend que cela pourrait arriver.\u00a0\u00bb<\/p>\n<p>BIENVENUE07:21<\/p>\n<p>Bonjour et bienvenue dans ce live, nous allons suivre ensemble les derni\u00e8res actualit\u00e9s sur la guerre entre la Russie et l&rsquo;Ukraine, ce samedi 5 juillet 2025.\u00a0<\/p>\n<p data-module=\"article-paragraph\" class=\"jsx-3046738180 Paragraph\">Le pr\u00e9sident am\u00e9ricain Donald Trump s&rsquo;est dit vendredi \u00ab\u00a0tr\u00e8s m\u00e9content\u00a0\u00bb de son <a href=\"https:\/\/www.tf1info.fr\/international\/ukraine-proche-orient-ce-qu-ont-dit-poutine-et-trump-lors-de-leur-nouvel-entretien-2380787.html\" target=\"_blank\" rel=\"noopener\">appel t\u00e9l\u00e9phonique la veille avec Vladimir Poutine<\/a>, qui n&rsquo;a pas apport\u00e9 de progr\u00e8s pour parvenir \u00e0 mettre fin \u00e0 la guerre en Ukraine, estimant que son homologue russe voulait \u00ab\u00a0juste continuer \u00e0 tuer des gens\u00a0\u00bb.<\/p>\n<p data-module=\"article-paragraph\" class=\"jsx-3046738180 Paragraph Paragraph__End\">\u00ab\u00a0C&rsquo;est une situation tr\u00e8s difficile. Je vous ai dit que j&rsquo;\u00e9tais tr\u00e8s m\u00e9content de ma conversation avec le pr\u00e9sident Poutine. Il veut aller jusqu&rsquo;au bout, juste continuer de tuer des gens, ce n&rsquo;est pas bien\u00a0\u00bb, a affirm\u00e9 M. Trump \u00e0 la presse \u00e0 bord d&rsquo;Air Force One.<\/p>\n<p data-module=\"article-paragraph\" class=\"jsx-3046738180 Paragraph\">Preuve de l&rsquo;impasse dans laquelle se trouvent les pourparlers de paix malgr\u00e9 leur reprise en mai, <a href=\"https:\/\/www.tf1info.fr\/international\/direct-guerre-ukraine-russie-poutine-zelensky-trump-reconnait-n-avoir-fait-aucun-progresles-dernieres-informations-aujourd-hui-4-juillet-2025-2380865.html\" target=\"_blank\" rel=\"noopener\">le pr\u00e9sident am\u00e9ricain avait avou\u00e9 jeudi n&rsquo;avoir fait \u00ab\u00a0aucun progr\u00e8s\u00a0\u00bb<\/a> pendant son entretien avec M. Poutine. Vladimir Poutine exige toujours que l&rsquo;Ukraine c\u00e8de quatre r\u00e9gions, en plus de la Crim\u00e9e annex\u00e9e en 2014, et qu&rsquo;elle renonce \u00e0 rejoindre l&rsquo;Otan. Moscou \u00ab\u00a0ne renoncera pas\u00a0\u00bb \u00e0 atteindre ces objectifs, a r\u00e9p\u00e9t\u00e9 \u00e0 Donald Trump le pr\u00e9sident russe.<\/p>\n<p data-module=\"article-paragraph\" class=\"jsx-3046738180 Paragraph Paragraph__End\">Des conditions inacceptables pour l&rsquo;Ukraine, qui demande le retrait des troupes russes. Le pr\u00e9sident ukrainien Volodymyr Zelensky a affirm\u00e9 vendredi \u00eatre convenu, lors d&rsquo;une conversation t\u00e9l\u00e9phonique avec son homologue am\u00e9ricain Donald Trump, de \u00ab\u00a0renforcer la protection\u00a0\u00bb du ciel ukrainien apr\u00e8s une nouvelle attaque massive de drones et de missiles russes sur l&rsquo;Ukraine.<\/p>\n<p><a href=\"https:\/\/www.tf1info.fr\/international\/guerre-russie-ukraine-defense-antiaerienne-voici-la-teneur-des-echanges-entre-trump-et-zelensky-2381027.html\" rel=\"noopener\" class=\"jsx-3308031228 Link flex\" target=\"_blank\"><img decoding=\"async\" src=\"https:\/\/www.europesays.com\/fr\/wp-content\/uploads\/2025\/07\/trump-zelensky-1-1ee542-1@1x.jpeg\" alt=\"AFP\" loading=\"lazy\" importance=\"low\" fetchpriority=\"low\" class=\"\" aria-hidden=\"true\"\/><\/p>\n<p class=\"jsx-3657663356 ReadMoreArticle__Title\">Lire aussi<\/p>\n<p class=\"jsx-3657663356\">D\u00e9fense antia\u00e9rienne en Ukraine : voici la teneur des \u00e9changes entre Trump et Zelensky<\/p>\n<p><\/a><\/p>\n<p data-module=\"article-paragraph\" class=\"jsx-3046738180 Paragraph Paragraph__End\">\u00ab\u00a0Nous avons \u00e9voqu\u00e9 les possibilit\u00e9s en mati\u00e8re de d\u00e9fense antia\u00e9rienne et sommes convenus de travailler ensemble pour renforcer la protection de notre espace a\u00e9rien\u00a0\u00bb, a d\u00e9clar\u00e9 M. Zelensky sur Telegram, \u00e9voquant une \u00ab\u00a0conversation approfondie\u00a0\u00bb.<\/p>\n<p>La r\u00e9daction de TF1info<\/p>\n<p><script async src=\"https:\/\/platform.twitter.com\/widgets.js\" charset=\"utf-8\"><\/script><\/p>\n","protected":false},"excerpt":{"rendered":"Le pr\u00e9sident ukrainien s&rsquo;est de nouveau dit \u00ab\u00a0tr\u00e8s m\u00e9content\u00a0\u00bb vendredi de son dernier \u00e9change t\u00e9l\u00e9phonique avec Vladimir Poutine.&hellip;\n","protected":false},"author":2,"featured_media":227678,"comment_status":"","ping_status":"","sticky":false,"template":"","format":"standard","meta":{"footnotes":""},"categories":[1591],"tags":[1111,11,1921,75,73,1887,28083,1922,1916,12,1885,1886,132,220,1917,133,1920,135,134],"class_list":{"0":"post-227677","1":"post","2":"type-post","3":"status-publish","4":"format-standard","5":"has-post-thumbnail","7":"category-russie","8":"tag-actu","9":"tag-actualites","10":"tag-article-video","11":"tag-donald-trump","12":"tag-etats-unis","13":"tag-federation-de-russie","14":"tag-guerre-en-ukraine-une-treve-sera-t-elle-possible","15":"tag-info","16":"tag-moscou","17":"tag-news","18":"tag-russia","19":"tag-russian-federation","20":"tag-russie","21":"tag-ukraine","22":"tag-ukraine-4-annee-de-guerre","23":"tag-video","24":"tag-video-international","25":"tag-vladimir-poutine","26":"tag-volodymyr-zelensky"},"share_on_mastodon":{"url":"https:\/\/pubeurope.com\/@fr\/114799663569228677","error":""},"_links":{"self":[{"href":"https:\/\/www.europesays.com\/fr\/wp-json\/wp\/v2\/posts\/227677","targetHints":{"allow":["GET"]}}],"collection":[{"href":"https:\/\/www.europesays.com\/fr\/wp-json\/wp\/v2\/posts"}],"about":[{"href":"https:\/\/www.europesays.com\/fr\/wp-json\/wp\/v2\/types\/post"}],"author":[{"embeddable":true,"href":"https:\/\/www.europesays.com\/fr\/wp-json\/wp\/v2\/users\/2"}],"replies":[{"embeddable":true,"href":"https:\/\/www.europesays.com\/fr\/wp-json\/wp\/v2\/comments?post=227677"}],"version-history":[{"count":0,"href":"https:\/\/www.europesays.com\/fr\/wp-json\/wp\/v2\/posts\/227677\/revisions"}],"wp:featuredmedia":[{"embeddable":true,"href":"https:\/\/www.europesays.com\/fr\/wp-json\/wp\/v2\/media\/227678"}],"wp:attachment":[{"href":"https:\/\/www.europesays.com\/fr\/wp-json\/wp\/v2\/media?parent=227677"}],"wp:term":[{"taxonomy":"category","embeddable":true,"href":"https:\/\/www.europesays.com\/fr\/wp-json\/wp\/v2\/categories?post=227677"},{"taxonomy":"post_tag","embeddable":true,"href":"https:\/\/www.europesays.com\/fr\/wp-json\/wp\/v2\/tags?post=227677"}],"curies":[{"name":"wp","href":"https:\/\/api.w.org\/{rel}","templated":true}]}}