{"id":227679,"date":"2025-07-05T08:23:10","date_gmt":"2025-07-05T08:23:10","guid":{"rendered":"https:\/\/www.europesays.com\/fr\/227679\/"},"modified":"2025-07-05T08:23:10","modified_gmt":"2025-07-05T08:23:10","slug":"tres-mecontent-de-son-appel-avec-poutine-trump-evoque-des-sanctions","status":"publish","type":"post","link":"https:\/\/www.europesays.com\/fr\/227679\/","title":{"rendered":"\u00ab\u00a0Tr\u00e8s m\u00e9content\u00a0\u00bb de son appel avec Poutine, Trump \u00e9voque des sanctions"},"content":{"rendered":"<p><a href=\"https:\/\/www.20minutes.fr\/dossier\/donald_trump\" class=\"color-ultramarine c-link\" target=\"_blank\" rel=\"noopener\">Donald Trump<\/a> s\u2019est entretenu avec son homologue russe <a href=\"https:\/\/www.20minutes.fr\/monde\/vladimir_poutine\/\" class=\"color-ultramarine c-link\" target=\"_blank\" rel=\"noopener\">Vladimir Poutine<\/a>. Mais, \u00e0 l&rsquo;issue de cette discussion, le pr\u00e9sident des <a href=\"https:\/\/www.20minutes.fr\/monde\/etats-unis\/\" class=\"color-ultramarine c-link\" target=\"_blank\" rel=\"noopener\">Etats-Unis<\/a> s\u2019est dit \u00ab\u00a0tr\u00e8s m\u00e9content\u00a0\u00bb. Il a \u00e9voqu\u00e9 vendredi la possibilit\u00e9 de nouvelles sanctions contre la <a href=\"https:\/\/www.20minutes.fr\/monde\/russie\/\" class=\"color-ultramarine c-link\" target=\"_blank\" rel=\"noopener\">Russie <\/a>en l\u2019absence de progr\u00e8s vers une fin de la <a href=\"https:\/\/www.20minutes.fr\/monde\/ukraine\/\" class=\"color-ultramarine c-link\" target=\"_blank\" rel=\"noopener\">guerre en Ukraine<\/a>.<\/p>\n<p>\u00ab\u00a0C\u2019est une situation tr\u00e8s difficile. Je vous ai dit que j\u2019\u00e9tais tr\u00e8s m\u00e9content de ma conversation avec le pr\u00e9sident Poutine. Il veut aller jusqu\u2019au bout, juste continuer de tuer des gens, ce n\u2019est pas bien\u00a0\u00bb, a affirm\u00e9 Donald Trump \u00e0 la presse \u00e0 bord d\u2019Air Force One vendredi, au lendemain de l\u2019appel entre les deux hommes qui n\u2019a pas permis d\u2019avanc\u00e9e.<\/p>\n<p>Renforcer le ciel de l\u2019Ukraine<\/p>\n<p>De son c\u00f4t\u00e9, le Kremlin a estim\u00e9 qu\u2019il n\u2019\u00e9tait \u00ab\u00a0pas possible\u00a0\u00bb pour l\u2019instant d&rsquo;\u00ab\u00a0atteindre\u00a0\u00bb ses objectifs en Ukraine par la voie diplomatique, sous-entendant ainsi une poursuite <a href=\"https:\/\/www.20minutes.fr\/monde\/ukraine\/4161532-20250704-guerre-ukraine-2025-vraiment-celui-tous-dangers-kiev\" class=\"color-ultramarine c-link\" target=\"_blank\" rel=\"noopener\">des combats et des attaques face \u00e0 un adversaire en difficult\u00e9 sur le front<\/a>. Le pr\u00e9sident ukrainien <a href=\"https:\/\/www.20minutes.fr\/monde\/volodymyr-zelensky\/\" class=\"color-ultramarine c-link\" target=\"_blank\" rel=\"noopener\">Volodymyr Zelensky<\/a> a pour sa part affirm\u00e9 s\u2019\u00eatre mis d\u2019accord avec Donald Trump sur la n\u00e9cessit\u00e9 de \u00ab\u00a0renforcer la protection\u00a0\u00bb du ciel de son pays, apr\u00e8s l\u2019attaque russe de drones la plus importante depuis le d\u00e9but de l\u2019invasion en f\u00e9vrier\u00a02022.<\/p>\n<p>Donald Trump a \u00e9voqu\u00e9 un \u00ab\u00a0appel tr\u00e8s strat\u00e9gique\u00a0\u00bb avec le pr\u00e9sident ukrainien Volodymyr Zelensky vendredi, alors que les inqui\u00e9tudes grandissent \u00e0 Kiev concernant les livraisons d\u2019aide militaire am\u00e9ricaine. Son homologue ukrainien a \u00e9voqu\u00e9 une discussion \u00ab\u00a0approfondie\u00a0\u00bb au cours de laquelle les deux dirigeants se sont mis d\u2019accord pour travailler \u00e0 \u00ab\u00a0renforcer\u00a0\u00bb les d\u00e9fenses a\u00e9riennes de l\u2019Ukraine, apr\u00e8s la plus grande attaque de drones et de missiles subie par l\u2019Ukraine depuis le d\u00e9but de l\u2019invasion russe vendredi.<\/p>\n<p>Donald Trump a expliqu\u00e9 avoir \u00e9galement discut\u00e9 de l\u2019envoi de syst\u00e8mes de d\u00e9fense a\u00e9rienne Patriot en Ukraine lors d\u2019un appel distinct avec le chancelier allemand vendredi, m\u00eame s\u2019il n\u2019avait pas d\u00e9cid\u00e9 encore de fournir cet \u00e9quipement clef.<\/p>\n<\/p>\n<p>\u00ab\u00a0Aucun progr\u00e8s\u00a0\u00bb<\/p>\n<p>Cette s\u00e9rie d\u2019\u00e9changes du pr\u00e9sident am\u00e9ricain intervient \u00e0 un moment o\u00f9 les villes d\u2019Ukraine continuent de subir les frappes russes face au manque de syst\u00e8mes de d\u00e9fense antia\u00e9rienne pour couvrir efficacement l\u2019ensemble du territoire. Preuve de l\u2019impasse dans laquelle se trouvent les pourparlers de paix malgr\u00e9 leur reprise en mai, Donald Trump avait d\u00e9j\u00e0 avou\u00e9 jeudi n\u2019avoir fait \u00ab\u00a0aucun progr\u00e8s\u00a0\u00bb pendant son entretien avec Vladimir Poutine.<\/p>\n<p><a href=\"https:\/\/www.20minutes.fr\/monde\/ukraine\/\" class=\"c-link c-btn c-btn--primary\" target=\"_blank\" rel=\"noopener\">Notre dossier sur la guerre en Ukraine<\/a><\/p>\n<p>Le troisi\u00e8me cycle de pourparlers directs entre Russes et Ukrainiens n\u2019a d\u2019ailleurs toujours pas \u00e9t\u00e9 annonc\u00e9, un mois apr\u00e8s une derni\u00e8re r\u00e9union peu fructueuse en Turquie. <a href=\"https:\/\/www.20minutes.fr\/monde\/moscou\/\" class=\"color-ultramarine c-link\" target=\"_blank\" rel=\"noopener\">Moscou<\/a> \u00ab\u00a0ne renoncera pas\u00a0\u00bb \u00e0 atteindre ces objectifs, a r\u00e9p\u00e9t\u00e9 \u00e0 Donald Trump le pr\u00e9sident <a href=\"https:\/\/www.20minutes.fr\/dossier\/russe\" class=\"color-ultramarine c-link\" target=\"_blank\" rel=\"noopener\">russe<\/a>. \u00ab\u00a0Tant que cela ne semble pas possible, nous poursuivons l\u2019op\u00e9ration militaire sp\u00e9ciale\u00a0\u00bb en Ukraine, a ajout\u00e9 vendredi le porte-parole du <a href=\"https:\/\/www.20minutes.fr\/dossier\/kremlin\" class=\"color-ultramarine c-link\" target=\"_blank\" rel=\"noopener\">Kremlin<\/a>, Dmitri Peskov.<\/p>\n","protected":false},"excerpt":{"rendered":"Donald Trump s\u2019est entretenu avec son homologue russe Vladimir Poutine. Mais, \u00e0 l&rsquo;issue de cette discussion, le pr\u00e9sident&hellip;\n","protected":false},"author":2,"featured_media":227680,"comment_status":"","ping_status":"","sticky":false,"template":"","format":"standard","meta":{"footnotes":""},"categories":[1590],"tags":[47,11,75,1777,674,131,74,12,132,220,135,134],"class_list":{"0":"post-227679","1":"post","2":"type-post","3":"status-publish","4":"format-standard","5":"has-post-thumbnail","7":"category-ukraine","8":"tag-actualite","9":"tag-actualites","10":"tag-donald-trump","11":"tag-eu","12":"tag-europe","13":"tag-guerre-en-ukraine","14":"tag-monde","15":"tag-news","16":"tag-russie","17":"tag-ukraine","18":"tag-vladimir-poutine","19":"tag-volodymyr-zelensky"},"share_on_mastodon":{"url":"https:\/\/pubeurope.com\/@fr\/114799667578617104","error":""},"_links":{"self":[{"href":"https:\/\/www.europesays.com\/fr\/wp-json\/wp\/v2\/posts\/227679","targetHints":{"allow":["GET"]}}],"collection":[{"href":"https:\/\/www.europesays.com\/fr\/wp-json\/wp\/v2\/posts"}],"about":[{"href":"https:\/\/www.europesays.com\/fr\/wp-json\/wp\/v2\/types\/post"}],"author":[{"embeddable":true,"href":"https:\/\/www.europesays.com\/fr\/wp-json\/wp\/v2\/users\/2"}],"replies":[{"embeddable":true,"href":"https:\/\/www.europesays.com\/fr\/wp-json\/wp\/v2\/comments?post=227679"}],"version-history":[{"count":0,"href":"https:\/\/www.europesays.com\/fr\/wp-json\/wp\/v2\/posts\/227679\/revisions"}],"wp:featuredmedia":[{"embeddable":true,"href":"https:\/\/www.europesays.com\/fr\/wp-json\/wp\/v2\/media\/227680"}],"wp:attachment":[{"href":"https:\/\/www.europesays.com\/fr\/wp-json\/wp\/v2\/media?parent=227679"}],"wp:term":[{"taxonomy":"category","embeddable":true,"href":"https:\/\/www.europesays.com\/fr\/wp-json\/wp\/v2\/categories?post=227679"},{"taxonomy":"post_tag","embeddable":true,"href":"https:\/\/www.europesays.com\/fr\/wp-json\/wp\/v2\/tags?post=227679"}],"curies":[{"name":"wp","href":"https:\/\/api.w.org\/{rel}","templated":true}]}}