{"id":227683,"date":"2025-07-05T08:25:13","date_gmt":"2025-07-05T08:25:13","guid":{"rendered":"https:\/\/www.europesays.com\/fr\/227683\/"},"modified":"2025-07-05T08:25:13","modified_gmt":"2025-07-05T08:25:13","slug":"emmanuel-macron-sadressera-mardi-au-parlement","status":"publish","type":"post","link":"https:\/\/www.europesays.com\/fr\/227683\/","title":{"rendered":"Emmanuel Macron s\u2019adressera mardi au Parlement"},"content":{"rendered":"<p>Le pr\u00e9sident fran\u00e7ais effectue une visite d\u2019\u00c9tat qui durera trois jours, et qui donnera aussi lieu \u00e0 un sommet franco-britannique, a annonc\u00e9 vendredi le palais de Buckingham.<\/p>\n<p class=\"fig-paragraph\"><a href=\"http:\/\/www.lefigaro.fr\/international\/comment-emmanuel-macron-tente-de-reimposer-l-europe-dans-les-dossiers-iraniens-et-ukrainiens-20250702\" target=\"_blank\" data-fig-type=\"Article\" rel=\"noopener nofollow\" data-gtm-custom-categorie=\"navigation\" data-gtm-custom-action=\"crossclick\" data-gtm-custom-label=\"Contextuel\" data-gtm-event=\"customEventSPE\" data-fig-domain=\"LEFIGARO\">Emmanuel Macron<\/a>\u00a0et son \u00e9pouse Brigitte arriveront mardi 8 juillet \u00e0 la base a\u00e9rienne de Northolt, \u00e0 l\u2019ouest de Londres. Ils seront accueillis par le\u00a0<a href=\"https:\/\/www.lefigaro.fr\/tag\/prince-william\" target=\"_blank\" rel=\"noopener nofollow\" data-gtm-custom-categorie=\"navigation\" data-gtm-custom-action=\"crossclick\" data-gtm-custom-label=\"Contextuel\" data-gtm-event=\"customEventSPE\">prince William<\/a>\u00a0et son \u00e9pouse\u00a0<a href=\"https:\/\/madame.lefigaro.fr\/tag\/kate-middleton\" target=\"_blank\" rel=\"noopener nofollow\" data-gtm-custom-categorie=\"navigation\" data-gtm-custom-action=\"crossclick\" data-gtm-custom-label=\"Contextuel\" data-gtm-event=\"customEventSPE\">Kate<\/a>. Ils se rendront ensemble au ch\u00e2teau de Windsor, \u00e9galement \u00e0 l\u2019ouest de la capitale britannique, o\u00f9 ils retrouveront le\u00a0<a href=\"http:\/\/www.lefigaro.fr\/flash-actu\/charles-iii-au-canada-l-autodetermination-est-une-valeur-chere-aux-canadiens-assure-le-roi-au-parlement-20250527\" target=\"_blank\" data-fig-type=\"NewsFlash\" rel=\"noopener nofollow\" data-gtm-custom-categorie=\"navigation\" data-gtm-custom-action=\"crossclick\" data-gtm-custom-label=\"Contextuel\" data-gtm-event=\"customEventSPE\" data-fig-domain=\"LEFIGARO\">roi Charles III<\/a>\u00a0et la reine Camilla et o\u00f9 ils s\u00e9journeront.<\/p>\n<p class=\"fig-paragraph\">Le pr\u00e9sident fran\u00e7ais et son \u00e9pouse visiteront mardi le Palais de Westminster \u00e0 Londres, o\u00f9 Emmanuel Macron \u00abs\u2019adressera aux parlementaires dans la Galerie royale\u00bb et rencontrera des d\u00e9put\u00e9s et des Lords, a indiqu\u00e9 le palais de Buckingham dans un communiqu\u00e9. Sera ensuite donn\u00e9 un banquet d\u2019\u00c9tat, o\u00f9 le roi et le pr\u00e9sident prononceront un discours.<\/p>\n<p>                                    <a class=\"fig-a11y-skip a11y-hidden\" href=\"#fig-a11y-skip-main-inarticle\"><br \/>\n        Passer la publicit\u00e9<br \/>\n    <\/a><\/p>\n<p class=\"fig-paragraph\">Le lendemain, Emmanuel Macron d\u00e9posera des fleurs sur la tombe de la reine Elizabeth II, d\u00e9c\u00e9d\u00e9e en septembre 2022, \u00e0 la chapelle St George du ch\u00e2teau de Windsor.<\/p>\n<p>Un r\u00e9chauffement des relations franco-britanniques<\/p>\n<p class=\"fig-paragraph\">La derni\u00e8re visite d\u2019\u00c9tat d\u2019un pr\u00e9sident fran\u00e7ais au Royaume-Uni remonte \u00e0 2008\u00a0:\u00a0<a href=\"https:\/\/www.lefigaro.fr\/tag\/nicolas-sarkozy\" target=\"_blank\" rel=\"noopener nofollow\" data-gtm-custom-categorie=\"navigation\" data-gtm-custom-action=\"crossclick\" data-gtm-custom-label=\"Contextuel\" data-gtm-event=\"customEventSPE\">Nicolas Sarkozy<\/a>\u00a0et son \u00e9pouse Carla avaient alors \u00e9t\u00e9 re\u00e7us par Elizabeth II. Nicolas Sarkozy avait lui aussi eu le rare privil\u00e8ge de s\u2019exprimer devant les Chambres des Communes et des Lords \u00e0 Westminster.<\/p>\n<p class=\"fig-paragraph\">Re\u00e7u en grande pompe \u00e0 Versailles en septembre 2023, le roi avait enjoint Fran\u00e7ais et Britanniques \u00e0 \u00abrevigorer leur amiti\u00e9\u00bb, ternie par la sortie du Royaume-Uni de l\u2019Union europ\u00e9enne. Les relations entre la France et le Royaume-Uni se sont consid\u00e9rablement r\u00e9chauff\u00e9es apr\u00e8s les ann\u00e9es de tension li\u00e9es au Brexit et se sont encore renforc\u00e9es avec l\u2019arriv\u00e9e au pouvoir en juillet 2024 du travailliste\u00a0<a href=\"https:\/\/www.lefigaro.fr\/tag\/keir-starmer\" target=\"_blank\" rel=\"noopener nofollow\" data-gtm-custom-categorie=\"navigation\" data-gtm-custom-action=\"crossclick\" data-gtm-custom-label=\"Contextuel\" data-gtm-event=\"customEventSPE\">Keir Starmer<\/a>.<\/p>\n<p class=\"fig-paragraph\">Le sommet franco-britannique aura lieu jeudi \u00e0 Downing Street, la r\u00e9sidence du premier ministre britannique.<\/p>\n","protected":false},"excerpt":{"rendered":"Le pr\u00e9sident fran\u00e7ais effectue une visite d\u2019\u00c9tat qui durera trois jours, et qui donnera aussi lieu \u00e0 un&hellip;\n","protected":false},"author":2,"featured_media":227684,"comment_status":"","ping_status":"","sticky":false,"template":"","format":"standard","meta":{"footnotes":""},"categories":[1588],"tags":[11,426,427,422,423,1777,674,418,424,425,420,421,12,419,316,429,473,1853,1851,428,1850,1852],"class_list":{"0":"post-227683","1":"post","2":"type-post","3":"status-publish","4":"format-standard","5":"has-post-thumbnail","7":"category-royaume-uni","8":"tag-actualites","9":"tag-candidat","10":"tag-candidats","11":"tag-depute","12":"tag-deputes","13":"tag-eu","14":"tag-europe","15":"tag-gouvernement","16":"tag-institution","17":"tag-institutions","18":"tag-loi","19":"tag-lois","20":"tag-news","21":"tag-opposition","22":"tag-politique","23":"tag-ps","24":"tag-royaume-uni","25":"tag-royaume-uni-de-grande-bretagne-et-dirlande-du-nord","26":"tag-uk","27":"tag-ump","28":"tag-united-kingdom","29":"tag-united-kingdom-of-great-britain-and-northern-ireland"},"share_on_mastodon":{"url":"https:\/\/pubeurope.com\/@fr\/114799675015424410","error":""},"_links":{"self":[{"href":"https:\/\/www.europesays.com\/fr\/wp-json\/wp\/v2\/posts\/227683","targetHints":{"allow":["GET"]}}],"collection":[{"href":"https:\/\/www.europesays.com\/fr\/wp-json\/wp\/v2\/posts"}],"about":[{"href":"https:\/\/www.europesays.com\/fr\/wp-json\/wp\/v2\/types\/post"}],"author":[{"embeddable":true,"href":"https:\/\/www.europesays.com\/fr\/wp-json\/wp\/v2\/users\/2"}],"replies":[{"embeddable":true,"href":"https:\/\/www.europesays.com\/fr\/wp-json\/wp\/v2\/comments?post=227683"}],"version-history":[{"count":0,"href":"https:\/\/www.europesays.com\/fr\/wp-json\/wp\/v2\/posts\/227683\/revisions"}],"wp:featuredmedia":[{"embeddable":true,"href":"https:\/\/www.europesays.com\/fr\/wp-json\/wp\/v2\/media\/227684"}],"wp:attachment":[{"href":"https:\/\/www.europesays.com\/fr\/wp-json\/wp\/v2\/media?parent=227683"}],"wp:term":[{"taxonomy":"category","embeddable":true,"href":"https:\/\/www.europesays.com\/fr\/wp-json\/wp\/v2\/categories?post=227683"},{"taxonomy":"post_tag","embeddable":true,"href":"https:\/\/www.europesays.com\/fr\/wp-json\/wp\/v2\/tags?post=227683"}],"curies":[{"name":"wp","href":"https:\/\/api.w.org\/{rel}","templated":true}]}}