{"id":227713,"date":"2025-07-05T08:42:09","date_gmt":"2025-07-05T08:42:09","guid":{"rendered":"https:\/\/www.europesays.com\/fr\/227713\/"},"modified":"2025-07-05T08:42:09","modified_gmt":"2025-07-05T08:42:09","slug":"les-gens-venaient-et-revenaient-me-voir-mencourager-cet-artiste-de-vallauris-raconte-la-realisation-de-limmense-fresque-quil-a-peint-dans-sa-ville","status":"publish","type":"post","link":"https:\/\/www.europesays.com\/fr\/227713\/","title":{"rendered":"\u00ab\u00a0Les gens venaient et revenaient me voir, m\u2019encourager\u00a0\u00bb: cet artiste de Vallauris raconte la r\u00e9alisation de l\u2019immense fresque qu\u2019il a peint dans sa ville"},"content":{"rendered":"<p>La voil\u00e0 maintenant achev\u00e9e. Apr\u00e8s cinq semaines de travail intense dans des conditions rendues difficiles \u00e0 cause de la chaleur et de la circulation intense \u00e0 cet endroit, l\u2019artiste vallaurien <strong>Florian Menace vient de mettre la derni\u00e8re touche \u00e0 la gigantesque fresque murale qu\u2019il a cr\u00e9\u00e9e sur les murs du passage souterrain<\/strong> entre le centre de Golfe-Juan et le bord de mer et qui sera inaugur\u00e9e ce samedi \u00e0 9h15. De paroles d\u2019usagers, cette \u0153uvre est unanimement appr\u00e9ci\u00e9e.<\/p>\n<p><strong>Des d\u00e9buts \u00e0 l\u2019\u00e2ge de 12 ans<\/strong><\/p>\n<p>Les tags et graffitis, Florian est tomb\u00e9 dedans \u00e0 l\u2019\u00e2ge de 12 ans. \u00ab\u00a0C\u2019\u00e9tait pour moi et mes copains une sorte de d\u00e9fouloir et finalement au fil des ann\u00e9es j\u2019ai commenc\u00e9 \u00e0 avoir une approche plus artistique de cette activit\u00e9\u00a0\u00bb.<\/p>\n<p>Parall\u00e8lement \u00e0 son m\u00e9tier d\u2019\u00e9ducateur, Florian, devenu Menace l\u2019artiste, s\u2019investit dans la personnalisation et la customisation de v\u00eatements, partageant de plus en plus cette cr\u00e9ativit\u00e9 avec les jeunes qu\u2019il encadrait mais aussi avec les associations de sa commune en animant par exemple des ateliers pour l\u2019UNRPA de Maryse Alzial. Il commence alors \u00e0 \u00e9laborer des projets d\u00e9coratifs dans des chambres d\u2019enfants ou des murs d\u2019\u00e9coles et participe aussi aux festivit\u00e9s locales.<b\/><\/p>\n<p>Des r\u00e9alisations de plus grande envergure lui conf\u00e8rent alors une notori\u00e9t\u00e9 qui d\u00e9passe les fronti\u00e8res de Vallauris Golfe-Juan, <strong>peignant \u00e0 la bombe au pinceau ou \u00e0 l\u2019a\u00e9rographe portraits, d\u00e9cors animaliers, trompe-l\u2019\u0153il, lettres et paysages.<\/strong><\/p>\n<p>Le virtuose passe avec talent d\u2019un sujet \u00e0 l\u2019autre: \u00ab\u00a0La bombe est un outil, un instrument qui a mis du temps \u00e0 \u00eatre accept\u00e9 et consid\u00e9r\u00e9 mais notre art est d\u00e9sormais reconnu\u00a0\u00bb, livre le cr\u00e9ateur qui se d\u00e9finit comme artiste peintre muraliste.<b\/><\/p>\n<p>C\u2019est alors que le premier magistrat de Vallauris Kevin Luciano le contacte: \u00ab\u00a0Le maire m\u2019a propos\u00e9 de r\u00e9aliser ce projet de fresque g\u00e9ante sous le souterrain de Golfe-Juan, \u00e0 la place de celle qu\u2019avaient r\u00e9alis\u00e9 des \u00e9coliers dans les ann\u00e9es 2000, raconte l\u2019artiste. Nous avons beaucoup \u00e9chang\u00e9 sur ce que devait raconter cette histoire: celle d\u2019une ville et de ses deux entit\u00e9s riches de leurs activit\u00e9s, la poterie, l\u2019artisanat, la culture de la fleur d\u2019oranger, ou la p\u00eache, de son histoire, de leurs personnages c\u00e9l\u00e8bres de Napol\u00e9on \u00e0 Picasso en passant par Jean Marais et bien s\u00fbr une \u00e9vocation de la M\u00e9diterran\u00e9e, de sa faune et de sa flore\u00a0\u00bb.<\/p>\n<blockquote>\n<p><strong>\u00ab\u00a0Les gens venaient et revenaient me voir, m\u2019encourager\u00a0\u00bb<\/strong><\/p>\n<\/blockquote>\n<p>Ainsi est n\u00e9e <strong>une \u0153uvre ludique et color\u00e9e du bleu et du jaune, teintes symboles de Vallauris Golfe-Juan<\/strong>, fruits du talent, de l\u2019imagination et de la sensibilit\u00e9 de cet artiste attachant.<\/p>\n<p>\u00ab\u00a0Ce qui est formidable, poursuit Florian Menace. C\u2019est que j\u2019ai v\u00e9cu une extraordinaire exp\u00e9rience humaine lors de ces semaines. Les gens venaient et revenaient me voir, m\u2019encourager et \u00e9changer lorsqu\u2019ils d\u00e9ambulaient dans le passage. Des liens d\u2019amiti\u00e9 se sont cr\u00e9\u00e9s comme avec cette famille danoise en vacances \u00e0 Golfe-Juan et qui venait chaque jour voir l\u2019avancement des travaux\u00a0\u00bb.<\/p>\n<p>\u00ab\u00a0Je suis heureux et fier d\u2019avoir laiss\u00e9 cette trace artistique dans ma ville mais surtout de cette dimension humaine qu\u2019elle a suscit\u00e9e\u00a0\u00bb, conclut Florian Menace.<\/p>\n<blockquote>\n<p><strong>\u00ab\u00a0\u00c7a donne vraiment un air de vacances\u00a0\u00bb<\/strong><\/p>\n<\/blockquote>\n<p>Qu\u2019ils soient habitants, riverains, commer\u00e7ants ou visiteurs les passants qui empruntent le passage souterrain ne tarissent pas d\u2019\u00e9loges sur cette r\u00e9alisation. Ainsi \u00c9liane et Pierre de la Boulangerie du port trouvent que \u00ab\u00a0ce n\u2019est pas de la peinture, c\u2019est vraiment de l\u2019art et cela enrichit notre environnement. C\u2019est une excellente initiative!\u00a0\u00bb<\/p>\n<p>Pour Aur\u00e9lie, qui habite Golfe-Juan \u00ab\u00a0cette fresque est tr\u00e8s sympathique et remplace avantageusement celle qui \u00e9tait us\u00e9e par le temps. Les th\u00e8mes qui \u00e9voquent notre ville sont tr\u00e8s pertinents\u00a0\u00bb. Fabienne de Paris: \u00ab\u00a0Les peintures sont gaies, tr\u00e8s bien r\u00e9alis\u00e9es et donnent vraiment un air de vacances. Bravo!\u00a0\u00bb<\/p>\n","protected":false},"excerpt":{"rendered":"La voil\u00e0 maintenant achev\u00e9e. Apr\u00e8s cinq semaines de travail intense dans des conditions rendues difficiles \u00e0 cause de&hellip;\n","protected":false},"author":2,"featured_media":227714,"comment_status":"","ping_status":"","sticky":false,"template":"","format":"standard","meta":{"footnotes":""},"categories":[1358],"tags":[1348,1384,1385,1386,58,59,1011,27,3366],"class_list":{"0":"post-227713","1":"post","2":"type-post","3":"status-publish","4":"format-standard","5":"has-post-thumbnail","7":"category-arts-et-design","8":"tag-arts","9":"tag-arts-and-design","10":"tag-arts-et-design","11":"tag-design","12":"tag-divertissement","13":"tag-entertainment","14":"tag-fr","15":"tag-france","16":"tag-vie-locale"},"share_on_mastodon":{"url":"https:\/\/pubeurope.com\/@fr\/114799741748557392","error":""},"_links":{"self":[{"href":"https:\/\/www.europesays.com\/fr\/wp-json\/wp\/v2\/posts\/227713","targetHints":{"allow":["GET"]}}],"collection":[{"href":"https:\/\/www.europesays.com\/fr\/wp-json\/wp\/v2\/posts"}],"about":[{"href":"https:\/\/www.europesays.com\/fr\/wp-json\/wp\/v2\/types\/post"}],"author":[{"embeddable":true,"href":"https:\/\/www.europesays.com\/fr\/wp-json\/wp\/v2\/users\/2"}],"replies":[{"embeddable":true,"href":"https:\/\/www.europesays.com\/fr\/wp-json\/wp\/v2\/comments?post=227713"}],"version-history":[{"count":0,"href":"https:\/\/www.europesays.com\/fr\/wp-json\/wp\/v2\/posts\/227713\/revisions"}],"wp:featuredmedia":[{"embeddable":true,"href":"https:\/\/www.europesays.com\/fr\/wp-json\/wp\/v2\/media\/227714"}],"wp:attachment":[{"href":"https:\/\/www.europesays.com\/fr\/wp-json\/wp\/v2\/media?parent=227713"}],"wp:term":[{"taxonomy":"category","embeddable":true,"href":"https:\/\/www.europesays.com\/fr\/wp-json\/wp\/v2\/categories?post=227713"},{"taxonomy":"post_tag","embeddable":true,"href":"https:\/\/www.europesays.com\/fr\/wp-json\/wp\/v2\/tags?post=227713"}],"curies":[{"name":"wp","href":"https:\/\/api.w.org\/{rel}","templated":true}]}}