{"id":227719,"date":"2025-07-05T08:45:14","date_gmt":"2025-07-05T08:45:14","guid":{"rendered":"https:\/\/www.europesays.com\/fr\/227719\/"},"modified":"2025-07-05T08:45:14","modified_gmt":"2025-07-05T08:45:14","slug":"boys-band-alliage-que-sont-devenus-les-quatre-membres-du-groupe-dissout-en-2000","status":"publish","type":"post","link":"https:\/\/www.europesays.com\/fr\/227719\/","title":{"rendered":"BOYS BAND. Alliage : que sont devenus les quatre membres du groupe dissout en 2000 ?"},"content":{"rendered":"<p>\nMont\u00e9 par G\u00e9rard\u202fLouvin \u00e0 la fin des ann\u00e9es 90, le <a href=\"https:\/\/www.closermag.fr\/people\/filip-nikolic-quentin-elias-les-destins-tragiques-des-boys-band-1023427#item=1\" target=\"_blank\" rel=\"noopener\"><br \/>\nboys band<\/a> fran\u00e7ais \u00ab\u00a0<a href=\"https:\/\/www.closermag.fr\/tv-tele-realite\/autres-emissions\/deces-de-quentin-elias-retour-sur-la-carrirere-du-chanteur-du-groupe-alliag-282485#item=1\" target=\"_blank\" rel=\"noopener\">Alliage<\/a>\u00a0\u00bb<br \/>\nr\u00e9unissait quatre chanteurs multiculturels \u2013 Steven Gunnell, Roman<br \/>\nLata Ares, Brian Torres (de son vrai nom Samuel Torres Bianconi) et<br \/>\nle charismatique Quentin Elias. Leur nom de sc\u00e8ne faisait r\u00e9f\u00e9rence<br \/>\n\u00e0 la diversit\u00e9 de leurs origines<br \/>\n(corse,\u00a0espagnole,\u00a0alg\u00e9rienne,\u00a0anglaise). A l&rsquo;image<br \/>\ndes \u00ab\u00a02 Be 3\u00a0\u00bb et de \u00ab\u00a0G-Squad\u00a0\u00bb, le groupe a fait partie des boys band<br \/>\nayant vendu le plus d&rsquo;albums en France.\u00a0<\/p>\n<p>\nSorti en 1997, leur single Baila s&rsquo;\u00e9tait vendu \u00e0 plus de<br \/>\n<strong>450\u202f000 exemplaires<\/strong> et leur premier album avait<br \/>\nd\u00e9pass\u00e9 les <strong>500\u202f000 ventes<\/strong>. Dans la foul\u00e9e,<br \/>\n\u00ab\u00a0Alliage\u00a0\u00bb avait confirm\u00e9 son succ\u00e8s avec les hits Lucy, Le<br \/>\ntemps qui court et en collaborant avec des groupes au succ\u00e8s<br \/>\ninternational comme le boys band<br \/>\nirlandais\u00a0Boyzone\u00a0(Te Garder Pr\u00e8s De Moi) ou le<br \/>\ngroupe su\u00e9dois\u00a0Ace of Base\u00a0(Cruel Summer).<\/p>\n<p>Alliage : du raz-de mar\u00e9e \u00e0 l&rsquo;implosion<\/p>\n<p>Seulement voil\u00e0, \u00e0<br \/>\nla fin des ann\u00e9es 90, d\u00e9but des ann\u00e9es 2000, le ph\u00e9nom\u00e8ne boys\u2011band<br \/>\ns\u2019est essouffl\u00e9 et \u00ab\u00a0Alliage\u00a0\u00bb a perd peu \u00e0 peu de sa popularit\u00e9,<br \/>\nsans retrouver son niveau<br \/>\nd\u2019origine.\u00a0<strong>Quentin<br \/>\nElias a \u00e9t\u00e9 le premier \u00e0 claquer la porte en 1999 pour se lancer en<br \/>\nsolo, signe annonciateur de la s\u00e9paration effective vers<br \/>\n2000<\/strong>.<\/p>\n<p data-start=\"1086\" data-end=\"1282\">Si Alliage n\u2019a dur\u00e9 que quatre<br \/>\nans, leur impact reste grav\u00e9 dans les m\u00e9moires des fans des 90\u202fs :<br \/>\ntubes, clip pop multilingue, visuels vitamin\u00e9s\u2026 Une vague<br \/>\nfashion-pop \u00e0 red\u00e9couvrir avec plaisir !<\/p>\n<p>Alliage : que sont devenus les quatre membres du groupe dissout en<br \/>\n2000 ?<\/p>\n<p>\nMais alors, depuis, que sont devenus les quatre membres du groupe<br \/>\n? De son c\u00f4t\u00e9, <strong data-start=\"0\" data-end=\"17\" data-is-only-node=\"\">Quentin\u202fElias<\/strong> s&rsquo;est install\u00e9 \u00e0<br \/>\nNew\u202fYork en 2002 et a tent\u00e9 une carri\u00e8re R\u2019n\u2019B. Il a aussi \u00e9t\u00e9<br \/>\nmannequinat pour Jean\u2011Paul\u202fGaultier, puis a tourn\u00e9 quelques films<br \/>\npour adultes sous pseudonyme. Il a \u00e9galement tent\u00e9 un retour via la<br \/>\nt\u00e9l\u00e9\u2011r\u00e9alit\u00e9 NRJ12 avant son d\u00e9c\u00e8s en 2014. La star est morte d&rsquo;une<br \/>\n<a href=\"https:\/\/www.closermag.fr\/people\/quentin-elias-alliage-pourquoi-ses-obseques-nont-pas-eu-lieu-en-france-3343437#item=1\" target=\"_blank\" rel=\"noopener\"><br \/>\ncrise cardiaque<\/a> <strong>\u00e0 39\u202fans<\/strong>.<br \/>\n<strong>Steven\u202fGunnell<\/strong>, lui, a plong\u00e9 dans <strong>la<br \/>\nd\u00e9pression et a accumul\u00e9 des dettes colossales<\/strong> (plus ou<br \/>\nmoins 130\u202f000\u202f euros). Il s&rsquo;est tourn\u00e9 vers la religion, a fond\u00e9<br \/>\nune soci\u00e9t\u00e9 de production, r\u00e9alis\u00e9 des films religieux, et m\u00e8ne<br \/>\naujourd\u2019hui une vie tranquille avec sa femme.<\/p>\n<blockquote class=\"instagram-media\" style=\"background: #ffffff;border: 0;margin: 1px;width: 100%;padding: 0;max-width: 500px;\" data-instgrm-permalink=\"https:\/\/www.instagram.com\/p\/DLJxzKJorbm\/\" data-instgrm-version=\"14\"\/>\n<p>D\u2019apr\u00e8s la presse, <strong>Roman\u202fLata\u202fAres<\/strong> embrasserait<br \/>\nd\u00e9sormais une carri\u00e8re dans la photographie et serait devenu<br \/>\n\u00e9diteur pour l\u2019\u00e9dition espagnole de V\u202fMagazine. Enfin,<br \/>\n<strong data-start=\"0\" data-end=\"41\" data-is-only-node=\"\">Brian\u202fTorres (Samuel\u202fTorres\u202fBianconi)<\/strong> se serait<br \/>\nreconvertit en mannequin et acteur (notamment dans Mafiosa). En 2008, il a subi un grave<br \/>\naccident de scooter. Il est d\u00e9sormais papa d\u2019une fille nomm\u00e9e<br \/>\nLou.<\/p>\n<p>Diaporama<br \/>\n<img decoding=\"async\" class=\"diapo_img img-responsive lazy-load\" loading=\"lazy\" src=\"https:\/\/www.europesays.com\/fr\/wp-content\/uploads\/2025\/07\/bestimage_00196546_001047.jpg\"\/><\/p>\n<p>AGENCE \/ BESTIMAGE<\/p>\n<p>1\/6 Le groupe Alliage<\/p>\n<p>Le groupe Alliage a \u00e9t\u00e9 mont\u00e9 en 1996<\/p>\n<p><img decoding=\"async\" class=\"diapo_img img-responsive lazy-load\" loading=\"lazy\" src=\"https:\/\/www.europesays.com\/fr\/wp-content\/uploads\/2025\/07\/bestimage_00491319_000001.jpg\"\/><\/p>\n<p>JLPPA \/ Bestimage<\/p>\n<p>2\/6 Le groupe Alliage<\/p>\n<p>Le boys band a rapidement connu le succ\u00e8s<\/p>\n<p><img decoding=\"async\" class=\"diapo_img img-responsive lazy-load\" loading=\"lazy\" src=\"https:\/\/www.europesays.com\/fr\/wp-content\/uploads\/2025\/07\/bestimage_00062115_000001.jpg\"\/><\/p>\n<p>CEDRIC PERRIN \/ BESTIMAGE<\/p>\n<p>3\/6 Le groupe Alliage<\/p>\n<p>Jusque dans les ann\u00e9es 2000, les quatre membres ont fait<br \/>\nsensation avant d&rsquo;imploser&#8230;<\/p>\n<p><img decoding=\"async\" class=\"diapo_img img-responsive lazy-load\" loading=\"lazy\" src=\"https:\/\/www.europesays.com\/fr\/wp-content\/uploads\/2025\/07\/bestimage_00481630_000001.jpg\"\/><\/p>\n<p>COADIC GUIREC \/ BESTIMAGE<\/p>\n<p>4\/6 Le groupe Alliage<\/p>\n<p>En 1999,<br \/>\nQuentin Elias a \u00e9t\u00e9 le premier \u00e0 claquer la porte.<\/p>\n<p><img decoding=\"async\" class=\"diapo_img img-responsive lazy-load\" loading=\"lazy\" src=\"https:\/\/www.europesays.com\/fr\/wp-content\/uploads\/2025\/07\/bestimage_00059167_000009.jpg\"\/><\/p>\n<p>CEDRIC PERRIN \/ BESTIMAGE<\/p>\n<p>5\/6 Alliage<\/p>\n<p>Apr\u00e8s la dissolution du groupe, chacun a tent\u00e9 une<br \/>\nreconversion<\/p>\n<p><img decoding=\"async\" class=\"diapo_img img-responsive lazy-load\" loading=\"lazy\" src=\"https:\/\/www.europesays.com\/fr\/wp-content\/uploads\/2025\/07\/bestimage_00060245_000001-e1751282507958.jpg\"\/><\/p>\n<p>COADIC GUIREC \/ BESTIMAGE<\/p>\n<p>6\/6 Alliage<\/p>\n<p>Quentin est mort d&rsquo;une crise cardiaque \u00e0 39\u202fans.<\/p>\n<p><script async src=\"\/\/www.instagram.com\/embed.js\"><\/script><\/p>\n","protected":false},"excerpt":{"rendered":"Mont\u00e9 par G\u00e9rard\u202fLouvin \u00e0 la fin des ann\u00e9es 90, le boys band fran\u00e7ais \u00ab\u00a0Alliage\u00a0\u00bb r\u00e9unissait quatre chanteurs multiculturels&hellip;\n","protected":false},"author":2,"featured_media":227720,"comment_status":"","ping_status":"","sticky":false,"template":"","format":"standard","meta":{"footnotes":""},"categories":[1355],"tags":[58,59,1011,27,1638,1361,873,729],"class_list":{"0":"post-227719","1":"post","2":"type-post","3":"status-publish","4":"format-standard","5":"has-post-thumbnail","7":"category-musique","8":"tag-divertissement","9":"tag-entertainment","10":"tag-fr","11":"tag-france","12":"tag-has_diapo","13":"tag-music","14":"tag-musique","15":"tag-yout_video"},"share_on_mastodon":{"url":"https:\/\/pubeurope.com\/@fr\/114799753824015817","error":""},"_links":{"self":[{"href":"https:\/\/www.europesays.com\/fr\/wp-json\/wp\/v2\/posts\/227719","targetHints":{"allow":["GET"]}}],"collection":[{"href":"https:\/\/www.europesays.com\/fr\/wp-json\/wp\/v2\/posts"}],"about":[{"href":"https:\/\/www.europesays.com\/fr\/wp-json\/wp\/v2\/types\/post"}],"author":[{"embeddable":true,"href":"https:\/\/www.europesays.com\/fr\/wp-json\/wp\/v2\/users\/2"}],"replies":[{"embeddable":true,"href":"https:\/\/www.europesays.com\/fr\/wp-json\/wp\/v2\/comments?post=227719"}],"version-history":[{"count":0,"href":"https:\/\/www.europesays.com\/fr\/wp-json\/wp\/v2\/posts\/227719\/revisions"}],"wp:featuredmedia":[{"embeddable":true,"href":"https:\/\/www.europesays.com\/fr\/wp-json\/wp\/v2\/media\/227720"}],"wp:attachment":[{"href":"https:\/\/www.europesays.com\/fr\/wp-json\/wp\/v2\/media?parent=227719"}],"wp:term":[{"taxonomy":"category","embeddable":true,"href":"https:\/\/www.europesays.com\/fr\/wp-json\/wp\/v2\/categories?post=227719"},{"taxonomy":"post_tag","embeddable":true,"href":"https:\/\/www.europesays.com\/fr\/wp-json\/wp\/v2\/tags?post=227719"}],"curies":[{"name":"wp","href":"https:\/\/api.w.org\/{rel}","templated":true}]}}