{"id":227725,"date":"2025-07-05T08:50:09","date_gmt":"2025-07-05T08:50:09","guid":{"rendered":"https:\/\/www.europesays.com\/fr\/227725\/"},"modified":"2025-07-05T08:50:09","modified_gmt":"2025-07-05T08:50:09","slug":"lalerte-ignoree-de-steve-jobs-comment-ce-visionnaire-avait-anticipe-lessor-de-chatgpt-il-y-a-quatre-decennies-une-prophetie-troublante-et-oubliee","status":"publish","type":"post","link":"https:\/\/www.europesays.com\/fr\/227725\/","title":{"rendered":"L\u2019alerte ignor\u00e9e de Steve Jobs : comment ce visionnaire avait anticip\u00e9 l\u2019essor de ChatGPT il y a quatre d\u00e9cennies, une proph\u00e9tie troublante et oubli\u00e9e"},"content":{"rendered":"<tr>\n<td><strong>EN BREF<\/strong><\/td>\n<\/tr>\n<tr>\n<td>\n<ul>\n<li>\ud83d\udd0d <strong>Steve Jobs<\/strong> avait anticip\u00e9 une r\u00e9volution technologique avec un outil interactif inspir\u00e9 par les grands penseurs comme Aristote.<\/li>\n<li>\u26a0\ufe0f L\u2019\u00e9mergence de <strong>ChatGPT<\/strong> soul\u00e8ve des questions sur notre d\u00e9pendance croissante \u00e0 l\u2019intelligence artificielle.<\/li>\n<li>\ud83d\udd25 La technologie actuelle, bien qu\u2019elle lib\u00e8re l\u2019information, risque de devenir une prison mentale en standardisant la pens\u00e9e.<\/li>\n<li>\u2753 Les enjeux \u00e9thiques et sociaux de l\u2019IA posent la question de notre capacit\u00e9 \u00e0 \u00e9quilibrer innovation et pr\u00e9servation de notre humanit\u00e9.<\/li>\n<\/ul>\n<\/td>\n<\/tr>\n<p>Steve Jobs, figure embl\u00e9matique de l\u2019innovation technologique, avait une vision qui transcende les d\u00e9cennies. Ses propos en 1985 sur un outil interactif capable de capturer l\u2019essence des grands penseurs comme Aristote semblent aujourd\u2019hui proph\u00e9tiques. Avec l\u2019\u00e9mergence de ChatGPT, nous voyons se concr\u00e9tiser cette vision audacieuse d\u2019une intelligence artificielle capable de dialoguer avec nous comme un ma\u00eetre vivant. Ce regard visionnaire nous incite \u00e0 r\u00e9fl\u00e9chir aux implications profondes de cette avanc\u00e9e technologique. Il est crucial de comprendre comment cette technologie, autrefois per\u00e7ue comme un simple r\u00eave, est devenue une partie int\u00e9grante de notre quotidien, tout en questionnant les impacts potentiels sur notre soci\u00e9t\u00e9.<\/p>\n<p>La promesse visionnaire de Steve Jobs : un dialogue avec Aristote<\/p>\n<p>Steve Jobs \u00e9tait connu pour sa capacit\u00e9 exceptionnelle \u00e0 anticiper des r\u00e9volutions technologiques majeures. En 1985, il exprimait d\u00e9j\u00e0 le souhait de cr\u00e9er un outil interactif qui permettrait de dialoguer avec les esprits brillants de l\u2019histoire, comme Aristote. <strong>Cette id\u00e9e d\u2019une \u00ab\u00a0\u00e9nergie intellectuelle gratuite\u00a0\u00bb \u00e9tait r\u00e9volutionnaire<\/strong>. Jobs imaginait un avenir o\u00f9 l\u2019intelligence artificielle offrirait aux utilisateurs une interaction directe avec les concepts et les id\u00e9es des plus grands penseurs, lib\u00e9r\u00e9e des contraintes mat\u00e9rielles des livres traditionnels. Cette aspiration \u00e0 rendre la connaissance accessible \u00e0 tous, de mani\u00e8re instantan\u00e9e et interactive, refl\u00e8te une vision audacieuse. Aujourd\u2019hui, avec des outils comme ChatGPT, nous sommes t\u00e9moins de la r\u00e9alisation de cette promesse, mais cela pose \u00e9galement des questions essentielles sur la nature et la direction de notre progr\u00e8s technologique.<\/p>\n<blockquote class=\"wp-embedded-content\" data-secret=\"DPR6vDxPHO\">\n<p><a href=\"https:\/\/hellobiz.fr\/2025\/06\/03\/il-transforme-nimporte-qui-en-virtuose-cet-exosquelette-pour-pianistes-fascine-les-neuroscientifiques\/\" rel=\"nofollow noopener\" target=\"_blank\">\u00ab Il transforme n\u2019importe qui en virtuose \u00bb : cet exosquelette pour pianistes fascine les neuroscientifiques<\/a><\/p>\n<\/blockquote>\n<p>Mon inqui\u00e9tude face \u00e0 l\u2019aveuglement collectif<\/p>\n<p>Malgr\u00e9 l\u2019enthousiasme suscit\u00e9 par l\u2019\u00e9mergence de technologies comme ChatGPT, une inqui\u00e9tude persiste : celle de notre aveuglement face aux risques associ\u00e9s. <strong>La d\u00e9pendance croissante \u00e0 l\u2019\u00e9gard de ces outils pourrait diluer notre esprit critique<\/strong>. En adoptant ces technologies sans r\u00e9serve, nous risquons de laisser l\u2019intelligence artificielle fa\u00e7onner notre perception du monde de mani\u00e8re unilat\u00e9rale. Steve Jobs avait envisag\u00e9 une r\u00e9volution positive, mais n\u2019avait peut-\u00eatre pas anticip\u00e9 l\u2019ampleur des d\u00e9fis \u00e9thiques et sociaux qui l\u2019accompagneraient. Il est crucial de prendre conscience des implications \u00e0 long terme de cette transformation et de ne pas sous-estimer les d\u00e9fis qu\u2019elle pose \u00e0 notre soci\u00e9t\u00e9. La question demeure : comment \u00e9quilibrer l\u2019innovation technologique avec la pr\u00e9servation de notre humanit\u00e9 ?<\/p>\n<blockquote class=\"wp-embedded-content\" data-secret=\"WPahvsfhTD\">\n<p><a href=\"https:\/\/hellobiz.fr\/2025\/06\/09\/cest-une-sorte-de-batterie-glacee-qui-rafraichit-des-gratte-ciels-ce-systeme-coupe-la-facture-energetique-americaine-de-pres-de-moitie\/\" rel=\"nofollow noopener\" target=\"_blank\">\u00ab C\u2019est une sorte de batterie glac\u00e9e qui rafra\u00eechit des gratte-ciels \u00bb : ce syst\u00e8me coupe la facture \u00e9nerg\u00e9tique am\u00e9ricaine de pr\u00e8s de moiti\u00e9<\/a><\/p>\n<\/blockquote>\n<p>L\u2019ombre grandissante de la d\u00e9pendance et de la d\u00e9shumanisation<\/p>\n<p>La m\u00e9taphore du feu utilis\u00e9e pour d\u00e9crire cette r\u00e9volution technologique est poignante. <strong>La d\u00e9pendance \u00e0 l\u2019intelligence artificielle soul\u00e8ve des questions fondamentales sur notre autonomie intellectuelle<\/strong>. Alors que nous embrassons les avantages offerts par des outils comme ChatGPT, nous devons \u00e9galement \u00eatre conscients des risques de d\u00e9shumanisation. La capacit\u00e9 de ces outils \u00e0 influencer et manipuler les perceptions pose un danger potentiel pour la diversit\u00e9 de pens\u00e9e. Nous devons \u00eatre vigilants quant \u00e0 la mani\u00e8re dont cette technologie est utilis\u00e9e et aux intentions qui la sous-tendent. Ce n\u2019est qu\u2019en reconnaissant ces d\u00e9fis que nous pourrons pleinement exploiter le potentiel de l\u2019IA tout en pr\u00e9servant notre essence humaine.<\/p>\n<blockquote class=\"wp-embedded-content\" data-secret=\"oBKS8PVmL2\">\n<p><a href=\"https:\/\/hellobiz.fr\/2025\/03\/27\/500-de-vues-youtube-en-plus-cette-strategie-redoutable-propulse-les-influenceurs-au-sommet-du-business-en-ligne\/\" rel=\"nofollow noopener\" target=\"_blank\">500 % de vues YouTube en plus : cette strat\u00e9gie redoutable propulse les influenceurs au sommet du business en ligne<\/a><\/p>\n<\/blockquote>\n<p>Le paradoxe de la r\u00e9volution num\u00e9rique : libert\u00e9 ou prison mentale ?<\/p>\n<p>La promesse initiale de la r\u00e9volution num\u00e9rique \u00e9tait de lib\u00e9rer l\u2019esprit humain, mais elle pourrait tout aussi bien le pi\u00e9ger. <strong>En rendant l\u2019information accessible \u00e0 tous, l\u2019intelligence artificielle cr\u00e9e une illusion de ma\u00eetrise<\/strong>. Cependant, derri\u00e8re cette fa\u00e7ade se cache un risque majeur : celui de la perte de notre capacit\u00e9 \u00e0 penser de mani\u00e8re autonome. Steve Jobs parlait d\u2019un outil interactif, mais aujourd\u2019hui, nous devons nous interroger sur la mani\u00e8re dont cet outil est utilis\u00e9. Ce paradoxe met en lumi\u00e8re la n\u00e9cessit\u00e9 de r\u00e9fl\u00e9chir aux implications de notre d\u00e9pendance croissante \u00e0 la technologie. La question qui se pose est : comment pouvons-nous naviguer dans cette \u00e8re num\u00e9rique tout en pr\u00e9servant notre libert\u00e9 intellectuelle et notre capacit\u00e9 \u00e0 douter ?<\/p>\n<p>Alors que nous avan\u00e7ons vers un avenir domin\u00e9 par l\u2019intelligence artificielle, il est essentiel de se demander comment \u00e9quilibrer progr\u00e8s technologique et pr\u00e9servation de notre humanit\u00e9. Les visions proph\u00e9tiques de Steve Jobs nous guident, mais nous devons \u00e9galement prendre en compte les d\u00e9fis \u00e9thiques et sociaux qui en d\u00e9coulent. Sommes-nous pr\u00eats \u00e0 accepter les responsabilit\u00e9s qui accompagnent ces avanc\u00e9es ? Comment pouvons-nous assurer que l\u2019IA serve le bien commun sans compromettre notre essence humaine ?<\/p>\n<p>L\u2019auteur s\u2019est appuy\u00e9 sur l\u2019intelligence artificielle pour enrichir cet article.<\/p>\n<p id=\"rating\">\u00c7a vous a plu ?\u00a04.4\/5 (22)<\/p>\n","protected":false},"excerpt":{"rendered":"EN BREF \ud83d\udd0d Steve Jobs avait anticip\u00e9 une r\u00e9volution technologique avec un outil interactif inspir\u00e9 par les grands&hellip;\n","protected":false},"author":2,"featured_media":227726,"comment_status":"","ping_status":"","sticky":false,"template":"","format":"standard","meta":{"footnotes":""},"categories":[7],"tags":[1011,27,43,40,41,39,42,44],"class_list":{"0":"post-227725","1":"post","2":"type-post","3":"status-publish","4":"format-standard","5":"has-post-thumbnail","7":"category-sciences-et-technologies","8":"tag-fr","9":"tag-france","10":"tag-science","11":"tag-science-and-technology","12":"tag-sciences","13":"tag-sciences-et-technologies","14":"tag-technologies","15":"tag-technology"},"share_on_mastodon":{"url":"https:\/\/pubeurope.com\/@fr\/114799773354055817","error":""},"_links":{"self":[{"href":"https:\/\/www.europesays.com\/fr\/wp-json\/wp\/v2\/posts\/227725","targetHints":{"allow":["GET"]}}],"collection":[{"href":"https:\/\/www.europesays.com\/fr\/wp-json\/wp\/v2\/posts"}],"about":[{"href":"https:\/\/www.europesays.com\/fr\/wp-json\/wp\/v2\/types\/post"}],"author":[{"embeddable":true,"href":"https:\/\/www.europesays.com\/fr\/wp-json\/wp\/v2\/users\/2"}],"replies":[{"embeddable":true,"href":"https:\/\/www.europesays.com\/fr\/wp-json\/wp\/v2\/comments?post=227725"}],"version-history":[{"count":0,"href":"https:\/\/www.europesays.com\/fr\/wp-json\/wp\/v2\/posts\/227725\/revisions"}],"wp:featuredmedia":[{"embeddable":true,"href":"https:\/\/www.europesays.com\/fr\/wp-json\/wp\/v2\/media\/227726"}],"wp:attachment":[{"href":"https:\/\/www.europesays.com\/fr\/wp-json\/wp\/v2\/media?parent=227725"}],"wp:term":[{"taxonomy":"category","embeddable":true,"href":"https:\/\/www.europesays.com\/fr\/wp-json\/wp\/v2\/categories?post=227725"},{"taxonomy":"post_tag","embeddable":true,"href":"https:\/\/www.europesays.com\/fr\/wp-json\/wp\/v2\/tags?post=227725"}],"curies":[{"name":"wp","href":"https:\/\/api.w.org\/{rel}","templated":true}]}}