{"id":227729,"date":"2025-07-05T08:52:10","date_gmt":"2025-07-05T08:52:10","guid":{"rendered":"https:\/\/www.europesays.com\/fr\/227729\/"},"modified":"2025-07-05T08:52:10","modified_gmt":"2025-07-05T08:52:10","slug":"apres-la-decouverte-de-383-cadavres-entasses-dans-un-crematorium-deux-hommes-mis-en-examen-au-mexique","status":"publish","type":"post","link":"https:\/\/www.europesays.com\/fr\/227729\/","title":{"rendered":"Apr\u00e8s la d\u00e9couverte de 383 cadavres entass\u00e9s dans un cr\u00e9matorium, deux hommes mis en examen au Mexique"},"content":{"rendered":"<p>Les cadavres \u00abempil\u00e9s\u00bb dans le b\u00e2timent sont vraisemblablement ceux de personnes d\u00e9c\u00e9d\u00e9es ces deux ou trois derni\u00e8res ann\u00e9es.<\/p>\n<p class=\"fig-paragraph\">Le parquet de l&rsquo;\u00c9tat mexicain de Chihuahua (dans le nord du pays) a annonc\u00e9 vendredi\u00a0<a href=\"http:\/\/www.lefigaro.fr\/international\/mexique-381-cadavres-abandonnes-decouverts-dans-un-crematorium-a-ciudad-juarez-20250630\" data-fig-type=\"NewsFlash\" data-gtm-custom-categorie=\"navigation\" data-gtm-custom-action=\"crossclick\" data-gtm-custom-label=\"Contextuel\" data-gtm-event=\"customEventSPE\" data-fig-domain=\"LEFIGARO\" rel=\"nofollow noopener\" target=\"_blank\">la mise en examen de deux hommes<\/a>\u00a0apr\u00e8s la d\u00e9couverte fin juin de 383 cadavres entass\u00e9s dans un cr\u00e9matorium de Ciudad Juarez. Il s&rsquo;agit du propri\u00e9taire du cr\u00e9matorium et d&rsquo;un employ\u00e9, accus\u00e9s de faits relatifs \u00e0 l&rsquo;\u00abinhumation, l&rsquo;exhumation et au respect des cadavres et des restes humains\u00bb.<\/p>\n<p class=\"fig-paragraph\">Les cadavres \u00abempil\u00e9s\u00bb sont vraisemblablement ceux de personnes d\u00e9c\u00e9d\u00e9es ces deux ou trois derni\u00e8res ann\u00e9es et dont les corps, embaum\u00e9s, avaient \u00e9t\u00e9 veill\u00e9s par les familles et devaient \u00eatre incin\u00e9r\u00e9s. Il avait d&rsquo;abord d\u00e9nombr\u00e9 381 d\u00e9pouilles, avant que deux autres ne soient trouv\u00e9es.<\/p>\n<p>    Une vue de drone montre le cr\u00e9matorium dans lequel les autorit\u00e9s sont intervenues le 1er juillet<br \/>\n                Jose Luis Gonzalez \/ REUTERS<\/p>\n<p>                                    <a class=\"fig-a11y-skip a11y-hidden\" href=\"#fig-a11y-skip-main-inarticle\"><br \/>\n        Passer la publicit\u00e9<br \/>\n    <\/a><\/p>\n<p class=\"fig-paragraph\">Le procureur de l\u2019\u00c9tat, C\u00e9sar Jauregui, a d\u00e9clar\u00e9 vendredi en conf\u00e9rence de presse disposer d\u2019assez d\u2019\u00e9l\u00e9ments pour identifier 27 cadavres. \u00abNous sommes en train de rechercher les familles (&#8230;) pour les informer\u00bb, a-t-il dit, ajoutant que 148 corps suppl\u00e9mentaires avaient \u00e9t\u00e9 examin\u00e9s. Selon lui, les actuels responsables du cr\u00e9matorium ont perdu le contr\u00f4le sur le flux de d\u00e9pouilles \u00e0 traiter apr\u00e8s la mort de l\u2019ancien propri\u00e9taire.<\/p>\n<p class=\"fig-paragraph\">Le Mexique, un pays durement touch\u00e9 par les actes du crime organis\u00e9, souffre depuis des ann\u00e9es d\u2019une crise de son syst\u00e8me m\u00e9dico-l\u00e9gal, satur\u00e9 par le nombre \u00e9lev\u00e9 de corps \u00e0 traiter, le manque de personnel et les contraintes budg\u00e9taires.<\/p>\n","protected":false},"excerpt":{"rendered":"Les cadavres \u00abempil\u00e9s\u00bb dans le b\u00e2timent sont vraisemblablement ceux de personnes d\u00e9c\u00e9d\u00e9es ces deux ou trois derni\u00e8res ann\u00e9es.&hellip;\n","protected":false},"author":2,"featured_media":227730,"comment_status":"","ping_status":"","sticky":false,"template":"","format":"standard","meta":{"footnotes":""},"categories":[5],"tags":[11,1011,27,14,12,1097,28],"class_list":{"0":"post-227729","1":"post","2":"type-post","3":"status-publish","4":"format-standard","5":"has-post-thumbnail","7":"category-international","8":"tag-actualites","9":"tag-fr","10":"tag-france","11":"tag-international","12":"tag-news","13":"tag-trafic","14":"tag-world"},"share_on_mastodon":{"url":"https:\/\/pubeurope.com\/@fr\/114799781177469304","error":""},"_links":{"self":[{"href":"https:\/\/www.europesays.com\/fr\/wp-json\/wp\/v2\/posts\/227729","targetHints":{"allow":["GET"]}}],"collection":[{"href":"https:\/\/www.europesays.com\/fr\/wp-json\/wp\/v2\/posts"}],"about":[{"href":"https:\/\/www.europesays.com\/fr\/wp-json\/wp\/v2\/types\/post"}],"author":[{"embeddable":true,"href":"https:\/\/www.europesays.com\/fr\/wp-json\/wp\/v2\/users\/2"}],"replies":[{"embeddable":true,"href":"https:\/\/www.europesays.com\/fr\/wp-json\/wp\/v2\/comments?post=227729"}],"version-history":[{"count":0,"href":"https:\/\/www.europesays.com\/fr\/wp-json\/wp\/v2\/posts\/227729\/revisions"}],"wp:featuredmedia":[{"embeddable":true,"href":"https:\/\/www.europesays.com\/fr\/wp-json\/wp\/v2\/media\/227730"}],"wp:attachment":[{"href":"https:\/\/www.europesays.com\/fr\/wp-json\/wp\/v2\/media?parent=227729"}],"wp:term":[{"taxonomy":"category","embeddable":true,"href":"https:\/\/www.europesays.com\/fr\/wp-json\/wp\/v2\/categories?post=227729"},{"taxonomy":"post_tag","embeddable":true,"href":"https:\/\/www.europesays.com\/fr\/wp-json\/wp\/v2\/tags?post=227729"}],"curies":[{"name":"wp","href":"https:\/\/api.w.org\/{rel}","templated":true}]}}