{"id":227731,"date":"2025-07-05T08:53:09","date_gmt":"2025-07-05T08:53:09","guid":{"rendered":"https:\/\/www.europesays.com\/fr\/227731\/"},"modified":"2025-07-05T08:53:09","modified_gmt":"2025-07-05T08:53:09","slug":"jamais-finis-risque-de-degout-pourquoi-les-cahiers-de-vacances-ne-sont-pas-une-si-bonne-idee-que-ca","status":"publish","type":"post","link":"https:\/\/www.europesays.com\/fr\/227731\/","title":{"rendered":"\u00ab\u00a0Jamais finis\u00a0\u00bb, \u00ab\u00a0risque de d\u00e9go\u00fbt\u00a0\u00bb\u2026 Pourquoi les cahiers de vacances ne sont pas une si bonne id\u00e9e que \u00e7a"},"content":{"rendered":"<p>Le soleil, la mer, la montagne, les grasses mat&rsquo;, les copains\u2026 et parfois un peu de travail et de r\u00e9visions. L\u2019<a href=\"https:\/\/www.20minutes.fr\/dossier\/ete\" class=\"color-ultramarine c-link\" target=\"_blank\" rel=\"noopener\">\u00e9t\u00e9<\/a> n\u2019est pas toujours synonyme de d\u00e9connexion pour les 12\u00a0millions d\u2019<a href=\"https:\/\/www.20minutes.fr\/societe\/eleves\/\" class=\"color-ultramarine c-link\" target=\"_blank\" rel=\"noopener\">\u00e9l\u00e8ves<\/a> fran\u00e7ais. Leur temps scolaire \u00e0 peine termin\u00e9, beaucoup retrouvent \u00e0 la maison des maths, du fran\u00e7ais ou plus g\u00e9n\u00e9ralement des exercices. Le tout dans les d\u00e9sormais c\u00e9l\u00e8bres \u00ab\u00a0cahiers de <a href=\"https:\/\/www.20minutes.fr\/dossier\/vacances_d_ete\" class=\"color-ultramarine c-link\" target=\"_blank\" rel=\"noopener\">vacances<\/a>\u00a0\u00bb, en vente un peu partout depuis un bon mois.<\/p>\n<p>Mais est-ce une si bonne id\u00e9e de proposer, voire imposer, \u00e7a \u00e0 son enfant\u00a0? <a href=\"https:\/\/www.20minutes.fr\/societe\/4160167-20250624-jamais-imposerez-cahier-vacances-enfants-racontez#mbrs-comments-container\" class=\"color-ultramarine c-link\" target=\"_blank\" rel=\"noopener\">Nous vous avons pos\u00e9 la question dans un appel \u00e0 t\u00e9moignage<\/a> et\u2026 rares ont \u00e9t\u00e9 les parents \u00e0 avouer s\u2019en passer. Fabien en fait partie, lui qui en garde certainement un petit traumatisme. \u00ab\u00a0Je ne fais pas faire de cahier de vacances \u00e0 mon fils. Il a 7 ans et est en CP. J\u2019ai trop le souvenir des \u00e9t\u00e9s pass\u00e9s \u00e0 devoir faire des exercices pour aller jouer apr\u00e8s\u00a0\u00bb, a-t-il \u00e9crit \u00e0 20 Minutes. \u00ab\u00a0Avec ma compagne nous privil\u00e9gions plut\u00f4t les sorties (mus\u00e9es, visites\u00a0etc.) ou bien les jeux que l\u2019on ne peut pas toujours faire dans l\u2019ann\u00e9e. Nous voyons les vacances comme un autre temps, une autre fa\u00e7on d\u2019apprendre.\u00a0\u00bb<\/p>\n<\/p>\n<p>Des arguments \u00e9galement avanc\u00e9s par Benjamin. \u00ab\u00a0Les vacances sont faites pour se vider la t\u00eate. C\u2019est l\u2019occasion de faire d\u2019autres choses pour se cultiver\u00a0: rencontrer du monde, jouer, lire, aller au mus\u00e9e, faire des ch\u00e2teaux de sable\u2026 Un petit cahier de jeux ou d\u2019\u00e9nigmes \u00e9ventuellement, mais rien de trop scolaire\u00a0\u00bb, indique-t-il quand Manue avance un autre motif de non-achat.<\/p>\n<p>\u00ab\u00a0J\u2019ai d\u00e9j\u00e0 pris des cahiers de vacances, mais mon fils ne les finit jamais\u00a0\u00bb, justifie-t-elle. \u00ab\u00a0Je pensais que ce serait bien pour lui de travailler un peu, mais au final, \u00e7a ne servait pas \u00e0 grand-chose. Et je me rends compte cette ann\u00e9e qu\u2019il a vraiment besoin de vacances. Il est en sixi\u00e8me, l\u2019ann\u00e9e a \u00e9t\u00e9 tr\u00e8s dure donc je vais le laisser tranquille. Je ne vais pas le forcer [\u2026] Quand un enfant ne veut pas, ce n\u2019est pas la peine de le forcer au risque de le d\u00e9go\u00fbter de l\u2019\u00e9cole. Il y a eu des devoirs toute l\u2019ann\u00e9e, je pense que c\u2019est suffisant.\u00a0\u00bb<\/p>\n<p>\u00ab\u00a0Un hobby, rien de plus\u00a0!\u00a0\u00bb<\/p>\n<p>Qu\u2019en disent les experts\u00a0? La <a href=\"https:\/\/www.20minutes.fr\/dossier\/psy\" class=\"color-ultramarine c-link\" target=\"_blank\" rel=\"noopener\">psychanalyste<\/a> V\u00e9ronique Salman \u00f4te d\u00e9j\u00e0 toute culpabilit\u00e9 aux parents qui feraient ce choix. \u00ab\u00a0A la place d\u2019en acheter un, ils peuvent tout autant aller avec leur enfant reconna\u00eetre les champignons\u00a0\u00bb, explique-t-elle en minorant le r\u00f4le de ces cahiers de vacances. \u00ab\u00a0Ils doivent avant tout \u00eatre vus comme des passe-temps, au m\u00eame titre qu\u2019un sudoku ou des mots fl\u00e9ch\u00e9s chez l\u2019adulte. Comme un hobby, rien de plus\u00a0!\u00a0\u00bb<\/p>\n<p>L\u2019autrice de Je me lib\u00e8re du pass\u00e9, comprendre ses erreurs pour ne plus les r\u00e9p\u00e9ter met en avant les risques d\u2019abuser de ces cahiers de vacances, souvent contre la volont\u00e9 des enfants. \u00ab\u00a0\u00c7a ne va pas forc\u00e9ment les d\u00e9go\u00fbter du travail scolaire, mais de l\u2019injonction, ce qui est pire. Et alors ils ne les \u00e9couteront plus et n\u2019en feront qu\u2019\u00e0 leur t\u00eate.\u00a0\u00bb<\/p>\n<p>La psychanalyste ne d\u00e9conseille pas pour autant l\u2019achat des fameux \u00ab\u00a0Passeport\u00a0\u00bb et autres \u00ab\u00a0Nathan vacances\u00a0\u00bb. \u00ab\u00a0C\u2019est un outil int\u00e9ressant et stimulant, mais il y en a d\u2019autres. \u00c7a sert souvent aux parents qui croient pouvoir compenser les lacunes de l\u2019ann\u00e9e pour leur enfant. \u00c7a leur permet alors de se rassurer et de se dire qu\u2019ils sont de bons parents. Et le gros probl\u00e8me, c\u2019est qu\u2019ils font souvent les exercices \u00e0 la place de l\u2019enfant\u2026\u00a0\u00bb Alors le cahier perd tout son sens et\u2026 plus personne n\u2019est en vacances.<\/p>\n","protected":false},"excerpt":{"rendered":"Le soleil, la mer, la montagne, les grasses mat&rsquo;, les copains\u2026 et parfois un peu de travail et&hellip;\n","protected":false},"author":2,"featured_media":227732,"comment_status":"","ping_status":"","sticky":false,"template":"","format":"standard","meta":{"footnotes":""},"categories":[4],"tags":[47,11,1124,1122,1121,1011,27,2633,12,25,104,2453,3176],"class_list":{"0":"post-227731","1":"post","2":"type-post","3":"status-publish","4":"format-standard","5":"has-post-thumbnail","7":"category-france","8":"tag-actualite","9":"tag-actualites","10":"tag-college","11":"tag-ecole","12":"tag-eleves","13":"tag-fr","14":"tag-france","15":"tag-lycee","16":"tag-news","17":"tag-republique-francaise","18":"tag-societe","19":"tag-vacances-dete","20":"tag-vacances-scolaires"},"share_on_mastodon":{"url":"https:\/\/pubeurope.com\/@fr\/114799785025246198","error":""},"_links":{"self":[{"href":"https:\/\/www.europesays.com\/fr\/wp-json\/wp\/v2\/posts\/227731","targetHints":{"allow":["GET"]}}],"collection":[{"href":"https:\/\/www.europesays.com\/fr\/wp-json\/wp\/v2\/posts"}],"about":[{"href":"https:\/\/www.europesays.com\/fr\/wp-json\/wp\/v2\/types\/post"}],"author":[{"embeddable":true,"href":"https:\/\/www.europesays.com\/fr\/wp-json\/wp\/v2\/users\/2"}],"replies":[{"embeddable":true,"href":"https:\/\/www.europesays.com\/fr\/wp-json\/wp\/v2\/comments?post=227731"}],"version-history":[{"count":0,"href":"https:\/\/www.europesays.com\/fr\/wp-json\/wp\/v2\/posts\/227731\/revisions"}],"wp:featuredmedia":[{"embeddable":true,"href":"https:\/\/www.europesays.com\/fr\/wp-json\/wp\/v2\/media\/227732"}],"wp:attachment":[{"href":"https:\/\/www.europesays.com\/fr\/wp-json\/wp\/v2\/media?parent=227731"}],"wp:term":[{"taxonomy":"category","embeddable":true,"href":"https:\/\/www.europesays.com\/fr\/wp-json\/wp\/v2\/categories?post=227731"},{"taxonomy":"post_tag","embeddable":true,"href":"https:\/\/www.europesays.com\/fr\/wp-json\/wp\/v2\/tags?post=227731"}],"curies":[{"name":"wp","href":"https:\/\/api.w.org\/{rel}","templated":true}]}}