{"id":227739,"date":"2025-07-05T08:57:11","date_gmt":"2025-07-05T08:57:11","guid":{"rendered":"https:\/\/www.europesays.com\/fr\/227739\/"},"modified":"2025-07-05T08:57:11","modified_gmt":"2025-07-05T08:57:11","slug":"nancy-lycee-henri-poincare-bac-2025-mention-tres-bien-paco-olmos-18-ans-bac-general","status":"publish","type":"post","link":"https:\/\/www.europesays.com\/fr\/227739\/","title":{"rendered":"Nancy, lyc\u00e9e Henri-Poincar\u00e9 | Bac 2025 Mention Tr\u00e8s Bien. Paco Olmos, 18 ans, bac g\u00e9n\u00e9ral"},"content":{"rendered":"<p>Paco Olmos, 18 ans, r\u00e9sidant \u00e0 Nancy, a d\u00e9croch\u00e9 son bac g\u00e9n\u00e9ral avec mention tr\u00e8s bien et les f\u00e9licitations du jury. Il a obtenu la note de 20 en maths, en physique et au grand oral. Sa moyenne de 18,86 refl\u00e8te sa rigueur. Paco se destine \u00e0 une classe pr\u00e9paratoire MPSI avec l&rsquo;ambition de devenir chercheur. En dehors des \u00e9tudes, il pratique le basket et se passionne pour la musique, la nature et l&rsquo;astronomie. Cet \u00e9t\u00e9, il pr\u00e9voit un voyage \u00e0 v\u00e9lo et de profiter de ses amis.<\/p>\n<p>\u270e R\u00e9dig\u00e9 avec l&rsquo;aide d&rsquo;outils IA et v\u00e9rifi\u00e9 par un journaliste \ud83d\udec8 En savoir plus avec la charte IA d&rsquo;Ebra.<\/p>\n","protected":false},"excerpt":{"rendered":"Paco Olmos, 18 ans, r\u00e9sidant \u00e0 Nancy, a d\u00e9croch\u00e9 son bac g\u00e9n\u00e9ral avec mention tr\u00e8s bien et les&hellip;\n","protected":false},"author":2,"featured_media":227740,"comment_status":"","ping_status":"","sticky":false,"template":"","format":"standard","meta":{"footnotes":""},"categories":[9635],"tags":[1111,11,36609,1704,1057,1777,674,10961,1011,27,775,1702,1703,12,25],"class_list":{"0":"post-227739","1":"post","2":"type-post","3":"status-publish","4":"format-standard","5":"has-post-thumbnail","7":"category-nancy","8":"tag-actu","9":"tag-actualites","10":"tag-baccalaureat-mention-tres-bien","11":"tag-edition-nancy-et-agglomeration","12":"tag-education","13":"tag-eu","14":"tag-europe","15":"tag-examen-diplome","16":"tag-fr","17":"tag-france","18":"tag-grand-est","19":"tag-nancy","20":"tag-nancy-ville-54b","21":"tag-news","22":"tag-republique-francaise"},"share_on_mastodon":{"url":"https:\/\/pubeurope.com\/@fr\/114799800698393074","error":""},"_links":{"self":[{"href":"https:\/\/www.europesays.com\/fr\/wp-json\/wp\/v2\/posts\/227739","targetHints":{"allow":["GET"]}}],"collection":[{"href":"https:\/\/www.europesays.com\/fr\/wp-json\/wp\/v2\/posts"}],"about":[{"href":"https:\/\/www.europesays.com\/fr\/wp-json\/wp\/v2\/types\/post"}],"author":[{"embeddable":true,"href":"https:\/\/www.europesays.com\/fr\/wp-json\/wp\/v2\/users\/2"}],"replies":[{"embeddable":true,"href":"https:\/\/www.europesays.com\/fr\/wp-json\/wp\/v2\/comments?post=227739"}],"version-history":[{"count":0,"href":"https:\/\/www.europesays.com\/fr\/wp-json\/wp\/v2\/posts\/227739\/revisions"}],"wp:featuredmedia":[{"embeddable":true,"href":"https:\/\/www.europesays.com\/fr\/wp-json\/wp\/v2\/media\/227740"}],"wp:attachment":[{"href":"https:\/\/www.europesays.com\/fr\/wp-json\/wp\/v2\/media?parent=227739"}],"wp:term":[{"taxonomy":"category","embeddable":true,"href":"https:\/\/www.europesays.com\/fr\/wp-json\/wp\/v2\/categories?post=227739"},{"taxonomy":"post_tag","embeddable":true,"href":"https:\/\/www.europesays.com\/fr\/wp-json\/wp\/v2\/tags?post=227739"}],"curies":[{"name":"wp","href":"https:\/\/api.w.org\/{rel}","templated":true}]}}